{"id":97793,"date":"2020-06-16T10:02:42","date_gmt":"2020-06-16T13:02:42","guid":{"rendered":"http:\/\/diariotextual.com\/inicio\/?p=97793"},"modified":"2020-06-16T20:49:34","modified_gmt":"2020-06-16T23:49:34","slug":"16-junio-la-masacre-desde-la-pampa-heroe-pampeano","status":"publish","type":"post","link":"https:\/\/diariotextual.com\/inicio\/index.php\/2020\/06\/16\/16-junio-la-masacre-desde-la-pampa-heroe-pampeano\/","title":{"rendered":"16 de junio: la masacre desde La Pampa y el h\u00e9roe pampeano"},"content":{"rendered":"<h3><\/h3>\n<h3>Por Norberto G. Asquini<\/h3>\n<p><!--more--><\/p>\n<p>&nbsp;<\/p>\n<p>Se cumplen<strong> 65 a\u00f1os del bombardeo a Plaza de Mayo el 16 de junio de 1955<\/strong> cuando militares complotados de la Marina y la Fuerza A\u00e9rea lanzaron un ataque a\u00e9reo contra el presidente <strong>Juan Domingo Per\u00f3n<\/strong>. El plan para asesinar al mandatario tuvo como tr\u00e1gico saldo m\u00e1s de <strong>300 muertos, el atentado m\u00e1s sangriento de la historia argentina<\/strong>.<\/p>\n<p>El historiador<strong> Roberto Potash<\/strong> afirma que \u201clos hechos del 16 de junio constituyen un cruento cap\u00edtulo de la historia argentina, ya que armas de guerra, adquiridas con el ostensible prop\u00f3sito de defender a la Naci\u00f3n contra un ataque extranjero, fueron empleadas contra los propios argentinos por miembros de sus Fuerzas Armadas y por civiles armados\u201d. Un ataque irracional contra la poblaci\u00f3n civil, que no ten\u00eda ninguna posibilidad de \u00e9xito, pero que igual fue lanzado.<\/p>\n<p><strong>\u00bfC\u00f3mo se vivieron esos acontecimientos en La Pampa, por entonces Provincia Eva Per\u00f3n? Lejos de Plaza de Mayo, donde una manifestaci\u00f3n en apoyo de Per\u00f3n fue ametrallada y bombardeada, en Santa Rosa se siguieron los pormenores de los sangrientos hechos por radio.<\/strong> El diario La Capital informaba que, como en otros lugares del pa\u00eds, en la capital provincial \u201capenas hecha conocer la convocatoria de la Delegaci\u00f3n local de la CGT a ra\u00edz de los sucesos ingratos, una cantidad extraordinaria de trabajadores se concentr\u00f3 en la sede obrera\u201d. La central sindical decret\u00f3 un paro general de actividades y, a las 15 horas, los movilizados escucharon la palabra del presidente por la radio \u201cy tras aplaudir ruidosamente su mensaje, acataron los consejos del Conductor retir\u00e1ndose a sus respectivos domicilios\u201d, indicaba el diario.<\/p>\n<p>Al d\u00eda siguiente, el 17 de junio, la C\u00e1mara de Representantes de la provincia, en sesi\u00f3n especial,<strong> hizo un homenaje a las v\u00edctimas y al Ej\u00e9rcito por ser el arma que se hab\u00eda mantenido leal al gobierno<\/strong>. Esa jornada fue de<strong> duelo provincial<\/strong>.<\/p>\n<p>Mientras los conspiradores que hab\u00edan bombardeado Plaza de Mayo y la Casa Rosada huyeron a Uruguay, otros fueron arrestados y enjuiciados. Entre los cabecillas estuvo el contralmirante Samuel Toranzo Calder\u00f3n; el ministro de Marina, el contralmirante An\u00edbal Olivieri; y el vicealmirante Benjam\u00edn Gargiulo, y como coordinador el capit\u00e1n de fragata Francisco Manrique. Toranzo Calder\u00f3n fue imputado por el delito de rebeli\u00f3n militar, degradado y condenado a reclusi\u00f3n por tiempo indeterminado. Los otros recibieron penas de algunos a\u00f1os. <strong>Toranzo Calder\u00f3n, Olivieri, Manrique y otros treinta condenados fueron trasladados en tren, esposados y con custodia, hasta la Colonia Penal de Santa Rosa. En esa c\u00e1rcel quedaron alojados hasta que estall\u00f3 la llamada Revoluci\u00f3n Libertadora y fueron liberados como \u201ch\u00e9roes\u201d.<\/strong><\/p>\n<p><img fetchpriority=\"high\" decoding=\"async\" class=\"alignnone wp-image-97796 size-large\" src=\"http:\/\/diariotextual.com\/inicio\/wp-content\/uploads\/2020\/06\/bombardeo55-2-778x1024.jpg\" alt=\"\" width=\"778\" height=\"1024\" srcset=\"https:\/\/diariotextual.com\/inicio\/wp-content\/uploads\/2020\/06\/bombardeo55-2-778x1024.jpg 778w, https:\/\/diariotextual.com\/inicio\/wp-content\/uploads\/2020\/06\/bombardeo55-2-228x300.jpg 228w, https:\/\/diariotextual.com\/inicio\/wp-content\/uploads\/2020\/06\/bombardeo55-2-768x1011.jpg 768w, https:\/\/diariotextual.com\/inicio\/wp-content\/uploads\/2020\/06\/bombardeo55-2-585x770.jpg 585w, https:\/\/diariotextual.com\/inicio\/wp-content\/uploads\/2020\/06\/bombardeo55-2.jpg 1080w\" sizes=\"(max-width: 778px) 100vw, 778px\" \/><\/p>\n<p>D\u00edas despu\u00e9s, el 23 de junio, la diputada Lorenza Mateos de Quiroga, present\u00f3 un proyecto para dar el nombre de <strong>Granadero Mocca<\/strong> a una calle de Santa Rosa, en el c\u00e9ntrico barrio Fitte, el \u201cm\u00e1s moderno de la ciudad\u201d, en homenaje<strong> al pampeano ca\u00eddo en defensa del gobierno popular<\/strong>. La arteria elegida fue la que rodeaba la plazoleta Mitre.<\/p>\n<p><strong>El soldado Heber Orlando Mocca, de 21 a\u00f1os, fue uno de los nueve granaderos -cuerpo militar escolta del presidente- que hab\u00eda ca\u00eddo defendiendo a Per\u00f3n durante los combates cerca de la Casa Rosada.<\/strong><\/p>\n<p>Los granaderos llegaban en colectivo a la Casa de Gobierno por Paseo Col\u00f3n cuando fueron alcanzados por las balas de las ametralladoras de los infantes de Marina que iban a atacar por tierra.<\/p>\n<p><strong>Mocca recibi\u00f3 un disparo en el t\u00f3rax<\/strong>. Otro granadero tambi\u00e9n pampeano recibi\u00f3 tres disparos ese d\u00eda. Fue<strong> Horacio A. Herr\u00e9n<\/strong>, indican las cr\u00f3nicas.<\/p>\n<p>\u201cSe ha incorporado al martirologio de nuestra provincia, sacrificando su vida al servicio de la patria, de su bandera y de la doctrina nacional, que es esencia del peronismo\u201d, indicaba la diputada.<\/p>\n<p>Luego del golpe de septiembre contra Per\u00f3n<strong>, una de las primeras medidas que se tomaron fue sacarle ese nombre a la calle<\/strong>. Actualmente,<strong> otra arteria sobre el barrio Villa Alonso lleva el nombre del h\u00e9roe pampeano<\/strong> de esa tr\u00e1gica jornada.<\/p>\n<p>&nbsp;<\/p>\n","protected":false},"excerpt":{"rendered":"<p>Por Norberto G. Asquini<\/p>\n","protected":false},"author":3,"featured_media":97795,"comment_status":"closed","ping_status":"open","sticky":false,"template":"","format":"standard","meta":{"_acf_changed":false,"footnotes":""},"categories":[319,8],"tags":[3237,3236,3238],"class_list":["post-97793","post","type-post","status-publish","format-standard","has-post-thumbnail","hentry","category-a-temporales","category-politica","tag-bombardeo","tag-mocca","tag-peron"],"acf":[],"yoast_head":"<!-- This site is optimized with the Yoast SEO plugin v27.5 - https:\/\/yoast.com\/product\/yoast-seo-wordpress\/ -->\n<title>16 de junio: la masacre desde La Pampa y el h\u00e9roe pampeano - Diario Textual<\/title>\n<meta name=\"robots\" content=\"index, follow, max-snippet:-1, max-image-preview:large, max-video-preview:-1\" \/>\n<link rel=\"canonical\" href=\"https:\/\/diariotextual.com\/inicio\/index.php\/2020\/06\/16\/16-junio-la-masacre-desde-la-pampa-heroe-pampeano\/\" \/>\n<meta property=\"og:locale\" content=\"es_ES\" \/>\n<meta property=\"og:type\" content=\"article\" \/>\n<meta property=\"og:title\" content=\"16 de junio: la masacre desde La Pampa y el h\u00e9roe pampeano - Diario Textual\" \/>\n<meta property=\"og:description\" content=\"Por Norberto G. Asquini\" \/>\n<meta property=\"og:url\" content=\"https:\/\/diariotextual.com\/inicio\/index.php\/2020\/06\/16\/16-junio-la-masacre-desde-la-pampa-heroe-pampeano\/\" \/>\n<meta property=\"og:site_name\" content=\"Diario Textual\" \/>\n<meta property=\"article:publisher\" content=\"https:\/\/www.facebook.com\/eltextual\" \/>\n<meta property=\"article:published_time\" content=\"2020-06-16T13:02:42+00:00\" \/>\n<meta property=\"article:modified_time\" content=\"2020-06-16T23:49:34+00:00\" \/>\n<meta property=\"og:image\" content=\"https:\/\/diariotextual.com\/inicio\/wp-content\/uploads\/2020\/06\/bombardeo55-1.jpg\" \/>\n\t<meta property=\"og:image:width\" content=\"1200\" \/>\n\t<meta property=\"og:image:height\" content=\"675\" \/>\n\t<meta property=\"og:image:type\" content=\"image\/jpeg\" \/>\n<meta name=\"author\" content=\"Diario1 Diario1\" \/>\n<meta name=\"twitter:card\" content=\"summary_large_image\" \/>\n<meta name=\"twitter:creator\" content=\"@eltextual\" \/>\n<meta name=\"twitter:site\" content=\"@eltextual\" \/>\n<meta name=\"twitter:label1\" content=\"Escrito por\" \/>\n\t<meta name=\"twitter:data1\" content=\"Diario1 Diario1\" \/>\n\t<meta name=\"twitter:label2\" content=\"Tiempo de lectura\" \/>\n\t<meta name=\"twitter:data2\" content=\"3 minutos\" \/>\n<script type=\"application\/ld+json\" class=\"yoast-schema-graph\">{\"@context\":\"https:\\\/\\\/schema.org\",\"@graph\":[{\"@type\":\"Article\",\"@id\":\"https:\\\/\\\/diariotextual.com\\\/inicio\\\/index.php\\\/2020\\\/06\\\/16\\\/16-junio-la-masacre-desde-la-pampa-heroe-pampeano\\\/#article\",\"isPartOf\":{\"@id\":\"https:\\\/\\\/diariotextual.com\\\/inicio\\\/index.php\\\/2020\\\/06\\\/16\\\/16-junio-la-masacre-desde-la-pampa-heroe-pampeano\\\/\"},\"author\":{\"name\":\"Diario1 Diario1\",\"@id\":\"https:\\\/\\\/diariotextual.com\\\/inicio\\\/#\\\/schema\\\/person\\\/418fc4093c33e86ed41562db3508f958\"},\"headline\":\"16 de junio: la masacre desde La Pampa y el h\u00e9roe pampeano\",\"datePublished\":\"2020-06-16T13:02:42+00:00\",\"dateModified\":\"2020-06-16T23:49:34+00:00\",\"mainEntityOfPage\":{\"@id\":\"https:\\\/\\\/diariotextual.com\\\/inicio\\\/index.php\\\/2020\\\/06\\\/16\\\/16-junio-la-masacre-desde-la-pampa-heroe-pampeano\\\/\"},\"wordCount\":708,\"publisher\":{\"@id\":\"https:\\\/\\\/diariotextual.com\\\/inicio\\\/#organization\"},\"image\":{\"@id\":\"https:\\\/\\\/diariotextual.com\\\/inicio\\\/index.php\\\/2020\\\/06\\\/16\\\/16-junio-la-masacre-desde-la-pampa-heroe-pampeano\\\/#primaryimage\"},\"thumbnailUrl\":\"https:\\\/\\\/diariotextual.com\\\/inicio\\\/wp-content\\\/uploads\\\/2020\\\/06\\\/bombardeo55-1.jpg\",\"keywords\":[\"bombardeo\",\"mocca\",\"peron\"],\"articleSection\":[\"A - TEMPORALES\",\"POLITICA\"],\"inLanguage\":\"es\"},{\"@type\":\"WebPage\",\"@id\":\"https:\\\/\\\/diariotextual.com\\\/inicio\\\/index.php\\\/2020\\\/06\\\/16\\\/16-junio-la-masacre-desde-la-pampa-heroe-pampeano\\\/\",\"url\":\"https:\\\/\\\/diariotextual.com\\\/inicio\\\/index.php\\\/2020\\\/06\\\/16\\\/16-junio-la-masacre-desde-la-pampa-heroe-pampeano\\\/\",\"name\":\"16 de junio: la masacre desde La Pampa y el h\u00e9roe pampeano - Diario Textual\",\"isPartOf\":{\"@id\":\"https:\\\/\\\/diariotextual.com\\\/inicio\\\/#website\"},\"primaryImageOfPage\":{\"@id\":\"https:\\\/\\\/diariotextual.com\\\/inicio\\\/index.php\\\/2020\\\/06\\\/16\\\/16-junio-la-masacre-desde-la-pampa-heroe-pampeano\\\/#primaryimage\"},\"image\":{\"@id\":\"https:\\\/\\\/diariotextual.com\\\/inicio\\\/index.php\\\/2020\\\/06\\\/16\\\/16-junio-la-masacre-desde-la-pampa-heroe-pampeano\\\/#primaryimage\"},\"thumbnailUrl\":\"https:\\\/\\\/diariotextual.com\\\/inicio\\\/wp-content\\\/uploads\\\/2020\\\/06\\\/bombardeo55-1.jpg\",\"datePublished\":\"2020-06-16T13:02:42+00:00\",\"dateModified\":\"2020-06-16T23:49:34+00:00\",\"breadcrumb\":{\"@id\":\"https:\\\/\\\/diariotextual.com\\\/inicio\\\/index.php\\\/2020\\\/06\\\/16\\\/16-junio-la-masacre-desde-la-pampa-heroe-pampeano\\\/#breadcrumb\"},\"inLanguage\":\"es\",\"potentialAction\":[{\"@type\":\"ReadAction\",\"target\":[\"https:\\\/\\\/diariotextual.com\\\/inicio\\\/index.php\\\/2020\\\/06\\\/16\\\/16-junio-la-masacre-desde-la-pampa-heroe-pampeano\\\/\"]}]},{\"@type\":\"ImageObject\",\"inLanguage\":\"es\",\"@id\":\"https:\\\/\\\/diariotextual.com\\\/inicio\\\/index.php\\\/2020\\\/06\\\/16\\\/16-junio-la-masacre-desde-la-pampa-heroe-pampeano\\\/#primaryimage\",\"url\":\"https:\\\/\\\/diariotextual.com\\\/inicio\\\/wp-content\\\/uploads\\\/2020\\\/06\\\/bombardeo55-1.jpg\",\"contentUrl\":\"https:\\\/\\\/diariotextual.com\\\/inicio\\\/wp-content\\\/uploads\\\/2020\\\/06\\\/bombardeo55-1.jpg\",\"width\":1200,\"height\":675},{\"@type\":\"BreadcrumbList\",\"@id\":\"https:\\\/\\\/diariotextual.com\\\/inicio\\\/index.php\\\/2020\\\/06\\\/16\\\/16-junio-la-masacre-desde-la-pampa-heroe-pampeano\\\/#breadcrumb\",\"itemListElement\":[{\"@type\":\"ListItem\",\"position\":1,\"name\":\"Portada\",\"item\":\"https:\\\/\\\/diariotextual.com\\\/inicio\\\/\"},{\"@type\":\"ListItem\",\"position\":2,\"name\":\"16 de junio: la masacre desde La Pampa y el h\u00e9roe pampeano\"}]},{\"@type\":\"WebSite\",\"@id\":\"https:\\\/\\\/diariotextual.com\\\/inicio\\\/#website\",\"url\":\"https:\\\/\\\/diariotextual.com\\\/inicio\\\/\",\"name\":\"Diario Textual\",\"description\":\"\",\"publisher\":{\"@id\":\"https:\\\/\\\/diariotextual.com\\\/inicio\\\/#organization\"},\"potentialAction\":[{\"@type\":\"SearchAction\",\"target\":{\"@type\":\"EntryPoint\",\"urlTemplate\":\"https:\\\/\\\/diariotextual.com\\\/inicio\\\/?s={search_term_string}\"},\"query-input\":{\"@type\":\"PropertyValueSpecification\",\"valueRequired\":true,\"valueName\":\"search_term_string\"}}],\"inLanguage\":\"es\"},{\"@type\":\"Organization\",\"@id\":\"https:\\\/\\\/diariotextual.com\\\/inicio\\\/#organization\",\"name\":\"Diario Textual\",\"url\":\"https:\\\/\\\/diariotextual.com\\\/inicio\\\/\",\"logo\":{\"@type\":\"ImageObject\",\"inLanguage\":\"es\",\"@id\":\"https:\\\/\\\/diariotextual.com\\\/inicio\\\/#\\\/schema\\\/logo\\\/image\\\/\",\"url\":\"https:\\\/\\\/diariotextual.com\\\/inicio\\\/wp-content\\\/uploads\\\/2023\\\/05\\\/logotextual1.jpg\",\"contentUrl\":\"https:\\\/\\\/diariotextual.com\\\/inicio\\\/wp-content\\\/uploads\\\/2023\\\/05\\\/logotextual1.jpg\",\"width\":516,\"height\":76,\"caption\":\"Diario Textual\"},\"image\":{\"@id\":\"https:\\\/\\\/diariotextual.com\\\/inicio\\\/#\\\/schema\\\/logo\\\/image\\\/\"},\"sameAs\":[\"https:\\\/\\\/www.facebook.com\\\/eltextual\",\"https:\\\/\\\/x.com\\\/eltextual\",\"http:\\\/\\\/www.instagram.com\\\/eltextual\"]},{\"@type\":\"Person\",\"@id\":\"https:\\\/\\\/diariotextual.com\\\/inicio\\\/#\\\/schema\\\/person\\\/418fc4093c33e86ed41562db3508f958\",\"name\":\"Diario1 Diario1\",\"image\":{\"@type\":\"ImageObject\",\"inLanguage\":\"es\",\"@id\":\"https:\\\/\\\/secure.gravatar.com\\\/avatar\\\/9167d280179c85bc18be67aa7eda765854300033af4896dd779b608640f2ef7a?s=96&d=mm&r=g\",\"url\":\"https:\\\/\\\/secure.gravatar.com\\\/avatar\\\/9167d280179c85bc18be67aa7eda765854300033af4896dd779b608640f2ef7a?s=96&d=mm&r=g\",\"contentUrl\":\"https:\\\/\\\/secure.gravatar.com\\\/avatar\\\/9167d280179c85bc18be67aa7eda765854300033af4896dd779b608640f2ef7a?s=96&d=mm&r=g\",\"caption\":\"Diario1 Diario1\"},\"url\":\"https:\\\/\\\/diariotextual.com\\\/inicio\\\/index.php\\\/author\\\/diario1\\\/\"}]}<\/script>\n<!-- \/ Yoast SEO plugin. -->","yoast_head_json":{"title":"16 de junio: la masacre desde La Pampa y el h\u00e9roe pampeano - Diario Textual","robots":{"index":"index","follow":"follow","max-snippet":"max-snippet:-1","max-image-preview":"max-image-preview:large","max-video-preview":"max-video-preview:-1"},"canonical":"https:\/\/diariotextual.com\/inicio\/index.php\/2020\/06\/16\/16-junio-la-masacre-desde-la-pampa-heroe-pampeano\/","og_locale":"es_ES","og_type":"article","og_title":"16 de junio: la masacre desde La Pampa y el h\u00e9roe pampeano - Diario Textual","og_description":"Por Norberto G. Asquini","og_url":"https:\/\/diariotextual.com\/inicio\/index.php\/2020\/06\/16\/16-junio-la-masacre-desde-la-pampa-heroe-pampeano\/","og_site_name":"Diario Textual","article_publisher":"https:\/\/www.facebook.com\/eltextual","article_published_time":"2020-06-16T13:02:42+00:00","article_modified_time":"2020-06-16T23:49:34+00:00","og_image":[{"width":1200,"height":675,"url":"https:\/\/diariotextual.com\/inicio\/wp-content\/uploads\/2020\/06\/bombardeo55-1.jpg","type":"image\/jpeg"}],"author":"Diario1 Diario1","twitter_card":"summary_large_image","twitter_creator":"@eltextual","twitter_site":"@eltextual","twitter_misc":{"Escrito por":"Diario1 Diario1","Tiempo de lectura":"3 minutos"},"schema":{"@context":"https:\/\/schema.org","@graph":[{"@type":"Article","@id":"https:\/\/diariotextual.com\/inicio\/index.php\/2020\/06\/16\/16-junio-la-masacre-desde-la-pampa-heroe-pampeano\/#article","isPartOf":{"@id":"https:\/\/diariotextual.com\/inicio\/index.php\/2020\/06\/16\/16-junio-la-masacre-desde-la-pampa-heroe-pampeano\/"},"author":{"name":"Diario1 Diario1","@id":"https:\/\/diariotextual.com\/inicio\/#\/schema\/person\/418fc4093c33e86ed41562db3508f958"},"headline":"16 de junio: la masacre desde La Pampa y el h\u00e9roe pampeano","datePublished":"2020-06-16T13:02:42+00:00","dateModified":"2020-06-16T23:49:34+00:00","mainEntityOfPage":{"@id":"https:\/\/diariotextual.com\/inicio\/index.php\/2020\/06\/16\/16-junio-la-masacre-desde-la-pampa-heroe-pampeano\/"},"wordCount":708,"publisher":{"@id":"https:\/\/diariotextual.com\/inicio\/#organization"},"image":{"@id":"https:\/\/diariotextual.com\/inicio\/index.php\/2020\/06\/16\/16-junio-la-masacre-desde-la-pampa-heroe-pampeano\/#primaryimage"},"thumbnailUrl":"https:\/\/diariotextual.com\/inicio\/wp-content\/uploads\/2020\/06\/bombardeo55-1.jpg","keywords":["bombardeo","mocca","peron"],"articleSection":["A - TEMPORALES","POLITICA"],"inLanguage":"es"},{"@type":"WebPage","@id":"https:\/\/diariotextual.com\/inicio\/index.php\/2020\/06\/16\/16-junio-la-masacre-desde-la-pampa-heroe-pampeano\/","url":"https:\/\/diariotextual.com\/inicio\/index.php\/2020\/06\/16\/16-junio-la-masacre-desde-la-pampa-heroe-pampeano\/","name":"16 de junio: la masacre desde La Pampa y el h\u00e9roe pampeano - Diario Textual","isPartOf":{"@id":"https:\/\/diariotextual.com\/inicio\/#website"},"primaryImageOfPage":{"@id":"https:\/\/diariotextual.com\/inicio\/index.php\/2020\/06\/16\/16-junio-la-masacre-desde-la-pampa-heroe-pampeano\/#primaryimage"},"image":{"@id":"https:\/\/diariotextual.com\/inicio\/index.php\/2020\/06\/16\/16-junio-la-masacre-desde-la-pampa-heroe-pampeano\/#primaryimage"},"thumbnailUrl":"https:\/\/diariotextual.com\/inicio\/wp-content\/uploads\/2020\/06\/bombardeo55-1.jpg","datePublished":"2020-06-16T13:02:42+00:00","dateModified":"2020-06-16T23:49:34+00:00","breadcrumb":{"@id":"https:\/\/diariotextual.com\/inicio\/index.php\/2020\/06\/16\/16-junio-la-masacre-desde-la-pampa-heroe-pampeano\/#breadcrumb"},"inLanguage":"es","potentialAction":[{"@type":"ReadAction","target":["https:\/\/diariotextual.com\/inicio\/index.php\/2020\/06\/16\/16-junio-la-masacre-desde-la-pampa-heroe-pampeano\/"]}]},{"@type":"ImageObject","inLanguage":"es","@id":"https:\/\/diariotextual.com\/inicio\/index.php\/2020\/06\/16\/16-junio-la-masacre-desde-la-pampa-heroe-pampeano\/#primaryimage","url":"https:\/\/diariotextual.com\/inicio\/wp-content\/uploads\/2020\/06\/bombardeo55-1.jpg","contentUrl":"https:\/\/diariotextual.com\/inicio\/wp-content\/uploads\/2020\/06\/bombardeo55-1.jpg","width":1200,"height":675},{"@type":"BreadcrumbList","@id":"https:\/\/diariotextual.com\/inicio\/index.php\/2020\/06\/16\/16-junio-la-masacre-desde-la-pampa-heroe-pampeano\/#breadcrumb","itemListElement":[{"@type":"ListItem","position":1,"name":"Portada","item":"https:\/\/diariotextual.com\/inicio\/"},{"@type":"ListItem","position":2,"name":"16 de junio: la masacre desde La Pampa y el h\u00e9roe pampeano"}]},{"@type":"WebSite","@id":"https:\/\/diariotextual.com\/inicio\/#website","url":"https:\/\/diariotextual.com\/inicio\/","name":"Diario Textual","description":"","publisher":{"@id":"https:\/\/diariotextual.com\/inicio\/#organization"},"potentialAction":[{"@type":"SearchAction","target":{"@type":"EntryPoint","urlTemplate":"https:\/\/diariotextual.com\/inicio\/?s={search_term_string}"},"query-input":{"@type":"PropertyValueSpecification","valueRequired":true,"valueName":"search_term_string"}}],"inLanguage":"es"},{"@type":"Organization","@id":"https:\/\/diariotextual.com\/inicio\/#organization","name":"Diario Textual","url":"https:\/\/diariotextual.com\/inicio\/","logo":{"@type":"ImageObject","inLanguage":"es","@id":"https:\/\/diariotextual.com\/inicio\/#\/schema\/logo\/image\/","url":"https:\/\/diariotextual.com\/inicio\/wp-content\/uploads\/2023\/05\/logotextual1.jpg","contentUrl":"https:\/\/diariotextual.com\/inicio\/wp-content\/uploads\/2023\/05\/logotextual1.jpg","width":516,"height":76,"caption":"Diario Textual"},"image":{"@id":"https:\/\/diariotextual.com\/inicio\/#\/schema\/logo\/image\/"},"sameAs":["https:\/\/www.facebook.com\/eltextual","https:\/\/x.com\/eltextual","http:\/\/www.instagram.com\/eltextual"]},{"@type":"Person","@id":"https:\/\/diariotextual.com\/inicio\/#\/schema\/person\/418fc4093c33e86ed41562db3508f958","name":"Diario1 Diario1","image":{"@type":"ImageObject","inLanguage":"es","@id":"https:\/\/secure.gravatar.com\/avatar\/9167d280179c85bc18be67aa7eda765854300033af4896dd779b608640f2ef7a?s=96&d=mm&r=g","url":"https:\/\/secure.gravatar.com\/avatar\/9167d280179c85bc18be67aa7eda765854300033af4896dd779b608640f2ef7a?s=96&d=mm&r=g","contentUrl":"https:\/\/secure.gravatar.com\/avatar\/9167d280179c85bc18be67aa7eda765854300033af4896dd779b608640f2ef7a?s=96&d=mm&r=g","caption":"Diario1 Diario1"},"url":"https:\/\/diariotextual.com\/inicio\/index.php\/author\/diario1\/"}]}},"_links":{"self":[{"href":"https:\/\/diariotextual.com\/inicio\/index.php\/wp-json\/wp\/v2\/posts\/97793","targetHints":{"allow":["GET"]}}],"collection":[{"href":"https:\/\/diariotextual.com\/inicio\/index.php\/wp-json\/wp\/v2\/posts"}],"about":[{"href":"https:\/\/diariotextual.com\/inicio\/index.php\/wp-json\/wp\/v2\/types\/post"}],"author":[{"embeddable":true,"href":"https:\/\/diariotextual.com\/inicio\/index.php\/wp-json\/wp\/v2\/users\/3"}],"replies":[{"embeddable":true,"href":"https:\/\/diariotextual.com\/inicio\/index.php\/wp-json\/wp\/v2\/comments?post=97793"}],"version-history":[{"count":4,"href":"https:\/\/diariotextual.com\/inicio\/index.php\/wp-json\/wp\/v2\/posts\/97793\/revisions"}],"predecessor-version":[{"id":97800,"href":"https:\/\/diariotextual.com\/inicio\/index.php\/wp-json\/wp\/v2\/posts\/97793\/revisions\/97800"}],"wp:featuredmedia":[{"embeddable":true,"href":"https:\/\/diariotextual.com\/inicio\/index.php\/wp-json\/wp\/v2\/media\/97795"}],"wp:attachment":[{"href":"https:\/\/diariotextual.com\/inicio\/index.php\/wp-json\/wp\/v2\/media?parent=97793"}],"wp:term":[{"taxonomy":"category","embeddable":true,"href":"https:\/\/diariotextual.com\/inicio\/index.php\/wp-json\/wp\/v2\/categories?post=97793"},{"taxonomy":"post_tag","embeddable":true,"href":"https:\/\/diariotextual.com\/inicio\/index.php\/wp-json\/wp\/v2\/tags?post=97793"}],"curies":[{"name":"wp","href":"https:\/\/api.w.org\/{rel}","templated":true}]}}