{"id":97999,"date":"2020-06-17T14:15:54","date_gmt":"2020-06-17T17:15:54","guid":{"rendered":"http:\/\/diariotextual.com\/inicio\/?p=97999"},"modified":"2020-06-17T15:53:08","modified_gmt":"2020-06-17T18:53:08","slug":"latam-deja-volar-argentina-unos-1-700-trabajadores-seran-despedidos","status":"publish","type":"post","link":"https:\/\/diariotextual.com\/inicio\/index.php\/2020\/06\/17\/latam-deja-volar-argentina-unos-1-700-trabajadores-seran-despedidos\/","title":{"rendered":"Latam deja de volar en Argentina: unos 1.700 trabajadores ser\u00e1n despedidos"},"content":{"rendered":"<p>La aerol\u00ednea Latam anunci\u00f3 que deja el pa\u00eds y abandonar\u00e1 por completo su operaci\u00f3n de vuelos de cabotaje. La empresa\u00a0pidi\u00f3 al Ministerio de Trabajo la apertura de un procedimiento preventivo de crisis, con el cual dar\u00e1 inicio al proceso de desvinculaciones laborales.\u00a0<strong>Unas personas 1.715 quedar\u00e1n desempleados.<\/strong><\/p>\n<p>\u00abLatam Airlines Argentina dejar\u00e1 de volar desde y hacia 12 destinos dom\u00e9sticos (Buenos Aires, Iguaz\u00fa, Bariloche, Salta, Tucum\u00e1n, Mendoza, C\u00f3rdoba, Neuqu\u00e9n, Comodoro Rivadavia, R\u00edo Gallegos, El Calafate y Ushuaia). Mientras que los cuatro destinos internacionales de la filial a Estados Unidos, Brasil, Chile y Per\u00fa continuar\u00e1n siendo operados por las otras filiales del grupo, una vez que se levanten las restricciones dictadas por las autoridades en el marco de la emergencia sanitaria. Asimismo, las rutas internacionales de carga de la filial argentina ser\u00e1n servidas por las otras filiales del grupo\u00bb, sostuvo el Grupo a trav\u00e9s de un comunicado.<\/p>\n<p><strong>Los vuelos internacionales de Latam seguir\u00e1n operando<\/strong>,\u00a0tanto desde Ezeiza como desde Aeroparque, y los aproximadamente 500 empleados que trabajan en este tipo de operaciones no ser\u00e1n desvinculados.\u00a0Tampoco ser\u00e1 alterado el programa de millaje de la compa\u00f1\u00eda, con cinco millones de usuarios s\u00f3lo en la Argentina, aseguraron a este diario fuentes del sector.<\/p>\n<p>La empresa inform\u00f3 adem\u00e1s que los\u00a0pasajeros que tienen comprados vuelos dom\u00e9sticos\u00a0se les ofrecer\u00e1 un men\u00fa que incluye desde la devoluci\u00f3n del pasaje hasta la conversi\u00f3n del mismo en millas.<\/p>\n","protected":false},"excerpt":{"rendered":"<p>La aerol\u00ednea Latam anunci\u00f3 que deja el pa\u00eds y abandonar\u00e1 por completo su operaci\u00f3n de vuelos de cabotaje. La empresa\u00a0pidi\u00f3 al Ministerio de Trabajo la apertura de un procedimiento preventivo&hellip;<\/p>\n","protected":false},"author":4,"featured_media":98000,"comment_status":"closed","ping_status":"open","sticky":false,"template":"","format":"standard","meta":{"_acf_changed":false,"footnotes":""},"categories":[11,5],"tags":[3245,3244],"class_list":["post-97999","post","type-post","status-publish","format-standard","has-post-thumbnail","hentry","category-que-pasa","category-economia","tag-aerolinea","tag-latam"],"acf":[],"yoast_head":"<!-- This site is optimized with the Yoast SEO plugin v27.5 - https:\/\/yoast.com\/product\/yoast-seo-wordpress\/ -->\n<title>Latam deja de volar en Argentina: unos 1.700 trabajadores ser\u00e1n despedidos - Diario Textual<\/title>\n<meta name=\"robots\" content=\"index, follow, max-snippet:-1, max-image-preview:large, max-video-preview:-1\" \/>\n<link rel=\"canonical\" href=\"https:\/\/diariotextual.com\/inicio\/index.php\/2020\/06\/17\/latam-deja-volar-argentina-unos-1-700-trabajadores-seran-despedidos\/\" \/>\n<meta property=\"og:locale\" content=\"es_ES\" \/>\n<meta property=\"og:type\" content=\"article\" \/>\n<meta property=\"og:title\" content=\"Latam deja de volar en Argentina: unos 1.700 trabajadores ser\u00e1n despedidos - Diario Textual\" \/>\n<meta property=\"og:description\" content=\"La aerol\u00ednea Latam anunci\u00f3 que deja el pa\u00eds y abandonar\u00e1 por completo su operaci\u00f3n de vuelos de cabotaje. La empresa\u00a0pidi\u00f3 al Ministerio de Trabajo la apertura de un procedimiento preventivo&hellip;\" \/>\n<meta property=\"og:url\" content=\"https:\/\/diariotextual.com\/inicio\/index.php\/2020\/06\/17\/latam-deja-volar-argentina-unos-1-700-trabajadores-seran-despedidos\/\" \/>\n<meta property=\"og:site_name\" content=\"Diario Textual\" \/>\n<meta property=\"article:publisher\" content=\"https:\/\/www.facebook.com\/eltextual\" \/>\n<meta property=\"article:published_time\" content=\"2020-06-17T17:15:54+00:00\" \/>\n<meta property=\"article:modified_time\" content=\"2020-06-17T18:53:08+00:00\" \/>\n<meta property=\"og:image\" content=\"https:\/\/diariotextual.com\/inicio\/wp-content\/uploads\/2020\/06\/latam34444.jpg\" \/>\n\t<meta property=\"og:image:width\" content=\"904\" \/>\n\t<meta property=\"og:image:height\" content=\"509\" \/>\n\t<meta property=\"og:image:type\" content=\"image\/jpeg\" \/>\n<meta name=\"author\" content=\"diario2\" \/>\n<meta name=\"twitter:card\" content=\"summary_large_image\" \/>\n<meta name=\"twitter:creator\" content=\"@eltextual\" \/>\n<meta name=\"twitter:site\" content=\"@eltextual\" \/>\n<meta name=\"twitter:label1\" content=\"Escrito por\" \/>\n\t<meta name=\"twitter:data1\" content=\"diario2\" \/>\n\t<meta name=\"twitter:label2\" content=\"Tiempo de lectura\" \/>\n\t<meta name=\"twitter:data2\" content=\"1 minuto\" \/>\n<script type=\"application\/ld+json\" class=\"yoast-schema-graph\">{\"@context\":\"https:\\\/\\\/schema.org\",\"@graph\":[{\"@type\":\"Article\",\"@id\":\"https:\\\/\\\/diariotextual.com\\\/inicio\\\/index.php\\\/2020\\\/06\\\/17\\\/latam-deja-volar-argentina-unos-1-700-trabajadores-seran-despedidos\\\/#article\",\"isPartOf\":{\"@id\":\"https:\\\/\\\/diariotextual.com\\\/inicio\\\/index.php\\\/2020\\\/06\\\/17\\\/latam-deja-volar-argentina-unos-1-700-trabajadores-seran-despedidos\\\/\"},\"author\":{\"name\":\"diario2\",\"@id\":\"https:\\\/\\\/diariotextual.com\\\/inicio\\\/#\\\/schema\\\/person\\\/694f60677f23c4a530867a98f22b3768\"},\"headline\":\"Latam deja de volar en Argentina: unos 1.700 trabajadores ser\u00e1n despedidos\",\"datePublished\":\"2020-06-17T17:15:54+00:00\",\"dateModified\":\"2020-06-17T18:53:08+00:00\",\"mainEntityOfPage\":{\"@id\":\"https:\\\/\\\/diariotextual.com\\\/inicio\\\/index.php\\\/2020\\\/06\\\/17\\\/latam-deja-volar-argentina-unos-1-700-trabajadores-seran-despedidos\\\/\"},\"wordCount\":259,\"publisher\":{\"@id\":\"https:\\\/\\\/diariotextual.com\\\/inicio\\\/#organization\"},\"image\":{\"@id\":\"https:\\\/\\\/diariotextual.com\\\/inicio\\\/index.php\\\/2020\\\/06\\\/17\\\/latam-deja-volar-argentina-unos-1-700-trabajadores-seran-despedidos\\\/#primaryimage\"},\"thumbnailUrl\":\"https:\\\/\\\/diariotextual.com\\\/inicio\\\/wp-content\\\/uploads\\\/2020\\\/06\\\/latam34444.jpg\",\"keywords\":[\"aerolinea\",\"latam\"],\"articleSection\":[\"A - QUE PASA (al costado)\",\"ECONOMIA\"],\"inLanguage\":\"es\"},{\"@type\":\"WebPage\",\"@id\":\"https:\\\/\\\/diariotextual.com\\\/inicio\\\/index.php\\\/2020\\\/06\\\/17\\\/latam-deja-volar-argentina-unos-1-700-trabajadores-seran-despedidos\\\/\",\"url\":\"https:\\\/\\\/diariotextual.com\\\/inicio\\\/index.php\\\/2020\\\/06\\\/17\\\/latam-deja-volar-argentina-unos-1-700-trabajadores-seran-despedidos\\\/\",\"name\":\"Latam deja de volar en Argentina: unos 1.700 trabajadores ser\u00e1n despedidos - Diario Textual\",\"isPartOf\":{\"@id\":\"https:\\\/\\\/diariotextual.com\\\/inicio\\\/#website\"},\"primaryImageOfPage\":{\"@id\":\"https:\\\/\\\/diariotextual.com\\\/inicio\\\/index.php\\\/2020\\\/06\\\/17\\\/latam-deja-volar-argentina-unos-1-700-trabajadores-seran-despedidos\\\/#primaryimage\"},\"image\":{\"@id\":\"https:\\\/\\\/diariotextual.com\\\/inicio\\\/index.php\\\/2020\\\/06\\\/17\\\/latam-deja-volar-argentina-unos-1-700-trabajadores-seran-despedidos\\\/#primaryimage\"},\"thumbnailUrl\":\"https:\\\/\\\/diariotextual.com\\\/inicio\\\/wp-content\\\/uploads\\\/2020\\\/06\\\/latam34444.jpg\",\"datePublished\":\"2020-06-17T17:15:54+00:00\",\"dateModified\":\"2020-06-17T18:53:08+00:00\",\"breadcrumb\":{\"@id\":\"https:\\\/\\\/diariotextual.com\\\/inicio\\\/index.php\\\/2020\\\/06\\\/17\\\/latam-deja-volar-argentina-unos-1-700-trabajadores-seran-despedidos\\\/#breadcrumb\"},\"inLanguage\":\"es\",\"potentialAction\":[{\"@type\":\"ReadAction\",\"target\":[\"https:\\\/\\\/diariotextual.com\\\/inicio\\\/index.php\\\/2020\\\/06\\\/17\\\/latam-deja-volar-argentina-unos-1-700-trabajadores-seran-despedidos\\\/\"]}]},{\"@type\":\"ImageObject\",\"inLanguage\":\"es\",\"@id\":\"https:\\\/\\\/diariotextual.com\\\/inicio\\\/index.php\\\/2020\\\/06\\\/17\\\/latam-deja-volar-argentina-unos-1-700-trabajadores-seran-despedidos\\\/#primaryimage\",\"url\":\"https:\\\/\\\/diariotextual.com\\\/inicio\\\/wp-content\\\/uploads\\\/2020\\\/06\\\/latam34444.jpg\",\"contentUrl\":\"https:\\\/\\\/diariotextual.com\\\/inicio\\\/wp-content\\\/uploads\\\/2020\\\/06\\\/latam34444.jpg\",\"width\":904,\"height\":509},{\"@type\":\"BreadcrumbList\",\"@id\":\"https:\\\/\\\/diariotextual.com\\\/inicio\\\/index.php\\\/2020\\\/06\\\/17\\\/latam-deja-volar-argentina-unos-1-700-trabajadores-seran-despedidos\\\/#breadcrumb\",\"itemListElement\":[{\"@type\":\"ListItem\",\"position\":1,\"name\":\"Portada\",\"item\":\"https:\\\/\\\/diariotextual.com\\\/inicio\\\/\"},{\"@type\":\"ListItem\",\"position\":2,\"name\":\"Latam deja de volar en Argentina: unos 1.700 trabajadores ser\u00e1n despedidos\"}]},{\"@type\":\"WebSite\",\"@id\":\"https:\\\/\\\/diariotextual.com\\\/inicio\\\/#website\",\"url\":\"https:\\\/\\\/diariotextual.com\\\/inicio\\\/\",\"name\":\"Diario Textual\",\"description\":\"\",\"publisher\":{\"@id\":\"https:\\\/\\\/diariotextual.com\\\/inicio\\\/#organization\"},\"potentialAction\":[{\"@type\":\"SearchAction\",\"target\":{\"@type\":\"EntryPoint\",\"urlTemplate\":\"https:\\\/\\\/diariotextual.com\\\/inicio\\\/?s={search_term_string}\"},\"query-input\":{\"@type\":\"PropertyValueSpecification\",\"valueRequired\":true,\"valueName\":\"search_term_string\"}}],\"inLanguage\":\"es\"},{\"@type\":\"Organization\",\"@id\":\"https:\\\/\\\/diariotextual.com\\\/inicio\\\/#organization\",\"name\":\"Diario Textual\",\"url\":\"https:\\\/\\\/diariotextual.com\\\/inicio\\\/\",\"logo\":{\"@type\":\"ImageObject\",\"inLanguage\":\"es\",\"@id\":\"https:\\\/\\\/diariotextual.com\\\/inicio\\\/#\\\/schema\\\/logo\\\/image\\\/\",\"url\":\"https:\\\/\\\/diariotextual.com\\\/inicio\\\/wp-content\\\/uploads\\\/2023\\\/05\\\/logotextual1.jpg\",\"contentUrl\":\"https:\\\/\\\/diariotextual.com\\\/inicio\\\/wp-content\\\/uploads\\\/2023\\\/05\\\/logotextual1.jpg\",\"width\":516,\"height\":76,\"caption\":\"Diario Textual\"},\"image\":{\"@id\":\"https:\\\/\\\/diariotextual.com\\\/inicio\\\/#\\\/schema\\\/logo\\\/image\\\/\"},\"sameAs\":[\"https:\\\/\\\/www.facebook.com\\\/eltextual\",\"https:\\\/\\\/x.com\\\/eltextual\",\"http:\\\/\\\/www.instagram.com\\\/eltextual\"]},{\"@type\":\"Person\",\"@id\":\"https:\\\/\\\/diariotextual.com\\\/inicio\\\/#\\\/schema\\\/person\\\/694f60677f23c4a530867a98f22b3768\",\"name\":\"diario2\",\"image\":{\"@type\":\"ImageObject\",\"inLanguage\":\"es\",\"@id\":\"https:\\\/\\\/secure.gravatar.com\\\/avatar\\\/5a2567495ba16b852fcd8f1ed006a2e24fcace936018ed8237e95f488ad6e0a7?s=96&d=mm&r=g\",\"url\":\"https:\\\/\\\/secure.gravatar.com\\\/avatar\\\/5a2567495ba16b852fcd8f1ed006a2e24fcace936018ed8237e95f488ad6e0a7?s=96&d=mm&r=g\",\"contentUrl\":\"https:\\\/\\\/secure.gravatar.com\\\/avatar\\\/5a2567495ba16b852fcd8f1ed006a2e24fcace936018ed8237e95f488ad6e0a7?s=96&d=mm&r=g\",\"caption\":\"diario2\"},\"url\":\"https:\\\/\\\/diariotextual.com\\\/inicio\\\/index.php\\\/author\\\/diario2\\\/\"}]}<\/script>\n<!-- \/ Yoast SEO plugin. -->","yoast_head_json":{"title":"Latam deja de volar en Argentina: unos 1.700 trabajadores ser\u00e1n despedidos - Diario Textual","robots":{"index":"index","follow":"follow","max-snippet":"max-snippet:-1","max-image-preview":"max-image-preview:large","max-video-preview":"max-video-preview:-1"},"canonical":"https:\/\/diariotextual.com\/inicio\/index.php\/2020\/06\/17\/latam-deja-volar-argentina-unos-1-700-trabajadores-seran-despedidos\/","og_locale":"es_ES","og_type":"article","og_title":"Latam deja de volar en Argentina: unos 1.700 trabajadores ser\u00e1n despedidos - Diario Textual","og_description":"La aerol\u00ednea Latam anunci\u00f3 que deja el pa\u00eds y abandonar\u00e1 por completo su operaci\u00f3n de vuelos de cabotaje. La empresa\u00a0pidi\u00f3 al Ministerio de Trabajo la apertura de un procedimiento preventivo&hellip;","og_url":"https:\/\/diariotextual.com\/inicio\/index.php\/2020\/06\/17\/latam-deja-volar-argentina-unos-1-700-trabajadores-seran-despedidos\/","og_site_name":"Diario Textual","article_publisher":"https:\/\/www.facebook.com\/eltextual","article_published_time":"2020-06-17T17:15:54+00:00","article_modified_time":"2020-06-17T18:53:08+00:00","og_image":[{"width":904,"height":509,"url":"https:\/\/diariotextual.com\/inicio\/wp-content\/uploads\/2020\/06\/latam34444.jpg","type":"image\/jpeg"}],"author":"diario2","twitter_card":"summary_large_image","twitter_creator":"@eltextual","twitter_site":"@eltextual","twitter_misc":{"Escrito por":"diario2","Tiempo de lectura":"1 minuto"},"schema":{"@context":"https:\/\/schema.org","@graph":[{"@type":"Article","@id":"https:\/\/diariotextual.com\/inicio\/index.php\/2020\/06\/17\/latam-deja-volar-argentina-unos-1-700-trabajadores-seran-despedidos\/#article","isPartOf":{"@id":"https:\/\/diariotextual.com\/inicio\/index.php\/2020\/06\/17\/latam-deja-volar-argentina-unos-1-700-trabajadores-seran-despedidos\/"},"author":{"name":"diario2","@id":"https:\/\/diariotextual.com\/inicio\/#\/schema\/person\/694f60677f23c4a530867a98f22b3768"},"headline":"Latam deja de volar en Argentina: unos 1.700 trabajadores ser\u00e1n despedidos","datePublished":"2020-06-17T17:15:54+00:00","dateModified":"2020-06-17T18:53:08+00:00","mainEntityOfPage":{"@id":"https:\/\/diariotextual.com\/inicio\/index.php\/2020\/06\/17\/latam-deja-volar-argentina-unos-1-700-trabajadores-seran-despedidos\/"},"wordCount":259,"publisher":{"@id":"https:\/\/diariotextual.com\/inicio\/#organization"},"image":{"@id":"https:\/\/diariotextual.com\/inicio\/index.php\/2020\/06\/17\/latam-deja-volar-argentina-unos-1-700-trabajadores-seran-despedidos\/#primaryimage"},"thumbnailUrl":"https:\/\/diariotextual.com\/inicio\/wp-content\/uploads\/2020\/06\/latam34444.jpg","keywords":["aerolinea","latam"],"articleSection":["A - QUE PASA (al costado)","ECONOMIA"],"inLanguage":"es"},{"@type":"WebPage","@id":"https:\/\/diariotextual.com\/inicio\/index.php\/2020\/06\/17\/latam-deja-volar-argentina-unos-1-700-trabajadores-seran-despedidos\/","url":"https:\/\/diariotextual.com\/inicio\/index.php\/2020\/06\/17\/latam-deja-volar-argentina-unos-1-700-trabajadores-seran-despedidos\/","name":"Latam deja de volar en Argentina: unos 1.700 trabajadores ser\u00e1n despedidos - Diario Textual","isPartOf":{"@id":"https:\/\/diariotextual.com\/inicio\/#website"},"primaryImageOfPage":{"@id":"https:\/\/diariotextual.com\/inicio\/index.php\/2020\/06\/17\/latam-deja-volar-argentina-unos-1-700-trabajadores-seran-despedidos\/#primaryimage"},"image":{"@id":"https:\/\/diariotextual.com\/inicio\/index.php\/2020\/06\/17\/latam-deja-volar-argentina-unos-1-700-trabajadores-seran-despedidos\/#primaryimage"},"thumbnailUrl":"https:\/\/diariotextual.com\/inicio\/wp-content\/uploads\/2020\/06\/latam34444.jpg","datePublished":"2020-06-17T17:15:54+00:00","dateModified":"2020-06-17T18:53:08+00:00","breadcrumb":{"@id":"https:\/\/diariotextual.com\/inicio\/index.php\/2020\/06\/17\/latam-deja-volar-argentina-unos-1-700-trabajadores-seran-despedidos\/#breadcrumb"},"inLanguage":"es","potentialAction":[{"@type":"ReadAction","target":["https:\/\/diariotextual.com\/inicio\/index.php\/2020\/06\/17\/latam-deja-volar-argentina-unos-1-700-trabajadores-seran-despedidos\/"]}]},{"@type":"ImageObject","inLanguage":"es","@id":"https:\/\/diariotextual.com\/inicio\/index.php\/2020\/06\/17\/latam-deja-volar-argentina-unos-1-700-trabajadores-seran-despedidos\/#primaryimage","url":"https:\/\/diariotextual.com\/inicio\/wp-content\/uploads\/2020\/06\/latam34444.jpg","contentUrl":"https:\/\/diariotextual.com\/inicio\/wp-content\/uploads\/2020\/06\/latam34444.jpg","width":904,"height":509},{"@type":"BreadcrumbList","@id":"https:\/\/diariotextual.com\/inicio\/index.php\/2020\/06\/17\/latam-deja-volar-argentina-unos-1-700-trabajadores-seran-despedidos\/#breadcrumb","itemListElement":[{"@type":"ListItem","position":1,"name":"Portada","item":"https:\/\/diariotextual.com\/inicio\/"},{"@type":"ListItem","position":2,"name":"Latam deja de volar en Argentina: unos 1.700 trabajadores ser\u00e1n despedidos"}]},{"@type":"WebSite","@id":"https:\/\/diariotextual.com\/inicio\/#website","url":"https:\/\/diariotextual.com\/inicio\/","name":"Diario Textual","description":"","publisher":{"@id":"https:\/\/diariotextual.com\/inicio\/#organization"},"potentialAction":[{"@type":"SearchAction","target":{"@type":"EntryPoint","urlTemplate":"https:\/\/diariotextual.com\/inicio\/?s={search_term_string}"},"query-input":{"@type":"PropertyValueSpecification","valueRequired":true,"valueName":"search_term_string"}}],"inLanguage":"es"},{"@type":"Organization","@id":"https:\/\/diariotextual.com\/inicio\/#organization","name":"Diario Textual","url":"https:\/\/diariotextual.com\/inicio\/","logo":{"@type":"ImageObject","inLanguage":"es","@id":"https:\/\/diariotextual.com\/inicio\/#\/schema\/logo\/image\/","url":"https:\/\/diariotextual.com\/inicio\/wp-content\/uploads\/2023\/05\/logotextual1.jpg","contentUrl":"https:\/\/diariotextual.com\/inicio\/wp-content\/uploads\/2023\/05\/logotextual1.jpg","width":516,"height":76,"caption":"Diario Textual"},"image":{"@id":"https:\/\/diariotextual.com\/inicio\/#\/schema\/logo\/image\/"},"sameAs":["https:\/\/www.facebook.com\/eltextual","https:\/\/x.com\/eltextual","http:\/\/www.instagram.com\/eltextual"]},{"@type":"Person","@id":"https:\/\/diariotextual.com\/inicio\/#\/schema\/person\/694f60677f23c4a530867a98f22b3768","name":"diario2","image":{"@type":"ImageObject","inLanguage":"es","@id":"https:\/\/secure.gravatar.com\/avatar\/5a2567495ba16b852fcd8f1ed006a2e24fcace936018ed8237e95f488ad6e0a7?s=96&d=mm&r=g","url":"https:\/\/secure.gravatar.com\/avatar\/5a2567495ba16b852fcd8f1ed006a2e24fcace936018ed8237e95f488ad6e0a7?s=96&d=mm&r=g","contentUrl":"https:\/\/secure.gravatar.com\/avatar\/5a2567495ba16b852fcd8f1ed006a2e24fcace936018ed8237e95f488ad6e0a7?s=96&d=mm&r=g","caption":"diario2"},"url":"https:\/\/diariotextual.com\/inicio\/index.php\/author\/diario2\/"}]}},"_links":{"self":[{"href":"https:\/\/diariotextual.com\/inicio\/index.php\/wp-json\/wp\/v2\/posts\/97999","targetHints":{"allow":["GET"]}}],"collection":[{"href":"https:\/\/diariotextual.com\/inicio\/index.php\/wp-json\/wp\/v2\/posts"}],"about":[{"href":"https:\/\/diariotextual.com\/inicio\/index.php\/wp-json\/wp\/v2\/types\/post"}],"author":[{"embeddable":true,"href":"https:\/\/diariotextual.com\/inicio\/index.php\/wp-json\/wp\/v2\/users\/4"}],"replies":[{"embeddable":true,"href":"https:\/\/diariotextual.com\/inicio\/index.php\/wp-json\/wp\/v2\/comments?post=97999"}],"version-history":[{"count":1,"href":"https:\/\/diariotextual.com\/inicio\/index.php\/wp-json\/wp\/v2\/posts\/97999\/revisions"}],"predecessor-version":[{"id":98001,"href":"https:\/\/diariotextual.com\/inicio\/index.php\/wp-json\/wp\/v2\/posts\/97999\/revisions\/98001"}],"wp:featuredmedia":[{"embeddable":true,"href":"https:\/\/diariotextual.com\/inicio\/index.php\/wp-json\/wp\/v2\/media\/98000"}],"wp:attachment":[{"href":"https:\/\/diariotextual.com\/inicio\/index.php\/wp-json\/wp\/v2\/media?parent=97999"}],"wp:term":[{"taxonomy":"category","embeddable":true,"href":"https:\/\/diariotextual.com\/inicio\/index.php\/wp-json\/wp\/v2\/categories?post=97999"},{"taxonomy":"post_tag","embeddable":true,"href":"https:\/\/diariotextual.com\/inicio\/index.php\/wp-json\/wp\/v2\/tags?post=97999"}],"curies":[{"name":"wp","href":"https:\/\/api.w.org\/{rel}","templated":true}]}}