{"id":98007,"date":"2020-06-18T07:55:33","date_gmt":"2020-06-18T10:55:33","guid":{"rendered":"http:\/\/diariotextual.com\/inicio\/?p=98007"},"modified":"2020-06-18T08:00:01","modified_gmt":"2020-06-18T11:00:01","slug":"no-se-desdobla-pago-del-medio-aguinaldo-empleados-publicos-jubilados-provinciales","status":"publish","type":"post","link":"https:\/\/diariotextual.com\/inicio\/index.php\/2020\/06\/18\/no-se-desdobla-pago-del-medio-aguinaldo-empleados-publicos-jubilados-provinciales\/","title":{"rendered":"No se desdobla el pago del medio aguinaldo para empleados p\u00fablicos y jubilados provinciales"},"content":{"rendered":"<p>En La Pampa, los trabajadores estatales y jubilados estatales cobrar\u00e1n totalmente el medio aguinaldo. \u00abAnte varias consultas sobre el <strong>posible desdoblamiento<\/strong> del medio sueldo anual complementario (aguinaldo) correspondiente al primer semestre del 2020, el Ministerio de Hacienda y Finanzas comunic\u00f3 que las \u00e1reas correspondientes se encuentran <strong>en proceso de liquidaci\u00f3n de los sueldos de junio de este a\u00f1o\u00bb, inform\u00f3 Casa de Gobierno.<br \/>\n<\/strong><\/p>\n<p>\u00abEst\u00e1n previstos los fondos completos de la primera cuota del sueldo anual complementario para que se acrediten en las cuentas bancarias respectivas de los empleados p\u00fablicos provinciales, a la hora 0 del martes 30 de junio\u00bb, comunic\u00f3.<\/p>\n<p>\u00abAsimismo -ampli\u00f3 el ministerio- se han mantenido las conversaciones con el presidente del Instituto de Seguridad Social y la Provincia garantiza los recursos necesarios para que<strong> el d\u00eda 23 de junio, tambi\u00e9n a la hora 0, se encuentren disponibles los fondos de los jubilados, pensionados y retirados provinciales en sus cuentas<\/strong>, con la correspondiente acreditaci\u00f3n de la primera cuota completa de su Sueldo Anual Complementario\u00bb.<\/p>\n<p>El Gobierno nacional comunic\u00f3 este mi\u00e9rcoles que el medio aguinaldo de junio de los empleados de la administraci\u00f3n p\u00fablica nacional se pagar\u00e1 en cuotas para los salarios mayores a 80 mil pesos.<\/p>\n<p>&nbsp;<\/p>\n<blockquote class=\"wp-embedded-content\" data-secret=\"BUpuxHjDUK\"><p><a href=\"http:\/\/diariotextual.com\/inicio\/index.php\/2020\/06\/17\/pagaran-medio-aguinaldo-estatales-cuotas-salarios-superiores-80-mil-pesos\/\">Pagar\u00e1n el medio aguinaldo de estatales en cuotas para salarios superiores a 80 mil pesos<\/a><\/p><\/blockquote>\n<p><iframe class=\"wp-embedded-content\" sandbox=\"allow-scripts\" security=\"restricted\" style=\"position: absolute; clip: rect(1px, 1px, 1px, 1px);\" src=\"http:\/\/diariotextual.com\/inicio\/index.php\/2020\/06\/17\/pagaran-medio-aguinaldo-estatales-cuotas-salarios-superiores-80-mil-pesos\/embed\/#?secret=BUpuxHjDUK\" data-secret=\"BUpuxHjDUK\" width=\"600\" height=\"338\" title=\"&#171;Pagar\u00e1n el medio aguinaldo de estatales en cuotas para salarios superiores a 80 mil pesos&#187; &#8212; Diario Textual\" frameborder=\"0\" marginwidth=\"0\" marginheight=\"0\" scrolling=\"no\"><\/iframe><\/p>\n","protected":false},"excerpt":{"rendered":"<p>En La Pampa, los trabajadores estatales y jubilados estatales cobrar\u00e1n totalmente el medio aguinaldo. \u00abAnte varias consultas sobre el posible desdoblamiento del medio sueldo anual complementario (aguinaldo) correspondiente al primer&hellip;<\/p>\n","protected":false},"author":4,"featured_media":97692,"comment_status":"closed","ping_status":"open","sticky":false,"template":"","format":"standard","meta":{"_acf_changed":false,"footnotes":""},"categories":[11,5],"tags":[],"class_list":["post-98007","post","type-post","status-publish","format-standard","has-post-thumbnail","hentry","category-que-pasa","category-economia"],"acf":[],"yoast_head":"<!-- This site is optimized with the Yoast SEO plugin v27.5 - https:\/\/yoast.com\/product\/yoast-seo-wordpress\/ -->\n<title>No se desdobla el pago del medio aguinaldo para empleados p\u00fablicos y jubilados provinciales - Diario Textual<\/title>\n<meta name=\"robots\" content=\"index, follow, max-snippet:-1, max-image-preview:large, max-video-preview:-1\" \/>\n<link rel=\"canonical\" href=\"https:\/\/diariotextual.com\/inicio\/index.php\/2020\/06\/18\/no-se-desdobla-pago-del-medio-aguinaldo-empleados-publicos-jubilados-provinciales\/\" \/>\n<meta property=\"og:locale\" content=\"es_ES\" \/>\n<meta property=\"og:type\" content=\"article\" \/>\n<meta property=\"og:title\" content=\"No se desdobla el pago del medio aguinaldo para empleados p\u00fablicos y jubilados provinciales - Diario Textual\" \/>\n<meta property=\"og:description\" content=\"En La Pampa, los trabajadores estatales y jubilados estatales cobrar\u00e1n totalmente el medio aguinaldo. \u00abAnte varias consultas sobre el posible desdoblamiento del medio sueldo anual complementario (aguinaldo) correspondiente al primer&hellip;\" \/>\n<meta property=\"og:url\" content=\"https:\/\/diariotextual.com\/inicio\/index.php\/2020\/06\/18\/no-se-desdobla-pago-del-medio-aguinaldo-empleados-publicos-jubilados-provinciales\/\" \/>\n<meta property=\"og:site_name\" content=\"Diario Textual\" \/>\n<meta property=\"article:publisher\" content=\"https:\/\/www.facebook.com\/eltextual\" \/>\n<meta property=\"article:published_time\" content=\"2020-06-18T10:55:33+00:00\" \/>\n<meta property=\"article:modified_time\" content=\"2020-06-18T11:00:01+00:00\" \/>\n<meta property=\"og:image\" content=\"https:\/\/diariotextual.com\/inicio\/wp-content\/uploads\/2020\/06\/cajerocolagente.jpg\" \/>\n\t<meta property=\"og:image:width\" content=\"913\" \/>\n\t<meta property=\"og:image:height\" content=\"674\" \/>\n\t<meta property=\"og:image:type\" content=\"image\/jpeg\" \/>\n<meta name=\"author\" content=\"diario2\" \/>\n<meta name=\"twitter:card\" content=\"summary_large_image\" \/>\n<meta name=\"twitter:creator\" content=\"@eltextual\" \/>\n<meta name=\"twitter:site\" content=\"@eltextual\" \/>\n<meta name=\"twitter:label1\" content=\"Escrito por\" \/>\n\t<meta name=\"twitter:data1\" content=\"diario2\" \/>\n\t<meta name=\"twitter:label2\" content=\"Tiempo de lectura\" \/>\n\t<meta name=\"twitter:data2\" content=\"1 minuto\" \/>\n<script type=\"application\/ld+json\" class=\"yoast-schema-graph\">{\"@context\":\"https:\\\/\\\/schema.org\",\"@graph\":[{\"@type\":\"Article\",\"@id\":\"https:\\\/\\\/diariotextual.com\\\/inicio\\\/index.php\\\/2020\\\/06\\\/18\\\/no-se-desdobla-pago-del-medio-aguinaldo-empleados-publicos-jubilados-provinciales\\\/#article\",\"isPartOf\":{\"@id\":\"https:\\\/\\\/diariotextual.com\\\/inicio\\\/index.php\\\/2020\\\/06\\\/18\\\/no-se-desdobla-pago-del-medio-aguinaldo-empleados-publicos-jubilados-provinciales\\\/\"},\"author\":{\"name\":\"diario2\",\"@id\":\"https:\\\/\\\/diariotextual.com\\\/inicio\\\/#\\\/schema\\\/person\\\/694f60677f23c4a530867a98f22b3768\"},\"headline\":\"No se desdobla el pago del medio aguinaldo para empleados p\u00fablicos y jubilados provinciales\",\"datePublished\":\"2020-06-18T10:55:33+00:00\",\"dateModified\":\"2020-06-18T11:00:01+00:00\",\"mainEntityOfPage\":{\"@id\":\"https:\\\/\\\/diariotextual.com\\\/inicio\\\/index.php\\\/2020\\\/06\\\/18\\\/no-se-desdobla-pago-del-medio-aguinaldo-empleados-publicos-jubilados-provinciales\\\/\"},\"wordCount\":225,\"publisher\":{\"@id\":\"https:\\\/\\\/diariotextual.com\\\/inicio\\\/#organization\"},\"image\":{\"@id\":\"https:\\\/\\\/diariotextual.com\\\/inicio\\\/index.php\\\/2020\\\/06\\\/18\\\/no-se-desdobla-pago-del-medio-aguinaldo-empleados-publicos-jubilados-provinciales\\\/#primaryimage\"},\"thumbnailUrl\":\"https:\\\/\\\/diariotextual.com\\\/inicio\\\/wp-content\\\/uploads\\\/2020\\\/06\\\/cajerocolagente.jpg\",\"articleSection\":[\"A - QUE PASA (al costado)\",\"ECONOMIA\"],\"inLanguage\":\"es\"},{\"@type\":\"WebPage\",\"@id\":\"https:\\\/\\\/diariotextual.com\\\/inicio\\\/index.php\\\/2020\\\/06\\\/18\\\/no-se-desdobla-pago-del-medio-aguinaldo-empleados-publicos-jubilados-provinciales\\\/\",\"url\":\"https:\\\/\\\/diariotextual.com\\\/inicio\\\/index.php\\\/2020\\\/06\\\/18\\\/no-se-desdobla-pago-del-medio-aguinaldo-empleados-publicos-jubilados-provinciales\\\/\",\"name\":\"No se desdobla el pago del medio aguinaldo para empleados p\u00fablicos y jubilados provinciales - Diario Textual\",\"isPartOf\":{\"@id\":\"https:\\\/\\\/diariotextual.com\\\/inicio\\\/#website\"},\"primaryImageOfPage\":{\"@id\":\"https:\\\/\\\/diariotextual.com\\\/inicio\\\/index.php\\\/2020\\\/06\\\/18\\\/no-se-desdobla-pago-del-medio-aguinaldo-empleados-publicos-jubilados-provinciales\\\/#primaryimage\"},\"image\":{\"@id\":\"https:\\\/\\\/diariotextual.com\\\/inicio\\\/index.php\\\/2020\\\/06\\\/18\\\/no-se-desdobla-pago-del-medio-aguinaldo-empleados-publicos-jubilados-provinciales\\\/#primaryimage\"},\"thumbnailUrl\":\"https:\\\/\\\/diariotextual.com\\\/inicio\\\/wp-content\\\/uploads\\\/2020\\\/06\\\/cajerocolagente.jpg\",\"datePublished\":\"2020-06-18T10:55:33+00:00\",\"dateModified\":\"2020-06-18T11:00:01+00:00\",\"breadcrumb\":{\"@id\":\"https:\\\/\\\/diariotextual.com\\\/inicio\\\/index.php\\\/2020\\\/06\\\/18\\\/no-se-desdobla-pago-del-medio-aguinaldo-empleados-publicos-jubilados-provinciales\\\/#breadcrumb\"},\"inLanguage\":\"es\",\"potentialAction\":[{\"@type\":\"ReadAction\",\"target\":[\"https:\\\/\\\/diariotextual.com\\\/inicio\\\/index.php\\\/2020\\\/06\\\/18\\\/no-se-desdobla-pago-del-medio-aguinaldo-empleados-publicos-jubilados-provinciales\\\/\"]}]},{\"@type\":\"ImageObject\",\"inLanguage\":\"es\",\"@id\":\"https:\\\/\\\/diariotextual.com\\\/inicio\\\/index.php\\\/2020\\\/06\\\/18\\\/no-se-desdobla-pago-del-medio-aguinaldo-empleados-publicos-jubilados-provinciales\\\/#primaryimage\",\"url\":\"https:\\\/\\\/diariotextual.com\\\/inicio\\\/wp-content\\\/uploads\\\/2020\\\/06\\\/cajerocolagente.jpg\",\"contentUrl\":\"https:\\\/\\\/diariotextual.com\\\/inicio\\\/wp-content\\\/uploads\\\/2020\\\/06\\\/cajerocolagente.jpg\",\"width\":913,\"height\":674},{\"@type\":\"BreadcrumbList\",\"@id\":\"https:\\\/\\\/diariotextual.com\\\/inicio\\\/index.php\\\/2020\\\/06\\\/18\\\/no-se-desdobla-pago-del-medio-aguinaldo-empleados-publicos-jubilados-provinciales\\\/#breadcrumb\",\"itemListElement\":[{\"@type\":\"ListItem\",\"position\":1,\"name\":\"Portada\",\"item\":\"https:\\\/\\\/diariotextual.com\\\/inicio\\\/\"},{\"@type\":\"ListItem\",\"position\":2,\"name\":\"No se desdobla el pago del medio aguinaldo para empleados p\u00fablicos y jubilados provinciales\"}]},{\"@type\":\"WebSite\",\"@id\":\"https:\\\/\\\/diariotextual.com\\\/inicio\\\/#website\",\"url\":\"https:\\\/\\\/diariotextual.com\\\/inicio\\\/\",\"name\":\"Diario Textual\",\"description\":\"\",\"publisher\":{\"@id\":\"https:\\\/\\\/diariotextual.com\\\/inicio\\\/#organization\"},\"potentialAction\":[{\"@type\":\"SearchAction\",\"target\":{\"@type\":\"EntryPoint\",\"urlTemplate\":\"https:\\\/\\\/diariotextual.com\\\/inicio\\\/?s={search_term_string}\"},\"query-input\":{\"@type\":\"PropertyValueSpecification\",\"valueRequired\":true,\"valueName\":\"search_term_string\"}}],\"inLanguage\":\"es\"},{\"@type\":\"Organization\",\"@id\":\"https:\\\/\\\/diariotextual.com\\\/inicio\\\/#organization\",\"name\":\"Diario Textual\",\"url\":\"https:\\\/\\\/diariotextual.com\\\/inicio\\\/\",\"logo\":{\"@type\":\"ImageObject\",\"inLanguage\":\"es\",\"@id\":\"https:\\\/\\\/diariotextual.com\\\/inicio\\\/#\\\/schema\\\/logo\\\/image\\\/\",\"url\":\"https:\\\/\\\/diariotextual.com\\\/inicio\\\/wp-content\\\/uploads\\\/2023\\\/05\\\/logotextual1.jpg\",\"contentUrl\":\"https:\\\/\\\/diariotextual.com\\\/inicio\\\/wp-content\\\/uploads\\\/2023\\\/05\\\/logotextual1.jpg\",\"width\":516,\"height\":76,\"caption\":\"Diario Textual\"},\"image\":{\"@id\":\"https:\\\/\\\/diariotextual.com\\\/inicio\\\/#\\\/schema\\\/logo\\\/image\\\/\"},\"sameAs\":[\"https:\\\/\\\/www.facebook.com\\\/eltextual\",\"https:\\\/\\\/x.com\\\/eltextual\",\"http:\\\/\\\/www.instagram.com\\\/eltextual\"]},{\"@type\":\"Person\",\"@id\":\"https:\\\/\\\/diariotextual.com\\\/inicio\\\/#\\\/schema\\\/person\\\/694f60677f23c4a530867a98f22b3768\",\"name\":\"diario2\",\"image\":{\"@type\":\"ImageObject\",\"inLanguage\":\"es\",\"@id\":\"https:\\\/\\\/secure.gravatar.com\\\/avatar\\\/5a2567495ba16b852fcd8f1ed006a2e24fcace936018ed8237e95f488ad6e0a7?s=96&d=mm&r=g\",\"url\":\"https:\\\/\\\/secure.gravatar.com\\\/avatar\\\/5a2567495ba16b852fcd8f1ed006a2e24fcace936018ed8237e95f488ad6e0a7?s=96&d=mm&r=g\",\"contentUrl\":\"https:\\\/\\\/secure.gravatar.com\\\/avatar\\\/5a2567495ba16b852fcd8f1ed006a2e24fcace936018ed8237e95f488ad6e0a7?s=96&d=mm&r=g\",\"caption\":\"diario2\"},\"url\":\"https:\\\/\\\/diariotextual.com\\\/inicio\\\/index.php\\\/author\\\/diario2\\\/\"}]}<\/script>\n<!-- \/ Yoast SEO plugin. -->","yoast_head_json":{"title":"No se desdobla el pago del medio aguinaldo para empleados p\u00fablicos y jubilados provinciales - Diario Textual","robots":{"index":"index","follow":"follow","max-snippet":"max-snippet:-1","max-image-preview":"max-image-preview:large","max-video-preview":"max-video-preview:-1"},"canonical":"https:\/\/diariotextual.com\/inicio\/index.php\/2020\/06\/18\/no-se-desdobla-pago-del-medio-aguinaldo-empleados-publicos-jubilados-provinciales\/","og_locale":"es_ES","og_type":"article","og_title":"No se desdobla el pago del medio aguinaldo para empleados p\u00fablicos y jubilados provinciales - Diario Textual","og_description":"En La Pampa, los trabajadores estatales y jubilados estatales cobrar\u00e1n totalmente el medio aguinaldo. \u00abAnte varias consultas sobre el posible desdoblamiento del medio sueldo anual complementario (aguinaldo) correspondiente al primer&hellip;","og_url":"https:\/\/diariotextual.com\/inicio\/index.php\/2020\/06\/18\/no-se-desdobla-pago-del-medio-aguinaldo-empleados-publicos-jubilados-provinciales\/","og_site_name":"Diario Textual","article_publisher":"https:\/\/www.facebook.com\/eltextual","article_published_time":"2020-06-18T10:55:33+00:00","article_modified_time":"2020-06-18T11:00:01+00:00","og_image":[{"width":913,"height":674,"url":"https:\/\/diariotextual.com\/inicio\/wp-content\/uploads\/2020\/06\/cajerocolagente.jpg","type":"image\/jpeg"}],"author":"diario2","twitter_card":"summary_large_image","twitter_creator":"@eltextual","twitter_site":"@eltextual","twitter_misc":{"Escrito por":"diario2","Tiempo de lectura":"1 minuto"},"schema":{"@context":"https:\/\/schema.org","@graph":[{"@type":"Article","@id":"https:\/\/diariotextual.com\/inicio\/index.php\/2020\/06\/18\/no-se-desdobla-pago-del-medio-aguinaldo-empleados-publicos-jubilados-provinciales\/#article","isPartOf":{"@id":"https:\/\/diariotextual.com\/inicio\/index.php\/2020\/06\/18\/no-se-desdobla-pago-del-medio-aguinaldo-empleados-publicos-jubilados-provinciales\/"},"author":{"name":"diario2","@id":"https:\/\/diariotextual.com\/inicio\/#\/schema\/person\/694f60677f23c4a530867a98f22b3768"},"headline":"No se desdobla el pago del medio aguinaldo para empleados p\u00fablicos y jubilados provinciales","datePublished":"2020-06-18T10:55:33+00:00","dateModified":"2020-06-18T11:00:01+00:00","mainEntityOfPage":{"@id":"https:\/\/diariotextual.com\/inicio\/index.php\/2020\/06\/18\/no-se-desdobla-pago-del-medio-aguinaldo-empleados-publicos-jubilados-provinciales\/"},"wordCount":225,"publisher":{"@id":"https:\/\/diariotextual.com\/inicio\/#organization"},"image":{"@id":"https:\/\/diariotextual.com\/inicio\/index.php\/2020\/06\/18\/no-se-desdobla-pago-del-medio-aguinaldo-empleados-publicos-jubilados-provinciales\/#primaryimage"},"thumbnailUrl":"https:\/\/diariotextual.com\/inicio\/wp-content\/uploads\/2020\/06\/cajerocolagente.jpg","articleSection":["A - QUE PASA (al costado)","ECONOMIA"],"inLanguage":"es"},{"@type":"WebPage","@id":"https:\/\/diariotextual.com\/inicio\/index.php\/2020\/06\/18\/no-se-desdobla-pago-del-medio-aguinaldo-empleados-publicos-jubilados-provinciales\/","url":"https:\/\/diariotextual.com\/inicio\/index.php\/2020\/06\/18\/no-se-desdobla-pago-del-medio-aguinaldo-empleados-publicos-jubilados-provinciales\/","name":"No se desdobla el pago del medio aguinaldo para empleados p\u00fablicos y jubilados provinciales - Diario Textual","isPartOf":{"@id":"https:\/\/diariotextual.com\/inicio\/#website"},"primaryImageOfPage":{"@id":"https:\/\/diariotextual.com\/inicio\/index.php\/2020\/06\/18\/no-se-desdobla-pago-del-medio-aguinaldo-empleados-publicos-jubilados-provinciales\/#primaryimage"},"image":{"@id":"https:\/\/diariotextual.com\/inicio\/index.php\/2020\/06\/18\/no-se-desdobla-pago-del-medio-aguinaldo-empleados-publicos-jubilados-provinciales\/#primaryimage"},"thumbnailUrl":"https:\/\/diariotextual.com\/inicio\/wp-content\/uploads\/2020\/06\/cajerocolagente.jpg","datePublished":"2020-06-18T10:55:33+00:00","dateModified":"2020-06-18T11:00:01+00:00","breadcrumb":{"@id":"https:\/\/diariotextual.com\/inicio\/index.php\/2020\/06\/18\/no-se-desdobla-pago-del-medio-aguinaldo-empleados-publicos-jubilados-provinciales\/#breadcrumb"},"inLanguage":"es","potentialAction":[{"@type":"ReadAction","target":["https:\/\/diariotextual.com\/inicio\/index.php\/2020\/06\/18\/no-se-desdobla-pago-del-medio-aguinaldo-empleados-publicos-jubilados-provinciales\/"]}]},{"@type":"ImageObject","inLanguage":"es","@id":"https:\/\/diariotextual.com\/inicio\/index.php\/2020\/06\/18\/no-se-desdobla-pago-del-medio-aguinaldo-empleados-publicos-jubilados-provinciales\/#primaryimage","url":"https:\/\/diariotextual.com\/inicio\/wp-content\/uploads\/2020\/06\/cajerocolagente.jpg","contentUrl":"https:\/\/diariotextual.com\/inicio\/wp-content\/uploads\/2020\/06\/cajerocolagente.jpg","width":913,"height":674},{"@type":"BreadcrumbList","@id":"https:\/\/diariotextual.com\/inicio\/index.php\/2020\/06\/18\/no-se-desdobla-pago-del-medio-aguinaldo-empleados-publicos-jubilados-provinciales\/#breadcrumb","itemListElement":[{"@type":"ListItem","position":1,"name":"Portada","item":"https:\/\/diariotextual.com\/inicio\/"},{"@type":"ListItem","position":2,"name":"No se desdobla el pago del medio aguinaldo para empleados p\u00fablicos y jubilados provinciales"}]},{"@type":"WebSite","@id":"https:\/\/diariotextual.com\/inicio\/#website","url":"https:\/\/diariotextual.com\/inicio\/","name":"Diario Textual","description":"","publisher":{"@id":"https:\/\/diariotextual.com\/inicio\/#organization"},"potentialAction":[{"@type":"SearchAction","target":{"@type":"EntryPoint","urlTemplate":"https:\/\/diariotextual.com\/inicio\/?s={search_term_string}"},"query-input":{"@type":"PropertyValueSpecification","valueRequired":true,"valueName":"search_term_string"}}],"inLanguage":"es"},{"@type":"Organization","@id":"https:\/\/diariotextual.com\/inicio\/#organization","name":"Diario Textual","url":"https:\/\/diariotextual.com\/inicio\/","logo":{"@type":"ImageObject","inLanguage":"es","@id":"https:\/\/diariotextual.com\/inicio\/#\/schema\/logo\/image\/","url":"https:\/\/diariotextual.com\/inicio\/wp-content\/uploads\/2023\/05\/logotextual1.jpg","contentUrl":"https:\/\/diariotextual.com\/inicio\/wp-content\/uploads\/2023\/05\/logotextual1.jpg","width":516,"height":76,"caption":"Diario Textual"},"image":{"@id":"https:\/\/diariotextual.com\/inicio\/#\/schema\/logo\/image\/"},"sameAs":["https:\/\/www.facebook.com\/eltextual","https:\/\/x.com\/eltextual","http:\/\/www.instagram.com\/eltextual"]},{"@type":"Person","@id":"https:\/\/diariotextual.com\/inicio\/#\/schema\/person\/694f60677f23c4a530867a98f22b3768","name":"diario2","image":{"@type":"ImageObject","inLanguage":"es","@id":"https:\/\/secure.gravatar.com\/avatar\/5a2567495ba16b852fcd8f1ed006a2e24fcace936018ed8237e95f488ad6e0a7?s=96&d=mm&r=g","url":"https:\/\/secure.gravatar.com\/avatar\/5a2567495ba16b852fcd8f1ed006a2e24fcace936018ed8237e95f488ad6e0a7?s=96&d=mm&r=g","contentUrl":"https:\/\/secure.gravatar.com\/avatar\/5a2567495ba16b852fcd8f1ed006a2e24fcace936018ed8237e95f488ad6e0a7?s=96&d=mm&r=g","caption":"diario2"},"url":"https:\/\/diariotextual.com\/inicio\/index.php\/author\/diario2\/"}]}},"_links":{"self":[{"href":"https:\/\/diariotextual.com\/inicio\/index.php\/wp-json\/wp\/v2\/posts\/98007","targetHints":{"allow":["GET"]}}],"collection":[{"href":"https:\/\/diariotextual.com\/inicio\/index.php\/wp-json\/wp\/v2\/posts"}],"about":[{"href":"https:\/\/diariotextual.com\/inicio\/index.php\/wp-json\/wp\/v2\/types\/post"}],"author":[{"embeddable":true,"href":"https:\/\/diariotextual.com\/inicio\/index.php\/wp-json\/wp\/v2\/users\/4"}],"replies":[{"embeddable":true,"href":"https:\/\/diariotextual.com\/inicio\/index.php\/wp-json\/wp\/v2\/comments?post=98007"}],"version-history":[{"count":3,"href":"https:\/\/diariotextual.com\/inicio\/index.php\/wp-json\/wp\/v2\/posts\/98007\/revisions"}],"predecessor-version":[{"id":98073,"href":"https:\/\/diariotextual.com\/inicio\/index.php\/wp-json\/wp\/v2\/posts\/98007\/revisions\/98073"}],"wp:featuredmedia":[{"embeddable":true,"href":"https:\/\/diariotextual.com\/inicio\/index.php\/wp-json\/wp\/v2\/media\/97692"}],"wp:attachment":[{"href":"https:\/\/diariotextual.com\/inicio\/index.php\/wp-json\/wp\/v2\/media?parent=98007"}],"wp:term":[{"taxonomy":"category","embeddable":true,"href":"https:\/\/diariotextual.com\/inicio\/index.php\/wp-json\/wp\/v2\/categories?post=98007"},{"taxonomy":"post_tag","embeddable":true,"href":"https:\/\/diariotextual.com\/inicio\/index.php\/wp-json\/wp\/v2\/tags?post=98007"}],"curies":[{"name":"wp","href":"https:\/\/api.w.org\/{rel}","templated":true}]}}