{"id":98012,"date":"2020-06-17T19:09:50","date_gmt":"2020-06-17T22:09:50","guid":{"rendered":"http:\/\/diariotextual.com\/inicio\/?p=98012"},"modified":"2020-06-18T07:35:29","modified_gmt":"2020-06-18T10:35:29","slug":"marin-la-multa-estoy-arrepentido-lo-sucedido","status":"publish","type":"post","link":"https:\/\/diariotextual.com\/inicio\/index.php\/2020\/06\/17\/marin-la-multa-estoy-arrepentido-lo-sucedido\/","title":{"rendered":"Mar\u00edn y la multa: \u00abEstoy arrepentido por lo sucedido\u00bb"},"content":{"rendered":"<div class=\"rcmBody\">\n<div dir=\"ltr\">\n<div>\n<p>El diputado <strong>Espartaco Mar\u00edn<\/strong> admiti\u00f3 que <a href=\"http:\/\/diariotextual.com\/inicio\/index.php\/2020\/06\/17\/multaron-le-retuvieron-auto-diputado-alcohotest-dio-124-g-l\/\" target=\"_blank\" rel=\"noopener\"><strong>conduc\u00eda alcoholizado su autom\u00f3vil<\/strong><\/a> en una ruta nacional y pidi\u00f3 p\u00fablicamente disculpas.<\/p>\n<p>\u201cEn relaci\u00f3n con la publicaci\u00f3n realizada en medios period\u00edsticos, quiero informar que <strong>efectivamente d\u00edas pasados se me labr\u00f3 un acta por una contravenci\u00f3n de tr\u00e1nsito<\/strong>. <strong>Asumiendo la entidad de la falta me puse a disposici\u00f3n de la autoridad competente y abon\u00e9 la multa correspondiente<\/strong>\u201d, sostuvo en un comunicado de prensa.<\/p>\n<p>\u201cSi bien pertenece al \u00e1mbito de mi vida privada<strong>, soy consciente de la contravenci\u00f3n<\/strong> y de la exposici\u00f3n a la que estoy sujeto. Considerando necesario brindar esta aclaraci\u00f3n a la ciudadan\u00eda,<strong> poniendo la cara como siempre lo hice. Lamentando y arrepinti\u00e9ndome por lo sucedido<\/strong>\u201d, expres\u00f3.<\/p>\n<p>&nbsp;<\/p>\n<blockquote class=\"wp-embedded-content\" data-secret=\"o4SRXBaDA6\"><p><a href=\"http:\/\/diariotextual.com\/inicio\/index.php\/2020\/06\/17\/duro-documento-estrellas-amarillas-espartaco-marin-conducir-ebrio\/\">El duro documento de Estrellas Amarillas a Espartaco Mar\u00edn por conducir ebrio<\/a><\/p><\/blockquote>\n<p><iframe class=\"wp-embedded-content\" sandbox=\"allow-scripts\" security=\"restricted\" style=\"position: absolute; clip: rect(1px, 1px, 1px, 1px);\" src=\"http:\/\/diariotextual.com\/inicio\/index.php\/2020\/06\/17\/duro-documento-estrellas-amarillas-espartaco-marin-conducir-ebrio\/embed\/#?secret=o4SRXBaDA6\" data-secret=\"o4SRXBaDA6\" width=\"600\" height=\"338\" title=\"&#171;El duro documento de Estrellas Amarillas a Espartaco Mar\u00edn por conducir ebrio&#187; &#8212; Diario Textual\" frameborder=\"0\" marginwidth=\"0\" marginheight=\"0\" scrolling=\"no\"><\/iframe><\/p>\n<p>&nbsp;<\/p>\n<p>El caso, que fue publicado esta ma\u00f1ana por <a href=\"http:\/\/diariotextual.com\/inicio\/index.php\/2020\/06\/17\/multaron-le-retuvieron-auto-diputado-alcohotest-dio-124-g-l\/\" target=\"_blank\" rel=\"noopener\"><strong>Diario Textual<\/strong><\/a>, ocurri\u00f3 hace un par de d\u00edas. La Polic\u00eda pampeana mult\u00f3 y le retuvo el autom\u00f3vil al diputado provincial por conducir en forma antirreglamentaria: en un alcohotest, se detect\u00f3 que manejaba con 1,24 gramos del alcohol por litro de sangre, m\u00e1s de dos veces lo permitido por la legislaci\u00f3n.<\/p>\n<p>\u201cTaco\u201d hab\u00eda participado de una reuni\u00f3n de amigos en un campo. Ya a la vuelta, a las 2.40 horas del lunes 15, personal policial intent\u00f3 frenarlo en el cruce de las rutas 35 y 12 -al norte de Santa Rosa, cerca de la Escuela Agrot\u00e9cnica-. All\u00ed intent\u00f3 eludir el control, pero finalmente le cruzaron una patrulla.<\/p>\n<\/div>\n<\/div>\n<\/div>\n<blockquote class=\"wp-embedded-content\" data-secret=\"f5JODoVO2E\"><p><a href=\"http:\/\/diariotextual.com\/inicio\/index.php\/2020\/06\/17\/multaron-le-retuvieron-auto-diputado-alcohotest-dio-124-g-l\/\">Multaron y le retuvieron el auto a un diputado: el alcohotest dio 1,24 g\/l<\/a><\/p><\/blockquote>\n<p><iframe class=\"wp-embedded-content\" sandbox=\"allow-scripts\" security=\"restricted\" style=\"position: absolute; clip: rect(1px, 1px, 1px, 1px);\" src=\"http:\/\/diariotextual.com\/inicio\/index.php\/2020\/06\/17\/multaron-le-retuvieron-auto-diputado-alcohotest-dio-124-g-l\/embed\/#?secret=f5JODoVO2E\" data-secret=\"f5JODoVO2E\" width=\"600\" height=\"338\" title=\"&#171;Multaron y le retuvieron el auto a un diputado: el alcohotest dio 1,24 g\/l&#187; &#8212; Diario Textual\" frameborder=\"0\" marginwidth=\"0\" marginheight=\"0\" scrolling=\"no\"><\/iframe><\/p>\n<p>&nbsp;<\/p>\n<p>&nbsp;<\/p>\n","protected":false},"excerpt":{"rendered":"<p>El diputado Espartaco Mar\u00edn admiti\u00f3 que conduc\u00eda alcoholizado su autom\u00f3vil en una ruta nacional y pidi\u00f3 p\u00fablicamente disculpas. \u201cEn relaci\u00f3n con la publicaci\u00f3n realizada en medios period\u00edsticos, quiero informar que&hellip;<\/p>\n","protected":false},"author":3,"featured_media":21393,"comment_status":"closed","ping_status":"open","sticky":false,"template":"","format":"standard","meta":{"_acf_changed":false,"footnotes":""},"categories":[319,8],"tags":[271,2410],"class_list":["post-98012","post","type-post","status-publish","format-standard","has-post-thumbnail","hentry","category-a-temporales","category-politica","tag-marin","tag-taco"],"acf":[],"yoast_head":"<!-- This site is optimized with the Yoast SEO plugin v27.4 - https:\/\/yoast.com\/product\/yoast-seo-wordpress\/ -->\n<title>Mar\u00edn y la multa: &quot;Estoy arrepentido por lo sucedido&quot; - Diario Textual<\/title>\n<meta name=\"robots\" content=\"index, follow, max-snippet:-1, max-image-preview:large, max-video-preview:-1\" \/>\n<link rel=\"canonical\" href=\"https:\/\/diariotextual.com\/inicio\/index.php\/2020\/06\/17\/marin-la-multa-estoy-arrepentido-lo-sucedido\/\" \/>\n<meta property=\"og:locale\" content=\"es_ES\" \/>\n<meta property=\"og:type\" content=\"article\" \/>\n<meta property=\"og:title\" content=\"Mar\u00edn y la multa: &quot;Estoy arrepentido por lo sucedido&quot; - Diario Textual\" \/>\n<meta property=\"og:description\" content=\"El diputado Espartaco Mar\u00edn admiti\u00f3 que conduc\u00eda alcoholizado su autom\u00f3vil en una ruta nacional y pidi\u00f3 p\u00fablicamente disculpas. \u201cEn relaci\u00f3n con la publicaci\u00f3n realizada en medios period\u00edsticos, quiero informar que&hellip;\" \/>\n<meta property=\"og:url\" content=\"https:\/\/diariotextual.com\/inicio\/index.php\/2020\/06\/17\/marin-la-multa-estoy-arrepentido-lo-sucedido\/\" \/>\n<meta property=\"og:site_name\" content=\"Diario Textual\" \/>\n<meta property=\"article:publisher\" content=\"https:\/\/www.facebook.com\/eltextual\" \/>\n<meta property=\"article:published_time\" content=\"2020-06-17T22:09:50+00:00\" \/>\n<meta property=\"article:modified_time\" content=\"2020-06-18T10:35:29+00:00\" \/>\n<meta property=\"og:image\" content=\"https:\/\/diariotextual.com\/inicio\/wp-content\/uploads\/2018\/09\/marinespartaco10002.jpg\" \/>\n\t<meta property=\"og:image:width\" content=\"1200\" \/>\n\t<meta property=\"og:image:height\" content=\"798\" \/>\n\t<meta property=\"og:image:type\" content=\"image\/jpeg\" \/>\n<meta name=\"author\" content=\"Diario1 Diario1\" \/>\n<meta name=\"twitter:card\" content=\"summary_large_image\" \/>\n<meta name=\"twitter:creator\" content=\"@eltextual\" \/>\n<meta name=\"twitter:site\" content=\"@eltextual\" \/>\n<meta name=\"twitter:label1\" content=\"Escrito por\" \/>\n\t<meta name=\"twitter:data1\" content=\"Diario1 Diario1\" \/>\n\t<meta name=\"twitter:label2\" content=\"Tiempo de lectura\" \/>\n\t<meta name=\"twitter:data2\" content=\"1 minuto\" \/>\n<script type=\"application\/ld+json\" class=\"yoast-schema-graph\">{\"@context\":\"https:\\\/\\\/schema.org\",\"@graph\":[{\"@type\":\"Article\",\"@id\":\"https:\\\/\\\/diariotextual.com\\\/inicio\\\/index.php\\\/2020\\\/06\\\/17\\\/marin-la-multa-estoy-arrepentido-lo-sucedido\\\/#article\",\"isPartOf\":{\"@id\":\"https:\\\/\\\/diariotextual.com\\\/inicio\\\/index.php\\\/2020\\\/06\\\/17\\\/marin-la-multa-estoy-arrepentido-lo-sucedido\\\/\"},\"author\":{\"name\":\"Diario1 Diario1\",\"@id\":\"https:\\\/\\\/diariotextual.com\\\/inicio\\\/#\\\/schema\\\/person\\\/418fc4093c33e86ed41562db3508f958\"},\"headline\":\"Mar\u00edn y la multa: \u00abEstoy arrepentido por lo sucedido\u00bb\",\"datePublished\":\"2020-06-17T22:09:50+00:00\",\"dateModified\":\"2020-06-18T10:35:29+00:00\",\"mainEntityOfPage\":{\"@id\":\"https:\\\/\\\/diariotextual.com\\\/inicio\\\/index.php\\\/2020\\\/06\\\/17\\\/marin-la-multa-estoy-arrepentido-lo-sucedido\\\/\"},\"wordCount\":276,\"publisher\":{\"@id\":\"https:\\\/\\\/diariotextual.com\\\/inicio\\\/#organization\"},\"image\":{\"@id\":\"https:\\\/\\\/diariotextual.com\\\/inicio\\\/index.php\\\/2020\\\/06\\\/17\\\/marin-la-multa-estoy-arrepentido-lo-sucedido\\\/#primaryimage\"},\"thumbnailUrl\":\"https:\\\/\\\/diariotextual.com\\\/inicio\\\/wp-content\\\/uploads\\\/2018\\\/09\\\/marinespartaco10002.jpg\",\"keywords\":[\"marin\",\"taco\"],\"articleSection\":[\"A - TEMPORALES\",\"POLITICA\"],\"inLanguage\":\"es\"},{\"@type\":\"WebPage\",\"@id\":\"https:\\\/\\\/diariotextual.com\\\/inicio\\\/index.php\\\/2020\\\/06\\\/17\\\/marin-la-multa-estoy-arrepentido-lo-sucedido\\\/\",\"url\":\"https:\\\/\\\/diariotextual.com\\\/inicio\\\/index.php\\\/2020\\\/06\\\/17\\\/marin-la-multa-estoy-arrepentido-lo-sucedido\\\/\",\"name\":\"Mar\u00edn y la multa: \\\"Estoy arrepentido por lo sucedido\\\" - Diario Textual\",\"isPartOf\":{\"@id\":\"https:\\\/\\\/diariotextual.com\\\/inicio\\\/#website\"},\"primaryImageOfPage\":{\"@id\":\"https:\\\/\\\/diariotextual.com\\\/inicio\\\/index.php\\\/2020\\\/06\\\/17\\\/marin-la-multa-estoy-arrepentido-lo-sucedido\\\/#primaryimage\"},\"image\":{\"@id\":\"https:\\\/\\\/diariotextual.com\\\/inicio\\\/index.php\\\/2020\\\/06\\\/17\\\/marin-la-multa-estoy-arrepentido-lo-sucedido\\\/#primaryimage\"},\"thumbnailUrl\":\"https:\\\/\\\/diariotextual.com\\\/inicio\\\/wp-content\\\/uploads\\\/2018\\\/09\\\/marinespartaco10002.jpg\",\"datePublished\":\"2020-06-17T22:09:50+00:00\",\"dateModified\":\"2020-06-18T10:35:29+00:00\",\"breadcrumb\":{\"@id\":\"https:\\\/\\\/diariotextual.com\\\/inicio\\\/index.php\\\/2020\\\/06\\\/17\\\/marin-la-multa-estoy-arrepentido-lo-sucedido\\\/#breadcrumb\"},\"inLanguage\":\"es\",\"potentialAction\":[{\"@type\":\"ReadAction\",\"target\":[\"https:\\\/\\\/diariotextual.com\\\/inicio\\\/index.php\\\/2020\\\/06\\\/17\\\/marin-la-multa-estoy-arrepentido-lo-sucedido\\\/\"]}]},{\"@type\":\"ImageObject\",\"inLanguage\":\"es\",\"@id\":\"https:\\\/\\\/diariotextual.com\\\/inicio\\\/index.php\\\/2020\\\/06\\\/17\\\/marin-la-multa-estoy-arrepentido-lo-sucedido\\\/#primaryimage\",\"url\":\"https:\\\/\\\/diariotextual.com\\\/inicio\\\/wp-content\\\/uploads\\\/2018\\\/09\\\/marinespartaco10002.jpg\",\"contentUrl\":\"https:\\\/\\\/diariotextual.com\\\/inicio\\\/wp-content\\\/uploads\\\/2018\\\/09\\\/marinespartaco10002.jpg\",\"width\":1200,\"height\":798},{\"@type\":\"BreadcrumbList\",\"@id\":\"https:\\\/\\\/diariotextual.com\\\/inicio\\\/index.php\\\/2020\\\/06\\\/17\\\/marin-la-multa-estoy-arrepentido-lo-sucedido\\\/#breadcrumb\",\"itemListElement\":[{\"@type\":\"ListItem\",\"position\":1,\"name\":\"Portada\",\"item\":\"https:\\\/\\\/diariotextual.com\\\/inicio\\\/\"},{\"@type\":\"ListItem\",\"position\":2,\"name\":\"Mar\u00edn y la multa: \u00abEstoy arrepentido por lo sucedido\u00bb\"}]},{\"@type\":\"WebSite\",\"@id\":\"https:\\\/\\\/diariotextual.com\\\/inicio\\\/#website\",\"url\":\"https:\\\/\\\/diariotextual.com\\\/inicio\\\/\",\"name\":\"Diario Textual\",\"description\":\"\",\"publisher\":{\"@id\":\"https:\\\/\\\/diariotextual.com\\\/inicio\\\/#organization\"},\"potentialAction\":[{\"@type\":\"SearchAction\",\"target\":{\"@type\":\"EntryPoint\",\"urlTemplate\":\"https:\\\/\\\/diariotextual.com\\\/inicio\\\/?s={search_term_string}\"},\"query-input\":{\"@type\":\"PropertyValueSpecification\",\"valueRequired\":true,\"valueName\":\"search_term_string\"}}],\"inLanguage\":\"es\"},{\"@type\":\"Organization\",\"@id\":\"https:\\\/\\\/diariotextual.com\\\/inicio\\\/#organization\",\"name\":\"Diario Textual\",\"url\":\"https:\\\/\\\/diariotextual.com\\\/inicio\\\/\",\"logo\":{\"@type\":\"ImageObject\",\"inLanguage\":\"es\",\"@id\":\"https:\\\/\\\/diariotextual.com\\\/inicio\\\/#\\\/schema\\\/logo\\\/image\\\/\",\"url\":\"https:\\\/\\\/diariotextual.com\\\/inicio\\\/wp-content\\\/uploads\\\/2023\\\/05\\\/logotextual1.jpg\",\"contentUrl\":\"https:\\\/\\\/diariotextual.com\\\/inicio\\\/wp-content\\\/uploads\\\/2023\\\/05\\\/logotextual1.jpg\",\"width\":516,\"height\":76,\"caption\":\"Diario Textual\"},\"image\":{\"@id\":\"https:\\\/\\\/diariotextual.com\\\/inicio\\\/#\\\/schema\\\/logo\\\/image\\\/\"},\"sameAs\":[\"https:\\\/\\\/www.facebook.com\\\/eltextual\",\"https:\\\/\\\/x.com\\\/eltextual\",\"http:\\\/\\\/www.instagram.com\\\/eltextual\"]},{\"@type\":\"Person\",\"@id\":\"https:\\\/\\\/diariotextual.com\\\/inicio\\\/#\\\/schema\\\/person\\\/418fc4093c33e86ed41562db3508f958\",\"name\":\"Diario1 Diario1\",\"image\":{\"@type\":\"ImageObject\",\"inLanguage\":\"es\",\"@id\":\"https:\\\/\\\/secure.gravatar.com\\\/avatar\\\/9167d280179c85bc18be67aa7eda765854300033af4896dd779b608640f2ef7a?s=96&d=mm&r=g\",\"url\":\"https:\\\/\\\/secure.gravatar.com\\\/avatar\\\/9167d280179c85bc18be67aa7eda765854300033af4896dd779b608640f2ef7a?s=96&d=mm&r=g\",\"contentUrl\":\"https:\\\/\\\/secure.gravatar.com\\\/avatar\\\/9167d280179c85bc18be67aa7eda765854300033af4896dd779b608640f2ef7a?s=96&d=mm&r=g\",\"caption\":\"Diario1 Diario1\"},\"url\":\"https:\\\/\\\/diariotextual.com\\\/inicio\\\/index.php\\\/author\\\/diario1\\\/\"}]}<\/script>\n<!-- \/ Yoast SEO plugin. -->","yoast_head_json":{"title":"Mar\u00edn y la multa: \"Estoy arrepentido por lo sucedido\" - Diario Textual","robots":{"index":"index","follow":"follow","max-snippet":"max-snippet:-1","max-image-preview":"max-image-preview:large","max-video-preview":"max-video-preview:-1"},"canonical":"https:\/\/diariotextual.com\/inicio\/index.php\/2020\/06\/17\/marin-la-multa-estoy-arrepentido-lo-sucedido\/","og_locale":"es_ES","og_type":"article","og_title":"Mar\u00edn y la multa: \"Estoy arrepentido por lo sucedido\" - Diario Textual","og_description":"El diputado Espartaco Mar\u00edn admiti\u00f3 que conduc\u00eda alcoholizado su autom\u00f3vil en una ruta nacional y pidi\u00f3 p\u00fablicamente disculpas. \u201cEn relaci\u00f3n con la publicaci\u00f3n realizada en medios period\u00edsticos, quiero informar que&hellip;","og_url":"https:\/\/diariotextual.com\/inicio\/index.php\/2020\/06\/17\/marin-la-multa-estoy-arrepentido-lo-sucedido\/","og_site_name":"Diario Textual","article_publisher":"https:\/\/www.facebook.com\/eltextual","article_published_time":"2020-06-17T22:09:50+00:00","article_modified_time":"2020-06-18T10:35:29+00:00","og_image":[{"width":1200,"height":798,"url":"https:\/\/diariotextual.com\/inicio\/wp-content\/uploads\/2018\/09\/marinespartaco10002.jpg","type":"image\/jpeg"}],"author":"Diario1 Diario1","twitter_card":"summary_large_image","twitter_creator":"@eltextual","twitter_site":"@eltextual","twitter_misc":{"Escrito por":"Diario1 Diario1","Tiempo de lectura":"1 minuto"},"schema":{"@context":"https:\/\/schema.org","@graph":[{"@type":"Article","@id":"https:\/\/diariotextual.com\/inicio\/index.php\/2020\/06\/17\/marin-la-multa-estoy-arrepentido-lo-sucedido\/#article","isPartOf":{"@id":"https:\/\/diariotextual.com\/inicio\/index.php\/2020\/06\/17\/marin-la-multa-estoy-arrepentido-lo-sucedido\/"},"author":{"name":"Diario1 Diario1","@id":"https:\/\/diariotextual.com\/inicio\/#\/schema\/person\/418fc4093c33e86ed41562db3508f958"},"headline":"Mar\u00edn y la multa: \u00abEstoy arrepentido por lo sucedido\u00bb","datePublished":"2020-06-17T22:09:50+00:00","dateModified":"2020-06-18T10:35:29+00:00","mainEntityOfPage":{"@id":"https:\/\/diariotextual.com\/inicio\/index.php\/2020\/06\/17\/marin-la-multa-estoy-arrepentido-lo-sucedido\/"},"wordCount":276,"publisher":{"@id":"https:\/\/diariotextual.com\/inicio\/#organization"},"image":{"@id":"https:\/\/diariotextual.com\/inicio\/index.php\/2020\/06\/17\/marin-la-multa-estoy-arrepentido-lo-sucedido\/#primaryimage"},"thumbnailUrl":"https:\/\/diariotextual.com\/inicio\/wp-content\/uploads\/2018\/09\/marinespartaco10002.jpg","keywords":["marin","taco"],"articleSection":["A - TEMPORALES","POLITICA"],"inLanguage":"es"},{"@type":"WebPage","@id":"https:\/\/diariotextual.com\/inicio\/index.php\/2020\/06\/17\/marin-la-multa-estoy-arrepentido-lo-sucedido\/","url":"https:\/\/diariotextual.com\/inicio\/index.php\/2020\/06\/17\/marin-la-multa-estoy-arrepentido-lo-sucedido\/","name":"Mar\u00edn y la multa: \"Estoy arrepentido por lo sucedido\" - Diario Textual","isPartOf":{"@id":"https:\/\/diariotextual.com\/inicio\/#website"},"primaryImageOfPage":{"@id":"https:\/\/diariotextual.com\/inicio\/index.php\/2020\/06\/17\/marin-la-multa-estoy-arrepentido-lo-sucedido\/#primaryimage"},"image":{"@id":"https:\/\/diariotextual.com\/inicio\/index.php\/2020\/06\/17\/marin-la-multa-estoy-arrepentido-lo-sucedido\/#primaryimage"},"thumbnailUrl":"https:\/\/diariotextual.com\/inicio\/wp-content\/uploads\/2018\/09\/marinespartaco10002.jpg","datePublished":"2020-06-17T22:09:50+00:00","dateModified":"2020-06-18T10:35:29+00:00","breadcrumb":{"@id":"https:\/\/diariotextual.com\/inicio\/index.php\/2020\/06\/17\/marin-la-multa-estoy-arrepentido-lo-sucedido\/#breadcrumb"},"inLanguage":"es","potentialAction":[{"@type":"ReadAction","target":["https:\/\/diariotextual.com\/inicio\/index.php\/2020\/06\/17\/marin-la-multa-estoy-arrepentido-lo-sucedido\/"]}]},{"@type":"ImageObject","inLanguage":"es","@id":"https:\/\/diariotextual.com\/inicio\/index.php\/2020\/06\/17\/marin-la-multa-estoy-arrepentido-lo-sucedido\/#primaryimage","url":"https:\/\/diariotextual.com\/inicio\/wp-content\/uploads\/2018\/09\/marinespartaco10002.jpg","contentUrl":"https:\/\/diariotextual.com\/inicio\/wp-content\/uploads\/2018\/09\/marinespartaco10002.jpg","width":1200,"height":798},{"@type":"BreadcrumbList","@id":"https:\/\/diariotextual.com\/inicio\/index.php\/2020\/06\/17\/marin-la-multa-estoy-arrepentido-lo-sucedido\/#breadcrumb","itemListElement":[{"@type":"ListItem","position":1,"name":"Portada","item":"https:\/\/diariotextual.com\/inicio\/"},{"@type":"ListItem","position":2,"name":"Mar\u00edn y la multa: \u00abEstoy arrepentido por lo sucedido\u00bb"}]},{"@type":"WebSite","@id":"https:\/\/diariotextual.com\/inicio\/#website","url":"https:\/\/diariotextual.com\/inicio\/","name":"Diario Textual","description":"","publisher":{"@id":"https:\/\/diariotextual.com\/inicio\/#organization"},"potentialAction":[{"@type":"SearchAction","target":{"@type":"EntryPoint","urlTemplate":"https:\/\/diariotextual.com\/inicio\/?s={search_term_string}"},"query-input":{"@type":"PropertyValueSpecification","valueRequired":true,"valueName":"search_term_string"}}],"inLanguage":"es"},{"@type":"Organization","@id":"https:\/\/diariotextual.com\/inicio\/#organization","name":"Diario Textual","url":"https:\/\/diariotextual.com\/inicio\/","logo":{"@type":"ImageObject","inLanguage":"es","@id":"https:\/\/diariotextual.com\/inicio\/#\/schema\/logo\/image\/","url":"https:\/\/diariotextual.com\/inicio\/wp-content\/uploads\/2023\/05\/logotextual1.jpg","contentUrl":"https:\/\/diariotextual.com\/inicio\/wp-content\/uploads\/2023\/05\/logotextual1.jpg","width":516,"height":76,"caption":"Diario Textual"},"image":{"@id":"https:\/\/diariotextual.com\/inicio\/#\/schema\/logo\/image\/"},"sameAs":["https:\/\/www.facebook.com\/eltextual","https:\/\/x.com\/eltextual","http:\/\/www.instagram.com\/eltextual"]},{"@type":"Person","@id":"https:\/\/diariotextual.com\/inicio\/#\/schema\/person\/418fc4093c33e86ed41562db3508f958","name":"Diario1 Diario1","image":{"@type":"ImageObject","inLanguage":"es","@id":"https:\/\/secure.gravatar.com\/avatar\/9167d280179c85bc18be67aa7eda765854300033af4896dd779b608640f2ef7a?s=96&d=mm&r=g","url":"https:\/\/secure.gravatar.com\/avatar\/9167d280179c85bc18be67aa7eda765854300033af4896dd779b608640f2ef7a?s=96&d=mm&r=g","contentUrl":"https:\/\/secure.gravatar.com\/avatar\/9167d280179c85bc18be67aa7eda765854300033af4896dd779b608640f2ef7a?s=96&d=mm&r=g","caption":"Diario1 Diario1"},"url":"https:\/\/diariotextual.com\/inicio\/index.php\/author\/diario1\/"}]}},"_links":{"self":[{"href":"https:\/\/diariotextual.com\/inicio\/index.php\/wp-json\/wp\/v2\/posts\/98012","targetHints":{"allow":["GET"]}}],"collection":[{"href":"https:\/\/diariotextual.com\/inicio\/index.php\/wp-json\/wp\/v2\/posts"}],"about":[{"href":"https:\/\/diariotextual.com\/inicio\/index.php\/wp-json\/wp\/v2\/types\/post"}],"author":[{"embeddable":true,"href":"https:\/\/diariotextual.com\/inicio\/index.php\/wp-json\/wp\/v2\/users\/3"}],"replies":[{"embeddable":true,"href":"https:\/\/diariotextual.com\/inicio\/index.php\/wp-json\/wp\/v2\/comments?post=98012"}],"version-history":[{"count":5,"href":"https:\/\/diariotextual.com\/inicio\/index.php\/wp-json\/wp\/v2\/posts\/98012\/revisions"}],"predecessor-version":[{"id":98063,"href":"https:\/\/diariotextual.com\/inicio\/index.php\/wp-json\/wp\/v2\/posts\/98012\/revisions\/98063"}],"wp:featuredmedia":[{"embeddable":true,"href":"https:\/\/diariotextual.com\/inicio\/index.php\/wp-json\/wp\/v2\/media\/21393"}],"wp:attachment":[{"href":"https:\/\/diariotextual.com\/inicio\/index.php\/wp-json\/wp\/v2\/media?parent=98012"}],"wp:term":[{"taxonomy":"category","embeddable":true,"href":"https:\/\/diariotextual.com\/inicio\/index.php\/wp-json\/wp\/v2\/categories?post=98012"},{"taxonomy":"post_tag","embeddable":true,"href":"https:\/\/diariotextual.com\/inicio\/index.php\/wp-json\/wp\/v2\/tags?post=98012"}],"curies":[{"name":"wp","href":"https:\/\/api.w.org\/{rel}","templated":true}]}}