{"id":98056,"date":"2020-06-17T23:11:04","date_gmt":"2020-06-18T02:11:04","guid":{"rendered":"http:\/\/diariotextual.com\/inicio\/?p=98056"},"modified":"2020-06-18T13:02:23","modified_gmt":"2020-06-18T16:02:23","slug":"duro-documento-estrellas-amarillas-espartaco-marin-conducir-ebrio","status":"publish","type":"post","link":"https:\/\/diariotextual.com\/inicio\/index.php\/2020\/06\/17\/duro-documento-estrellas-amarillas-espartaco-marin-conducir-ebrio\/","title":{"rendered":"El duro documento de Estrellas Amarillas a Espartaco Mar\u00edn por conducir ebrio"},"content":{"rendered":"<p>La<strong> Fundaci\u00f3n Estrellas Amarilla<\/strong>, la ONG integrada por familiares de v\u00edctimas de siniestros viales y que desde hace dos d\u00e9cadas lucha por una mayor concientizaci\u00f3n al volante en La Pampa y todo el centro del pa\u00eds, cuestion\u00f3 duramente en un documento el accionar del diputado provincial <strong>Espartaco Mar\u00edn<\/strong>, quien en las \u00faltimas horas fue encontrado por la Polic\u00eda cuando <a href=\"http:\/\/diariotextual.com\/inicio\/index.php\/2020\/06\/17\/multaron-le-retuvieron-auto-diputado-alcohotest-dio-124-g-l\/\" target=\"_blank\" rel=\"noopener\"><strong>conduc\u00eda ebrio por la ruta nacional 35<\/strong><\/a>, al norte de Santa Rosa.<\/p>\n<p>\u00abEsperamos una<strong> respuesta contundente<\/strong> por parte de los legisladores de la C\u00e1mara de Diputados de La Pampa, como as\u00ed tambi\u00e9n de las m\u00e1ximas autoridades, porque<strong> no solo estaba conduciendo con el triple del alcohol autorizado, sino tambi\u00e9n, estaba dando un p\u00e9simo ejemplo, exponiendo al peligro su propia vida y la de terceras personas<\/strong>. Tambi\u00e9n estaba incumpliendo la cuarentena, dado que la detenci\u00f3n fue a las 2:40am. Y los horarios de circulaci\u00f3n permitida por las resoluciones vigentes son de 8am a 24 pm\u00bb, expres\u00f3 la ONG.<\/p>\n<p><strong>\u00ab\u00bfCon que autoridad moral podemos nosotros, despu\u00e9s, manejarnos y exigirle a la sociedad, cuando nuestros propios representantes violan las normas? No solamente que las violan, sino con ese accionar pueden llegar a generar siniestros y destrozar vidas\u00bb, lanz\u00f3.<\/strong><em><strong><br \/>\n<\/strong><\/em><\/p>\n<p>El caso fue publicado esta ma\u00f1ana por <a href=\"http:\/\/diariotextual.com\/inicio\/index.php\/2020\/06\/17\/multaron-le-retuvieron-auto-diputado-alcohotest-dio-124-g-l\/\" target=\"_blank\" rel=\"noopener\"><strong>Diario Textual.<\/strong><\/a> El lunes a la madrugada, la Polic\u00eda pampeana mult\u00f3 y le retuvo el autom\u00f3vil al diputado provincial por conducir en forma antirreglamentaria: <strong>en un alcohotest, se detect\u00f3 que manejaba con 1,24 gramos del alcohol por litro de sangre, m\u00e1s de dos veces lo permitido por la legislaci\u00f3n<\/strong>.<\/p>\n<p>\u201cTaco\u201d hab\u00eda participado de una reuni\u00f3n de amigos en un campo. Ya a la vuelta, a las 2.40 horas del lunes 15, personal policial intent\u00f3 frenarlo en el cruce de las rutas 35 y 12 -al norte de Santa Rosa, cerca de la Escuela Agrot\u00e9cnica-. All\u00ed intent\u00f3 eludir el control, pero finalmente le cruzaron una patrulla.<\/p>\n<p><img fetchpriority=\"high\" decoding=\"async\" class=\"alignnone wp-image-97930 size-full\" src=\"http:\/\/diariotextual.com\/inicio\/wp-content\/uploads\/2020\/06\/marintacoinfracciontextual2020-5.jpg\" alt=\"\" width=\"803\" height=\"527\" srcset=\"https:\/\/diariotextual.com\/inicio\/wp-content\/uploads\/2020\/06\/marintacoinfracciontextual2020-5.jpg 803w, https:\/\/diariotextual.com\/inicio\/wp-content\/uploads\/2020\/06\/marintacoinfracciontextual2020-5-300x197.jpg 300w, https:\/\/diariotextual.com\/inicio\/wp-content\/uploads\/2020\/06\/marintacoinfracciontextual2020-5-768x504.jpg 768w, https:\/\/diariotextual.com\/inicio\/wp-content\/uploads\/2020\/06\/marintacoinfracciontextual2020-5-585x384.jpg 585w\" sizes=\"(max-width: 803px) 100vw, 803px\" \/><\/p>\n<p>Hoy el legislador <a href=\"http:\/\/diariotextual.com\/inicio\/index.php\/2020\/06\/17\/marin-la-multa-estoy-arrepentido-lo-sucedido\/\" target=\"_blank\" rel=\"noopener\"><strong>pidi\u00f3 disculpas<\/strong><\/a>. \u00abSi bien pertenece al \u00e1mbito de mi vida privada<strong>, soy consciente de la contravenci\u00f3n<\/strong> y de la exposici\u00f3n a la que estoy sujeto. Considerando necesario brindar esta aclaraci\u00f3n a la ciudadan\u00eda,<strong> poniendo la cara como siempre lo hice. Lamentando y arrepinti\u00e9ndome por lo sucedido<\/strong>\u201d, expres\u00f3.<\/p>\n<p>El documento de Estrellas Amarillas es el siguiente:<\/p>\n<p><em>La <strong>Fundaci\u00f3n Estrellas Amarillas manifiesta su total repudio al accionar del Diputado Provincial Espartaco \u201cTaco\u201d Mar\u00edn.<\/strong> <\/em><em>Esperamos <strong>una respuesta contundente por parte de lxs legisladores de la C\u00e1mara de Diputados de La Pampa<\/strong>, como as\u00ed tambi\u00e9n de las m\u00e1ximas autoridades, porque<strong> no solo estaba conduciendo con el triple del alcohol autorizado, sino tambi\u00e9n, estaba dando un p\u00e9simo ejemplo<\/strong>, exponiendo al peligro su propia vida y la de terceras personas.<\/em><\/p>\n<p><em>Tambi\u00e9n <strong>estaba incumpliendo la cuarentena<\/strong>, dado que la detenci\u00f3n fue a las 2:40am. Y los horarios de circulaci\u00f3n permitida por las resoluciones vigentes son de 8am a 24 pm.<\/em><\/p>\n<p><em>C<\/em><em>uando <strong>hace menos de 24 hs. el gobernador Ziliotto nos pidi\u00f3 a todxs lxs Pampeanxs que usemos el barbijo y nos manifest\u00f3 estar molesto por \u201cla falta de uso del barbijo\u201d,<\/strong> tenemos a un representante del gobierno con este accionar imprudente. <strong>\u00bfCon que autoridad moral podemos nosotrxs, despu\u00e9s, manejarnos y exigirle a la sociedad, cuando nuestrxs propixs representantes violan las normas? No solamente que las violan, sino con ese accionar pueden llegar a generar siniestros y destrozar vidas.<\/strong><\/em><\/p>\n<p><em>Nosotras, las Madres, Padres, seres queridxs de victimas del tr\u00e1nsito llevamos m\u00e1s de 15 a\u00f1os de lucha, para tratar de que se tome conciencia con el tema de la \u201csiniestralidad vial\u201d, con las terribles consecuencias que azotan a familias enteras. <strong>Nos fue muy dif\u00edcil que \u201cconducir alcoholizado\u201d sea considerado un delito penal<\/strong>. Nosotrxs comenzamos esta lucha en el a\u00f1o 2003. A finales del a\u00f1o 2017, despu\u00e9s de m\u00e1s de 15 a\u00f1os de lucha logramos que \u201cconducir alcoholizado\u201d sea considerado un delito penal. Ahora estamos tratando de luchar por el alcohol cero en todo el pa\u00eds, y tambi\u00e9n porque las personas que no han matado a nadie, y conducen con alcohol en sangre, sean tambi\u00e9n consideradas y se les inicien causas penales porque estamos previniendo delitos de riesgo, la posibilidad de que esas personas maten y causen da\u00f1os a terceros.<\/em><\/p>\n<p><em>Por eso, nuestra lucha no ha sido nada f\u00e1cil, las principales resistencias las hemos encontrado en lugares donde se tiene que legislar, y las seguimos encontrando. De hecho, en la provincia de La Pampa, no estamos logrando hacer efectiva la Ley de Victimas 27372, en su momento fuimos convocadxs por asesores de este mismo Diputado \u201cMar\u00edn\u201d, para poder garantizar la Ley de Victimas en La Pampa, que lamentablemente, a\u00f9n, no la hemos podido garantizar. Y esto nos demuestra porque, porque ac\u00e1 hay mucha gente a la que no le interesa que los derechos de las v\u00edctimas se garanticen.<\/em><\/p>\n<p><em>Las Madres, Padres y seres queridxs de Victimas del Transito estamos muy molestas, conternadxs, dolidxs y exigimos que se implemente la \u201cSeguridad vial\u201d como pol\u00edtica de Estado en La Pampa.<\/em><\/p>\n<p><strong><em>#NOALAVIOLENCIAVIAL<\/em><\/strong><br \/>\n<strong><em>#CUIDEMOSNOSENTRETODXS<\/em><\/strong><\/p>\n<p><em>Saluda Atte. al pueblo Pampeano Fundaci\u00f3n Estrellas Amarillas.<\/em><\/p>\n<p>&nbsp;<\/p>\n<p>&nbsp;<\/p>\n<p>&nbsp;<\/p>\n<p>&nbsp;<\/p>\n<p>&nbsp;<\/p>\n<p>&nbsp;<\/p>\n","protected":false},"excerpt":{"rendered":"<p>La Fundaci\u00f3n Estrellas Amarilla, la ONG integrada por familiares de v\u00edctimas de siniestros viales y que desde hace dos d\u00e9cadas lucha por una mayor concientizaci\u00f3n al volante en La Pampa&hellip;<\/p>\n","protected":false},"author":3,"featured_media":70103,"comment_status":"closed","ping_status":"open","sticky":false,"template":"","format":"standard","meta":{"_acf_changed":false,"footnotes":""},"categories":[319,12],"tags":[3240,1819,271,2410],"class_list":["post-98056","post","type-post","status-publish","format-standard","has-post-thumbnail","hentry","category-a-temporales","category-sociedad","tag-espartaco","tag-estrellas","tag-marin","tag-taco"],"acf":[],"yoast_head":"<!-- This site is optimized with the Yoast SEO plugin v27.4 - https:\/\/yoast.com\/product\/yoast-seo-wordpress\/ -->\n<title>El duro documento de Estrellas Amarillas a Espartaco Mar\u00edn por conducir ebrio - Diario Textual<\/title>\n<meta name=\"robots\" content=\"index, follow, max-snippet:-1, max-image-preview:large, max-video-preview:-1\" \/>\n<link rel=\"canonical\" href=\"https:\/\/diariotextual.com\/inicio\/index.php\/2020\/06\/17\/duro-documento-estrellas-amarillas-espartaco-marin-conducir-ebrio\/\" \/>\n<meta property=\"og:locale\" content=\"es_ES\" \/>\n<meta property=\"og:type\" content=\"article\" \/>\n<meta property=\"og:title\" content=\"El duro documento de Estrellas Amarillas a Espartaco Mar\u00edn por conducir ebrio - Diario Textual\" \/>\n<meta property=\"og:description\" content=\"La Fundaci\u00f3n Estrellas Amarilla, la ONG integrada por familiares de v\u00edctimas de siniestros viales y que desde hace dos d\u00e9cadas lucha por una mayor concientizaci\u00f3n al volante en La Pampa&hellip;\" \/>\n<meta property=\"og:url\" content=\"https:\/\/diariotextual.com\/inicio\/index.php\/2020\/06\/17\/duro-documento-estrellas-amarillas-espartaco-marin-conducir-ebrio\/\" \/>\n<meta property=\"og:site_name\" content=\"Diario Textual\" \/>\n<meta property=\"article:publisher\" content=\"https:\/\/www.facebook.com\/eltextual\" \/>\n<meta property=\"article:published_time\" content=\"2020-06-18T02:11:04+00:00\" \/>\n<meta property=\"article:modified_time\" content=\"2020-06-18T16:02:23+00:00\" \/>\n<meta property=\"og:image\" content=\"https:\/\/diariotextual.com\/inicio\/wp-content\/uploads\/2019\/11\/estrellasamarillascaravanaporlavida2019-1.jpg\" \/>\n\t<meta property=\"og:image:width\" content=\"1500\" \/>\n\t<meta property=\"og:image:height\" content=\"849\" \/>\n\t<meta property=\"og:image:type\" content=\"image\/jpeg\" \/>\n<meta name=\"author\" content=\"Diario1 Diario1\" \/>\n<meta name=\"twitter:card\" content=\"summary_large_image\" \/>\n<meta name=\"twitter:creator\" content=\"@eltextual\" \/>\n<meta name=\"twitter:site\" content=\"@eltextual\" \/>\n<meta name=\"twitter:label1\" content=\"Escrito por\" \/>\n\t<meta name=\"twitter:data1\" content=\"Diario1 Diario1\" \/>\n\t<meta name=\"twitter:label2\" content=\"Tiempo de lectura\" \/>\n\t<meta name=\"twitter:data2\" content=\"4 minutos\" \/>\n<script type=\"application\/ld+json\" class=\"yoast-schema-graph\">{\"@context\":\"https:\\\/\\\/schema.org\",\"@graph\":[{\"@type\":\"Article\",\"@id\":\"https:\\\/\\\/diariotextual.com\\\/inicio\\\/index.php\\\/2020\\\/06\\\/17\\\/duro-documento-estrellas-amarillas-espartaco-marin-conducir-ebrio\\\/#article\",\"isPartOf\":{\"@id\":\"https:\\\/\\\/diariotextual.com\\\/inicio\\\/index.php\\\/2020\\\/06\\\/17\\\/duro-documento-estrellas-amarillas-espartaco-marin-conducir-ebrio\\\/\"},\"author\":{\"name\":\"Diario1 Diario1\",\"@id\":\"https:\\\/\\\/diariotextual.com\\\/inicio\\\/#\\\/schema\\\/person\\\/418fc4093c33e86ed41562db3508f958\"},\"headline\":\"El duro documento de Estrellas Amarillas a Espartaco Mar\u00edn por conducir ebrio\",\"datePublished\":\"2020-06-18T02:11:04+00:00\",\"dateModified\":\"2020-06-18T16:02:23+00:00\",\"mainEntityOfPage\":{\"@id\":\"https:\\\/\\\/diariotextual.com\\\/inicio\\\/index.php\\\/2020\\\/06\\\/17\\\/duro-documento-estrellas-amarillas-espartaco-marin-conducir-ebrio\\\/\"},\"wordCount\":883,\"publisher\":{\"@id\":\"https:\\\/\\\/diariotextual.com\\\/inicio\\\/#organization\"},\"image\":{\"@id\":\"https:\\\/\\\/diariotextual.com\\\/inicio\\\/index.php\\\/2020\\\/06\\\/17\\\/duro-documento-estrellas-amarillas-espartaco-marin-conducir-ebrio\\\/#primaryimage\"},\"thumbnailUrl\":\"https:\\\/\\\/diariotextual.com\\\/inicio\\\/wp-content\\\/uploads\\\/2019\\\/11\\\/estrellasamarillascaravanaporlavida2019-1.jpg\",\"keywords\":[\"espartaco\",\"estrellas\",\"marin\",\"taco\"],\"articleSection\":[\"A - TEMPORALES\",\"SOCIEDAD\"],\"inLanguage\":\"es\"},{\"@type\":\"WebPage\",\"@id\":\"https:\\\/\\\/diariotextual.com\\\/inicio\\\/index.php\\\/2020\\\/06\\\/17\\\/duro-documento-estrellas-amarillas-espartaco-marin-conducir-ebrio\\\/\",\"url\":\"https:\\\/\\\/diariotextual.com\\\/inicio\\\/index.php\\\/2020\\\/06\\\/17\\\/duro-documento-estrellas-amarillas-espartaco-marin-conducir-ebrio\\\/\",\"name\":\"El duro documento de Estrellas Amarillas a Espartaco Mar\u00edn por conducir ebrio - Diario Textual\",\"isPartOf\":{\"@id\":\"https:\\\/\\\/diariotextual.com\\\/inicio\\\/#website\"},\"primaryImageOfPage\":{\"@id\":\"https:\\\/\\\/diariotextual.com\\\/inicio\\\/index.php\\\/2020\\\/06\\\/17\\\/duro-documento-estrellas-amarillas-espartaco-marin-conducir-ebrio\\\/#primaryimage\"},\"image\":{\"@id\":\"https:\\\/\\\/diariotextual.com\\\/inicio\\\/index.php\\\/2020\\\/06\\\/17\\\/duro-documento-estrellas-amarillas-espartaco-marin-conducir-ebrio\\\/#primaryimage\"},\"thumbnailUrl\":\"https:\\\/\\\/diariotextual.com\\\/inicio\\\/wp-content\\\/uploads\\\/2019\\\/11\\\/estrellasamarillascaravanaporlavida2019-1.jpg\",\"datePublished\":\"2020-06-18T02:11:04+00:00\",\"dateModified\":\"2020-06-18T16:02:23+00:00\",\"breadcrumb\":{\"@id\":\"https:\\\/\\\/diariotextual.com\\\/inicio\\\/index.php\\\/2020\\\/06\\\/17\\\/duro-documento-estrellas-amarillas-espartaco-marin-conducir-ebrio\\\/#breadcrumb\"},\"inLanguage\":\"es\",\"potentialAction\":[{\"@type\":\"ReadAction\",\"target\":[\"https:\\\/\\\/diariotextual.com\\\/inicio\\\/index.php\\\/2020\\\/06\\\/17\\\/duro-documento-estrellas-amarillas-espartaco-marin-conducir-ebrio\\\/\"]}]},{\"@type\":\"ImageObject\",\"inLanguage\":\"es\",\"@id\":\"https:\\\/\\\/diariotextual.com\\\/inicio\\\/index.php\\\/2020\\\/06\\\/17\\\/duro-documento-estrellas-amarillas-espartaco-marin-conducir-ebrio\\\/#primaryimage\",\"url\":\"https:\\\/\\\/diariotextual.com\\\/inicio\\\/wp-content\\\/uploads\\\/2019\\\/11\\\/estrellasamarillascaravanaporlavida2019-1.jpg\",\"contentUrl\":\"https:\\\/\\\/diariotextual.com\\\/inicio\\\/wp-content\\\/uploads\\\/2019\\\/11\\\/estrellasamarillascaravanaporlavida2019-1.jpg\",\"width\":1500,\"height\":849},{\"@type\":\"BreadcrumbList\",\"@id\":\"https:\\\/\\\/diariotextual.com\\\/inicio\\\/index.php\\\/2020\\\/06\\\/17\\\/duro-documento-estrellas-amarillas-espartaco-marin-conducir-ebrio\\\/#breadcrumb\",\"itemListElement\":[{\"@type\":\"ListItem\",\"position\":1,\"name\":\"Portada\",\"item\":\"https:\\\/\\\/diariotextual.com\\\/inicio\\\/\"},{\"@type\":\"ListItem\",\"position\":2,\"name\":\"El duro documento de Estrellas Amarillas a Espartaco Mar\u00edn por conducir ebrio\"}]},{\"@type\":\"WebSite\",\"@id\":\"https:\\\/\\\/diariotextual.com\\\/inicio\\\/#website\",\"url\":\"https:\\\/\\\/diariotextual.com\\\/inicio\\\/\",\"name\":\"Diario Textual\",\"description\":\"\",\"publisher\":{\"@id\":\"https:\\\/\\\/diariotextual.com\\\/inicio\\\/#organization\"},\"potentialAction\":[{\"@type\":\"SearchAction\",\"target\":{\"@type\":\"EntryPoint\",\"urlTemplate\":\"https:\\\/\\\/diariotextual.com\\\/inicio\\\/?s={search_term_string}\"},\"query-input\":{\"@type\":\"PropertyValueSpecification\",\"valueRequired\":true,\"valueName\":\"search_term_string\"}}],\"inLanguage\":\"es\"},{\"@type\":\"Organization\",\"@id\":\"https:\\\/\\\/diariotextual.com\\\/inicio\\\/#organization\",\"name\":\"Diario Textual\",\"url\":\"https:\\\/\\\/diariotextual.com\\\/inicio\\\/\",\"logo\":{\"@type\":\"ImageObject\",\"inLanguage\":\"es\",\"@id\":\"https:\\\/\\\/diariotextual.com\\\/inicio\\\/#\\\/schema\\\/logo\\\/image\\\/\",\"url\":\"https:\\\/\\\/diariotextual.com\\\/inicio\\\/wp-content\\\/uploads\\\/2023\\\/05\\\/logotextual1.jpg\",\"contentUrl\":\"https:\\\/\\\/diariotextual.com\\\/inicio\\\/wp-content\\\/uploads\\\/2023\\\/05\\\/logotextual1.jpg\",\"width\":516,\"height\":76,\"caption\":\"Diario Textual\"},\"image\":{\"@id\":\"https:\\\/\\\/diariotextual.com\\\/inicio\\\/#\\\/schema\\\/logo\\\/image\\\/\"},\"sameAs\":[\"https:\\\/\\\/www.facebook.com\\\/eltextual\",\"https:\\\/\\\/x.com\\\/eltextual\",\"http:\\\/\\\/www.instagram.com\\\/eltextual\"]},{\"@type\":\"Person\",\"@id\":\"https:\\\/\\\/diariotextual.com\\\/inicio\\\/#\\\/schema\\\/person\\\/418fc4093c33e86ed41562db3508f958\",\"name\":\"Diario1 Diario1\",\"image\":{\"@type\":\"ImageObject\",\"inLanguage\":\"es\",\"@id\":\"https:\\\/\\\/secure.gravatar.com\\\/avatar\\\/9167d280179c85bc18be67aa7eda765854300033af4896dd779b608640f2ef7a?s=96&d=mm&r=g\",\"url\":\"https:\\\/\\\/secure.gravatar.com\\\/avatar\\\/9167d280179c85bc18be67aa7eda765854300033af4896dd779b608640f2ef7a?s=96&d=mm&r=g\",\"contentUrl\":\"https:\\\/\\\/secure.gravatar.com\\\/avatar\\\/9167d280179c85bc18be67aa7eda765854300033af4896dd779b608640f2ef7a?s=96&d=mm&r=g\",\"caption\":\"Diario1 Diario1\"},\"url\":\"https:\\\/\\\/diariotextual.com\\\/inicio\\\/index.php\\\/author\\\/diario1\\\/\"}]}<\/script>\n<!-- \/ Yoast SEO plugin. -->","yoast_head_json":{"title":"El duro documento de Estrellas Amarillas a Espartaco Mar\u00edn por conducir ebrio - Diario Textual","robots":{"index":"index","follow":"follow","max-snippet":"max-snippet:-1","max-image-preview":"max-image-preview:large","max-video-preview":"max-video-preview:-1"},"canonical":"https:\/\/diariotextual.com\/inicio\/index.php\/2020\/06\/17\/duro-documento-estrellas-amarillas-espartaco-marin-conducir-ebrio\/","og_locale":"es_ES","og_type":"article","og_title":"El duro documento de Estrellas Amarillas a Espartaco Mar\u00edn por conducir ebrio - Diario Textual","og_description":"La Fundaci\u00f3n Estrellas Amarilla, la ONG integrada por familiares de v\u00edctimas de siniestros viales y que desde hace dos d\u00e9cadas lucha por una mayor concientizaci\u00f3n al volante en La Pampa&hellip;","og_url":"https:\/\/diariotextual.com\/inicio\/index.php\/2020\/06\/17\/duro-documento-estrellas-amarillas-espartaco-marin-conducir-ebrio\/","og_site_name":"Diario Textual","article_publisher":"https:\/\/www.facebook.com\/eltextual","article_published_time":"2020-06-18T02:11:04+00:00","article_modified_time":"2020-06-18T16:02:23+00:00","og_image":[{"width":1500,"height":849,"url":"https:\/\/diariotextual.com\/inicio\/wp-content\/uploads\/2019\/11\/estrellasamarillascaravanaporlavida2019-1.jpg","type":"image\/jpeg"}],"author":"Diario1 Diario1","twitter_card":"summary_large_image","twitter_creator":"@eltextual","twitter_site":"@eltextual","twitter_misc":{"Escrito por":"Diario1 Diario1","Tiempo de lectura":"4 minutos"},"schema":{"@context":"https:\/\/schema.org","@graph":[{"@type":"Article","@id":"https:\/\/diariotextual.com\/inicio\/index.php\/2020\/06\/17\/duro-documento-estrellas-amarillas-espartaco-marin-conducir-ebrio\/#article","isPartOf":{"@id":"https:\/\/diariotextual.com\/inicio\/index.php\/2020\/06\/17\/duro-documento-estrellas-amarillas-espartaco-marin-conducir-ebrio\/"},"author":{"name":"Diario1 Diario1","@id":"https:\/\/diariotextual.com\/inicio\/#\/schema\/person\/418fc4093c33e86ed41562db3508f958"},"headline":"El duro documento de Estrellas Amarillas a Espartaco Mar\u00edn por conducir ebrio","datePublished":"2020-06-18T02:11:04+00:00","dateModified":"2020-06-18T16:02:23+00:00","mainEntityOfPage":{"@id":"https:\/\/diariotextual.com\/inicio\/index.php\/2020\/06\/17\/duro-documento-estrellas-amarillas-espartaco-marin-conducir-ebrio\/"},"wordCount":883,"publisher":{"@id":"https:\/\/diariotextual.com\/inicio\/#organization"},"image":{"@id":"https:\/\/diariotextual.com\/inicio\/index.php\/2020\/06\/17\/duro-documento-estrellas-amarillas-espartaco-marin-conducir-ebrio\/#primaryimage"},"thumbnailUrl":"https:\/\/diariotextual.com\/inicio\/wp-content\/uploads\/2019\/11\/estrellasamarillascaravanaporlavida2019-1.jpg","keywords":["espartaco","estrellas","marin","taco"],"articleSection":["A - TEMPORALES","SOCIEDAD"],"inLanguage":"es"},{"@type":"WebPage","@id":"https:\/\/diariotextual.com\/inicio\/index.php\/2020\/06\/17\/duro-documento-estrellas-amarillas-espartaco-marin-conducir-ebrio\/","url":"https:\/\/diariotextual.com\/inicio\/index.php\/2020\/06\/17\/duro-documento-estrellas-amarillas-espartaco-marin-conducir-ebrio\/","name":"El duro documento de Estrellas Amarillas a Espartaco Mar\u00edn por conducir ebrio - Diario Textual","isPartOf":{"@id":"https:\/\/diariotextual.com\/inicio\/#website"},"primaryImageOfPage":{"@id":"https:\/\/diariotextual.com\/inicio\/index.php\/2020\/06\/17\/duro-documento-estrellas-amarillas-espartaco-marin-conducir-ebrio\/#primaryimage"},"image":{"@id":"https:\/\/diariotextual.com\/inicio\/index.php\/2020\/06\/17\/duro-documento-estrellas-amarillas-espartaco-marin-conducir-ebrio\/#primaryimage"},"thumbnailUrl":"https:\/\/diariotextual.com\/inicio\/wp-content\/uploads\/2019\/11\/estrellasamarillascaravanaporlavida2019-1.jpg","datePublished":"2020-06-18T02:11:04+00:00","dateModified":"2020-06-18T16:02:23+00:00","breadcrumb":{"@id":"https:\/\/diariotextual.com\/inicio\/index.php\/2020\/06\/17\/duro-documento-estrellas-amarillas-espartaco-marin-conducir-ebrio\/#breadcrumb"},"inLanguage":"es","potentialAction":[{"@type":"ReadAction","target":["https:\/\/diariotextual.com\/inicio\/index.php\/2020\/06\/17\/duro-documento-estrellas-amarillas-espartaco-marin-conducir-ebrio\/"]}]},{"@type":"ImageObject","inLanguage":"es","@id":"https:\/\/diariotextual.com\/inicio\/index.php\/2020\/06\/17\/duro-documento-estrellas-amarillas-espartaco-marin-conducir-ebrio\/#primaryimage","url":"https:\/\/diariotextual.com\/inicio\/wp-content\/uploads\/2019\/11\/estrellasamarillascaravanaporlavida2019-1.jpg","contentUrl":"https:\/\/diariotextual.com\/inicio\/wp-content\/uploads\/2019\/11\/estrellasamarillascaravanaporlavida2019-1.jpg","width":1500,"height":849},{"@type":"BreadcrumbList","@id":"https:\/\/diariotextual.com\/inicio\/index.php\/2020\/06\/17\/duro-documento-estrellas-amarillas-espartaco-marin-conducir-ebrio\/#breadcrumb","itemListElement":[{"@type":"ListItem","position":1,"name":"Portada","item":"https:\/\/diariotextual.com\/inicio\/"},{"@type":"ListItem","position":2,"name":"El duro documento de Estrellas Amarillas a Espartaco Mar\u00edn por conducir ebrio"}]},{"@type":"WebSite","@id":"https:\/\/diariotextual.com\/inicio\/#website","url":"https:\/\/diariotextual.com\/inicio\/","name":"Diario Textual","description":"","publisher":{"@id":"https:\/\/diariotextual.com\/inicio\/#organization"},"potentialAction":[{"@type":"SearchAction","target":{"@type":"EntryPoint","urlTemplate":"https:\/\/diariotextual.com\/inicio\/?s={search_term_string}"},"query-input":{"@type":"PropertyValueSpecification","valueRequired":true,"valueName":"search_term_string"}}],"inLanguage":"es"},{"@type":"Organization","@id":"https:\/\/diariotextual.com\/inicio\/#organization","name":"Diario Textual","url":"https:\/\/diariotextual.com\/inicio\/","logo":{"@type":"ImageObject","inLanguage":"es","@id":"https:\/\/diariotextual.com\/inicio\/#\/schema\/logo\/image\/","url":"https:\/\/diariotextual.com\/inicio\/wp-content\/uploads\/2023\/05\/logotextual1.jpg","contentUrl":"https:\/\/diariotextual.com\/inicio\/wp-content\/uploads\/2023\/05\/logotextual1.jpg","width":516,"height":76,"caption":"Diario Textual"},"image":{"@id":"https:\/\/diariotextual.com\/inicio\/#\/schema\/logo\/image\/"},"sameAs":["https:\/\/www.facebook.com\/eltextual","https:\/\/x.com\/eltextual","http:\/\/www.instagram.com\/eltextual"]},{"@type":"Person","@id":"https:\/\/diariotextual.com\/inicio\/#\/schema\/person\/418fc4093c33e86ed41562db3508f958","name":"Diario1 Diario1","image":{"@type":"ImageObject","inLanguage":"es","@id":"https:\/\/secure.gravatar.com\/avatar\/9167d280179c85bc18be67aa7eda765854300033af4896dd779b608640f2ef7a?s=96&d=mm&r=g","url":"https:\/\/secure.gravatar.com\/avatar\/9167d280179c85bc18be67aa7eda765854300033af4896dd779b608640f2ef7a?s=96&d=mm&r=g","contentUrl":"https:\/\/secure.gravatar.com\/avatar\/9167d280179c85bc18be67aa7eda765854300033af4896dd779b608640f2ef7a?s=96&d=mm&r=g","caption":"Diario1 Diario1"},"url":"https:\/\/diariotextual.com\/inicio\/index.php\/author\/diario1\/"}]}},"_links":{"self":[{"href":"https:\/\/diariotextual.com\/inicio\/index.php\/wp-json\/wp\/v2\/posts\/98056","targetHints":{"allow":["GET"]}}],"collection":[{"href":"https:\/\/diariotextual.com\/inicio\/index.php\/wp-json\/wp\/v2\/posts"}],"about":[{"href":"https:\/\/diariotextual.com\/inicio\/index.php\/wp-json\/wp\/v2\/types\/post"}],"author":[{"embeddable":true,"href":"https:\/\/diariotextual.com\/inicio\/index.php\/wp-json\/wp\/v2\/users\/3"}],"replies":[{"embeddable":true,"href":"https:\/\/diariotextual.com\/inicio\/index.php\/wp-json\/wp\/v2\/comments?post=98056"}],"version-history":[{"count":5,"href":"https:\/\/diariotextual.com\/inicio\/index.php\/wp-json\/wp\/v2\/posts\/98056\/revisions"}],"predecessor-version":[{"id":98082,"href":"https:\/\/diariotextual.com\/inicio\/index.php\/wp-json\/wp\/v2\/posts\/98056\/revisions\/98082"}],"wp:featuredmedia":[{"embeddable":true,"href":"https:\/\/diariotextual.com\/inicio\/index.php\/wp-json\/wp\/v2\/media\/70103"}],"wp:attachment":[{"href":"https:\/\/diariotextual.com\/inicio\/index.php\/wp-json\/wp\/v2\/media?parent=98056"}],"wp:term":[{"taxonomy":"category","embeddable":true,"href":"https:\/\/diariotextual.com\/inicio\/index.php\/wp-json\/wp\/v2\/categories?post=98056"},{"taxonomy":"post_tag","embeddable":true,"href":"https:\/\/diariotextual.com\/inicio\/index.php\/wp-json\/wp\/v2\/tags?post=98056"}],"curies":[{"name":"wp","href":"https:\/\/api.w.org\/{rel}","templated":true}]}}