{"id":98230,"date":"2020-06-19T09:05:14","date_gmt":"2020-06-19T12:05:14","guid":{"rendered":"http:\/\/diariotextual.com\/inicio\/?p=98230"},"modified":"2020-06-19T09:47:30","modified_gmt":"2020-06-19T12:47:30","slug":"lanzaran-amplia-moratoria-impositiva-previsional-empresas-personas","status":"publish","type":"post","link":"https:\/\/diariotextual.com\/inicio\/index.php\/2020\/06\/19\/lanzaran-amplia-moratoria-impositiva-previsional-empresas-personas\/","title":{"rendered":"Lanzar\u00e1n amplia moratoria impositiva y previsional para empresas y personas"},"content":{"rendered":"<article class=\"article-body first\">\n<div class=\"article-content selectionShareable\">\n<div class=\"cuerpo\" data-twitter-link=\"\">\n<p>Legisladores del oficialismo presentar\u00e1n la semana pr\u00f3xima un <strong>proyecto de ley de<\/strong>\u00a0<strong>moratoria\u00a0impositiva, previsional y aduanera para personas humanas y todo tipo de empresas<\/strong>, en un contexto de ca\u00edda de la\u00a0recaudaci\u00f3n\u00a0y complicaciones de los contribuyentes para el pago de sus obligaciones, en medio de las restricciones a la actividad econ\u00f3mica que impone la cuarentena por el coronavirus.<\/p>\n<\/div>\n<\/div>\n<\/article>\n<article class=\"article-body\">\n<div class=\"article-content selectionShareable\">\n<div class=\"cuerpo\" data-twitter-link=\"\">\n<p>La propuesta contar\u00eda con el aval del presidente Alberto Fern\u00e1ndez, quien d\u00edas atr\u00e1s adelant\u00f3 su prop\u00f3sito de llevar a cabo una moratoria \u201cpara todo el mundo\u201d, en atenci\u00f3n a los reclamos de diferentes c\u00e1maras empresarias por los <strong>inconvenientes en el pago de obligaciones impositivas y previsionales<\/strong>, entre otras dificultades generadas por la ca\u00edda del nivel de actividad.<\/p>\n<p>Si bien la iniciativa parlamentaria a\u00fan est\u00e1 en elaboraci\u00f3n y no se descartan consultas con la Administraci\u00f3n Federal de Ingresos P\u00fablicos (AFIP) y el Ministerio de Econom\u00eda para pulir detalles, pudo saberse que <strong>abarcar\u00e1 las deudas impositivas, previsionales y aduaneras hasta el 31 de mayo pasado y el plazo de inscripci\u00f3n vencer\u00eda el 31 de agosto.<\/strong><\/p>\n<p>El frente fiscal es uno de los que m\u00e1s preocupa en los despachos oficiales, al punto que por las estrecheces financieras que provoc\u00f3 la ca\u00edda de la recaudaci\u00f3n en t\u00e9rminos reales el Poder Ejecutivo dispuso que el medio aguinaldo de los trabajadores estatales correspondiente a junio se pague hasta en cinco cuotas, por lo que aquellos empleados p\u00fablicos nacionales con sueldos brutos mayores a $80.000 lo cobraran en forma escalonada.<\/p>\n<p>La recaudaci\u00f3n tributaria de mayo tuvo un aumento nominal anual del 12,4%, lo que represent\u00f3 una ca\u00edda en t\u00e9rminos reales de m\u00e1s del 22% si se computa la inflaci\u00f3n de los \u00faltimos doce meses.<\/p>\n<p>La baja en la recaudaci\u00f3n, adem\u00e1s de los problemas para el pago de salarios y el funcionamiento cotidiano de la administraci\u00f3n p\u00fablica nacional, acarrea otros inconvenientes, si se tiene en cuenta que m\u00e1s de la mitad del gasto consolidado de las provincias se financia con recursos de la Coparticipaci\u00f3n Federal de Impuestos.<\/p>\n<p>Asimismo, dificulta la elaboraci\u00f3n de un programa econ\u00f3mico fiscal y financieramente consistente de cara a la negociaci\u00f3n con los acreedores para la aceptaci\u00f3n del canje de la deuda.<\/p>\n<\/div>\n<\/div>\n<\/article>\n","protected":false},"excerpt":{"rendered":"<p>Legisladores del oficialismo presentar\u00e1n la semana pr\u00f3xima un proyecto de ley de\u00a0moratoria\u00a0impositiva, previsional y aduanera para personas humanas y todo tipo de empresas, en un contexto de ca\u00edda de la\u00a0recaudaci\u00f3n\u00a0y&hellip;<\/p>\n","protected":false},"author":7,"featured_media":32170,"comment_status":"closed","ping_status":"open","sticky":false,"template":"","format":"standard","meta":{"_acf_changed":false,"footnotes":""},"categories":[11,5],"tags":[],"class_list":["post-98230","post","type-post","status-publish","format-standard","has-post-thumbnail","hentry","category-que-pasa","category-economia"],"acf":[],"yoast_head":"<!-- This site is optimized with the Yoast SEO plugin v27.5 - https:\/\/yoast.com\/product\/yoast-seo-wordpress\/ -->\n<title>Lanzar\u00e1n amplia moratoria impositiva y previsional para empresas y personas - Diario Textual<\/title>\n<meta name=\"robots\" content=\"index, follow, max-snippet:-1, max-image-preview:large, max-video-preview:-1\" \/>\n<link rel=\"canonical\" href=\"https:\/\/diariotextual.com\/inicio\/index.php\/2020\/06\/19\/lanzaran-amplia-moratoria-impositiva-previsional-empresas-personas\/\" \/>\n<meta property=\"og:locale\" content=\"es_ES\" \/>\n<meta property=\"og:type\" content=\"article\" \/>\n<meta property=\"og:title\" content=\"Lanzar\u00e1n amplia moratoria impositiva y previsional para empresas y personas - Diario Textual\" \/>\n<meta property=\"og:description\" content=\"Legisladores del oficialismo presentar\u00e1n la semana pr\u00f3xima un proyecto de ley de\u00a0moratoria\u00a0impositiva, previsional y aduanera para personas humanas y todo tipo de empresas, en un contexto de ca\u00edda de la\u00a0recaudaci\u00f3n\u00a0y&hellip;\" \/>\n<meta property=\"og:url\" content=\"https:\/\/diariotextual.com\/inicio\/index.php\/2020\/06\/19\/lanzaran-amplia-moratoria-impositiva-previsional-empresas-personas\/\" \/>\n<meta property=\"og:site_name\" content=\"Diario Textual\" \/>\n<meta property=\"article:publisher\" content=\"https:\/\/www.facebook.com\/eltextual\" \/>\n<meta property=\"article:published_time\" content=\"2020-06-19T12:05:14+00:00\" \/>\n<meta property=\"article:modified_time\" content=\"2020-06-19T12:47:30+00:00\" \/>\n<meta property=\"og:image\" content=\"https:\/\/diariotextual.com\/inicio\/wp-content\/uploads\/2018\/12\/afipmonotributo1.jpg\" \/>\n\t<meta property=\"og:image:width\" content=\"700\" \/>\n\t<meta property=\"og:image:height\" content=\"395\" \/>\n\t<meta property=\"og:image:type\" content=\"image\/jpeg\" \/>\n<meta name=\"author\" content=\"diario5\" \/>\n<meta name=\"twitter:card\" content=\"summary_large_image\" \/>\n<meta name=\"twitter:creator\" content=\"@eltextual\" \/>\n<meta name=\"twitter:site\" content=\"@eltextual\" \/>\n<meta name=\"twitter:label1\" content=\"Escrito por\" \/>\n\t<meta name=\"twitter:data1\" content=\"diario5\" \/>\n\t<meta name=\"twitter:label2\" content=\"Tiempo de lectura\" \/>\n\t<meta name=\"twitter:data2\" content=\"2 minutos\" \/>\n<script type=\"application\/ld+json\" class=\"yoast-schema-graph\">{\"@context\":\"https:\\\/\\\/schema.org\",\"@graph\":[{\"@type\":\"Article\",\"@id\":\"https:\\\/\\\/diariotextual.com\\\/inicio\\\/index.php\\\/2020\\\/06\\\/19\\\/lanzaran-amplia-moratoria-impositiva-previsional-empresas-personas\\\/#article\",\"isPartOf\":{\"@id\":\"https:\\\/\\\/diariotextual.com\\\/inicio\\\/index.php\\\/2020\\\/06\\\/19\\\/lanzaran-amplia-moratoria-impositiva-previsional-empresas-personas\\\/\"},\"author\":{\"name\":\"diario5\",\"@id\":\"https:\\\/\\\/diariotextual.com\\\/inicio\\\/#\\\/schema\\\/person\\\/c7834961ad8b29b1d9cdbf4571299067\"},\"headline\":\"Lanzar\u00e1n amplia moratoria impositiva y previsional para empresas y personas\",\"datePublished\":\"2020-06-19T12:05:14+00:00\",\"dateModified\":\"2020-06-19T12:47:30+00:00\",\"mainEntityOfPage\":{\"@id\":\"https:\\\/\\\/diariotextual.com\\\/inicio\\\/index.php\\\/2020\\\/06\\\/19\\\/lanzaran-amplia-moratoria-impositiva-previsional-empresas-personas\\\/\"},\"wordCount\":403,\"publisher\":{\"@id\":\"https:\\\/\\\/diariotextual.com\\\/inicio\\\/#organization\"},\"image\":{\"@id\":\"https:\\\/\\\/diariotextual.com\\\/inicio\\\/index.php\\\/2020\\\/06\\\/19\\\/lanzaran-amplia-moratoria-impositiva-previsional-empresas-personas\\\/#primaryimage\"},\"thumbnailUrl\":\"https:\\\/\\\/diariotextual.com\\\/inicio\\\/wp-content\\\/uploads\\\/2018\\\/12\\\/afipmonotributo1.jpg\",\"articleSection\":[\"A - QUE PASA (al costado)\",\"ECONOMIA\"],\"inLanguage\":\"es\"},{\"@type\":\"WebPage\",\"@id\":\"https:\\\/\\\/diariotextual.com\\\/inicio\\\/index.php\\\/2020\\\/06\\\/19\\\/lanzaran-amplia-moratoria-impositiva-previsional-empresas-personas\\\/\",\"url\":\"https:\\\/\\\/diariotextual.com\\\/inicio\\\/index.php\\\/2020\\\/06\\\/19\\\/lanzaran-amplia-moratoria-impositiva-previsional-empresas-personas\\\/\",\"name\":\"Lanzar\u00e1n amplia moratoria impositiva y previsional para empresas y personas - Diario Textual\",\"isPartOf\":{\"@id\":\"https:\\\/\\\/diariotextual.com\\\/inicio\\\/#website\"},\"primaryImageOfPage\":{\"@id\":\"https:\\\/\\\/diariotextual.com\\\/inicio\\\/index.php\\\/2020\\\/06\\\/19\\\/lanzaran-amplia-moratoria-impositiva-previsional-empresas-personas\\\/#primaryimage\"},\"image\":{\"@id\":\"https:\\\/\\\/diariotextual.com\\\/inicio\\\/index.php\\\/2020\\\/06\\\/19\\\/lanzaran-amplia-moratoria-impositiva-previsional-empresas-personas\\\/#primaryimage\"},\"thumbnailUrl\":\"https:\\\/\\\/diariotextual.com\\\/inicio\\\/wp-content\\\/uploads\\\/2018\\\/12\\\/afipmonotributo1.jpg\",\"datePublished\":\"2020-06-19T12:05:14+00:00\",\"dateModified\":\"2020-06-19T12:47:30+00:00\",\"breadcrumb\":{\"@id\":\"https:\\\/\\\/diariotextual.com\\\/inicio\\\/index.php\\\/2020\\\/06\\\/19\\\/lanzaran-amplia-moratoria-impositiva-previsional-empresas-personas\\\/#breadcrumb\"},\"inLanguage\":\"es\",\"potentialAction\":[{\"@type\":\"ReadAction\",\"target\":[\"https:\\\/\\\/diariotextual.com\\\/inicio\\\/index.php\\\/2020\\\/06\\\/19\\\/lanzaran-amplia-moratoria-impositiva-previsional-empresas-personas\\\/\"]}]},{\"@type\":\"ImageObject\",\"inLanguage\":\"es\",\"@id\":\"https:\\\/\\\/diariotextual.com\\\/inicio\\\/index.php\\\/2020\\\/06\\\/19\\\/lanzaran-amplia-moratoria-impositiva-previsional-empresas-personas\\\/#primaryimage\",\"url\":\"https:\\\/\\\/diariotextual.com\\\/inicio\\\/wp-content\\\/uploads\\\/2018\\\/12\\\/afipmonotributo1.jpg\",\"contentUrl\":\"https:\\\/\\\/diariotextual.com\\\/inicio\\\/wp-content\\\/uploads\\\/2018\\\/12\\\/afipmonotributo1.jpg\",\"width\":700,\"height\":395},{\"@type\":\"BreadcrumbList\",\"@id\":\"https:\\\/\\\/diariotextual.com\\\/inicio\\\/index.php\\\/2020\\\/06\\\/19\\\/lanzaran-amplia-moratoria-impositiva-previsional-empresas-personas\\\/#breadcrumb\",\"itemListElement\":[{\"@type\":\"ListItem\",\"position\":1,\"name\":\"Portada\",\"item\":\"https:\\\/\\\/diariotextual.com\\\/inicio\\\/\"},{\"@type\":\"ListItem\",\"position\":2,\"name\":\"Lanzar\u00e1n amplia moratoria impositiva y previsional para empresas y personas\"}]},{\"@type\":\"WebSite\",\"@id\":\"https:\\\/\\\/diariotextual.com\\\/inicio\\\/#website\",\"url\":\"https:\\\/\\\/diariotextual.com\\\/inicio\\\/\",\"name\":\"Diario Textual\",\"description\":\"\",\"publisher\":{\"@id\":\"https:\\\/\\\/diariotextual.com\\\/inicio\\\/#organization\"},\"potentialAction\":[{\"@type\":\"SearchAction\",\"target\":{\"@type\":\"EntryPoint\",\"urlTemplate\":\"https:\\\/\\\/diariotextual.com\\\/inicio\\\/?s={search_term_string}\"},\"query-input\":{\"@type\":\"PropertyValueSpecification\",\"valueRequired\":true,\"valueName\":\"search_term_string\"}}],\"inLanguage\":\"es\"},{\"@type\":\"Organization\",\"@id\":\"https:\\\/\\\/diariotextual.com\\\/inicio\\\/#organization\",\"name\":\"Diario Textual\",\"url\":\"https:\\\/\\\/diariotextual.com\\\/inicio\\\/\",\"logo\":{\"@type\":\"ImageObject\",\"inLanguage\":\"es\",\"@id\":\"https:\\\/\\\/diariotextual.com\\\/inicio\\\/#\\\/schema\\\/logo\\\/image\\\/\",\"url\":\"https:\\\/\\\/diariotextual.com\\\/inicio\\\/wp-content\\\/uploads\\\/2023\\\/05\\\/logotextual1.jpg\",\"contentUrl\":\"https:\\\/\\\/diariotextual.com\\\/inicio\\\/wp-content\\\/uploads\\\/2023\\\/05\\\/logotextual1.jpg\",\"width\":516,\"height\":76,\"caption\":\"Diario Textual\"},\"image\":{\"@id\":\"https:\\\/\\\/diariotextual.com\\\/inicio\\\/#\\\/schema\\\/logo\\\/image\\\/\"},\"sameAs\":[\"https:\\\/\\\/www.facebook.com\\\/eltextual\",\"https:\\\/\\\/x.com\\\/eltextual\",\"http:\\\/\\\/www.instagram.com\\\/eltextual\"]},{\"@type\":\"Person\",\"@id\":\"https:\\\/\\\/diariotextual.com\\\/inicio\\\/#\\\/schema\\\/person\\\/c7834961ad8b29b1d9cdbf4571299067\",\"name\":\"diario5\",\"image\":{\"@type\":\"ImageObject\",\"inLanguage\":\"es\",\"@id\":\"https:\\\/\\\/secure.gravatar.com\\\/avatar\\\/948c893b847ca6df68216ead81b63f363408ec9b0f600fefc0641ce78613b111?s=96&d=mm&r=g\",\"url\":\"https:\\\/\\\/secure.gravatar.com\\\/avatar\\\/948c893b847ca6df68216ead81b63f363408ec9b0f600fefc0641ce78613b111?s=96&d=mm&r=g\",\"contentUrl\":\"https:\\\/\\\/secure.gravatar.com\\\/avatar\\\/948c893b847ca6df68216ead81b63f363408ec9b0f600fefc0641ce78613b111?s=96&d=mm&r=g\",\"caption\":\"diario5\"},\"url\":\"https:\\\/\\\/diariotextual.com\\\/inicio\\\/index.php\\\/author\\\/diario5\\\/\"}]}<\/script>\n<!-- \/ Yoast SEO plugin. -->","yoast_head_json":{"title":"Lanzar\u00e1n amplia moratoria impositiva y previsional para empresas y personas - Diario Textual","robots":{"index":"index","follow":"follow","max-snippet":"max-snippet:-1","max-image-preview":"max-image-preview:large","max-video-preview":"max-video-preview:-1"},"canonical":"https:\/\/diariotextual.com\/inicio\/index.php\/2020\/06\/19\/lanzaran-amplia-moratoria-impositiva-previsional-empresas-personas\/","og_locale":"es_ES","og_type":"article","og_title":"Lanzar\u00e1n amplia moratoria impositiva y previsional para empresas y personas - Diario Textual","og_description":"Legisladores del oficialismo presentar\u00e1n la semana pr\u00f3xima un proyecto de ley de\u00a0moratoria\u00a0impositiva, previsional y aduanera para personas humanas y todo tipo de empresas, en un contexto de ca\u00edda de la\u00a0recaudaci\u00f3n\u00a0y&hellip;","og_url":"https:\/\/diariotextual.com\/inicio\/index.php\/2020\/06\/19\/lanzaran-amplia-moratoria-impositiva-previsional-empresas-personas\/","og_site_name":"Diario Textual","article_publisher":"https:\/\/www.facebook.com\/eltextual","article_published_time":"2020-06-19T12:05:14+00:00","article_modified_time":"2020-06-19T12:47:30+00:00","og_image":[{"width":700,"height":395,"url":"https:\/\/diariotextual.com\/inicio\/wp-content\/uploads\/2018\/12\/afipmonotributo1.jpg","type":"image\/jpeg"}],"author":"diario5","twitter_card":"summary_large_image","twitter_creator":"@eltextual","twitter_site":"@eltextual","twitter_misc":{"Escrito por":"diario5","Tiempo de lectura":"2 minutos"},"schema":{"@context":"https:\/\/schema.org","@graph":[{"@type":"Article","@id":"https:\/\/diariotextual.com\/inicio\/index.php\/2020\/06\/19\/lanzaran-amplia-moratoria-impositiva-previsional-empresas-personas\/#article","isPartOf":{"@id":"https:\/\/diariotextual.com\/inicio\/index.php\/2020\/06\/19\/lanzaran-amplia-moratoria-impositiva-previsional-empresas-personas\/"},"author":{"name":"diario5","@id":"https:\/\/diariotextual.com\/inicio\/#\/schema\/person\/c7834961ad8b29b1d9cdbf4571299067"},"headline":"Lanzar\u00e1n amplia moratoria impositiva y previsional para empresas y personas","datePublished":"2020-06-19T12:05:14+00:00","dateModified":"2020-06-19T12:47:30+00:00","mainEntityOfPage":{"@id":"https:\/\/diariotextual.com\/inicio\/index.php\/2020\/06\/19\/lanzaran-amplia-moratoria-impositiva-previsional-empresas-personas\/"},"wordCount":403,"publisher":{"@id":"https:\/\/diariotextual.com\/inicio\/#organization"},"image":{"@id":"https:\/\/diariotextual.com\/inicio\/index.php\/2020\/06\/19\/lanzaran-amplia-moratoria-impositiva-previsional-empresas-personas\/#primaryimage"},"thumbnailUrl":"https:\/\/diariotextual.com\/inicio\/wp-content\/uploads\/2018\/12\/afipmonotributo1.jpg","articleSection":["A - QUE PASA (al costado)","ECONOMIA"],"inLanguage":"es"},{"@type":"WebPage","@id":"https:\/\/diariotextual.com\/inicio\/index.php\/2020\/06\/19\/lanzaran-amplia-moratoria-impositiva-previsional-empresas-personas\/","url":"https:\/\/diariotextual.com\/inicio\/index.php\/2020\/06\/19\/lanzaran-amplia-moratoria-impositiva-previsional-empresas-personas\/","name":"Lanzar\u00e1n amplia moratoria impositiva y previsional para empresas y personas - Diario Textual","isPartOf":{"@id":"https:\/\/diariotextual.com\/inicio\/#website"},"primaryImageOfPage":{"@id":"https:\/\/diariotextual.com\/inicio\/index.php\/2020\/06\/19\/lanzaran-amplia-moratoria-impositiva-previsional-empresas-personas\/#primaryimage"},"image":{"@id":"https:\/\/diariotextual.com\/inicio\/index.php\/2020\/06\/19\/lanzaran-amplia-moratoria-impositiva-previsional-empresas-personas\/#primaryimage"},"thumbnailUrl":"https:\/\/diariotextual.com\/inicio\/wp-content\/uploads\/2018\/12\/afipmonotributo1.jpg","datePublished":"2020-06-19T12:05:14+00:00","dateModified":"2020-06-19T12:47:30+00:00","breadcrumb":{"@id":"https:\/\/diariotextual.com\/inicio\/index.php\/2020\/06\/19\/lanzaran-amplia-moratoria-impositiva-previsional-empresas-personas\/#breadcrumb"},"inLanguage":"es","potentialAction":[{"@type":"ReadAction","target":["https:\/\/diariotextual.com\/inicio\/index.php\/2020\/06\/19\/lanzaran-amplia-moratoria-impositiva-previsional-empresas-personas\/"]}]},{"@type":"ImageObject","inLanguage":"es","@id":"https:\/\/diariotextual.com\/inicio\/index.php\/2020\/06\/19\/lanzaran-amplia-moratoria-impositiva-previsional-empresas-personas\/#primaryimage","url":"https:\/\/diariotextual.com\/inicio\/wp-content\/uploads\/2018\/12\/afipmonotributo1.jpg","contentUrl":"https:\/\/diariotextual.com\/inicio\/wp-content\/uploads\/2018\/12\/afipmonotributo1.jpg","width":700,"height":395},{"@type":"BreadcrumbList","@id":"https:\/\/diariotextual.com\/inicio\/index.php\/2020\/06\/19\/lanzaran-amplia-moratoria-impositiva-previsional-empresas-personas\/#breadcrumb","itemListElement":[{"@type":"ListItem","position":1,"name":"Portada","item":"https:\/\/diariotextual.com\/inicio\/"},{"@type":"ListItem","position":2,"name":"Lanzar\u00e1n amplia moratoria impositiva y previsional para empresas y personas"}]},{"@type":"WebSite","@id":"https:\/\/diariotextual.com\/inicio\/#website","url":"https:\/\/diariotextual.com\/inicio\/","name":"Diario Textual","description":"","publisher":{"@id":"https:\/\/diariotextual.com\/inicio\/#organization"},"potentialAction":[{"@type":"SearchAction","target":{"@type":"EntryPoint","urlTemplate":"https:\/\/diariotextual.com\/inicio\/?s={search_term_string}"},"query-input":{"@type":"PropertyValueSpecification","valueRequired":true,"valueName":"search_term_string"}}],"inLanguage":"es"},{"@type":"Organization","@id":"https:\/\/diariotextual.com\/inicio\/#organization","name":"Diario Textual","url":"https:\/\/diariotextual.com\/inicio\/","logo":{"@type":"ImageObject","inLanguage":"es","@id":"https:\/\/diariotextual.com\/inicio\/#\/schema\/logo\/image\/","url":"https:\/\/diariotextual.com\/inicio\/wp-content\/uploads\/2023\/05\/logotextual1.jpg","contentUrl":"https:\/\/diariotextual.com\/inicio\/wp-content\/uploads\/2023\/05\/logotextual1.jpg","width":516,"height":76,"caption":"Diario Textual"},"image":{"@id":"https:\/\/diariotextual.com\/inicio\/#\/schema\/logo\/image\/"},"sameAs":["https:\/\/www.facebook.com\/eltextual","https:\/\/x.com\/eltextual","http:\/\/www.instagram.com\/eltextual"]},{"@type":"Person","@id":"https:\/\/diariotextual.com\/inicio\/#\/schema\/person\/c7834961ad8b29b1d9cdbf4571299067","name":"diario5","image":{"@type":"ImageObject","inLanguage":"es","@id":"https:\/\/secure.gravatar.com\/avatar\/948c893b847ca6df68216ead81b63f363408ec9b0f600fefc0641ce78613b111?s=96&d=mm&r=g","url":"https:\/\/secure.gravatar.com\/avatar\/948c893b847ca6df68216ead81b63f363408ec9b0f600fefc0641ce78613b111?s=96&d=mm&r=g","contentUrl":"https:\/\/secure.gravatar.com\/avatar\/948c893b847ca6df68216ead81b63f363408ec9b0f600fefc0641ce78613b111?s=96&d=mm&r=g","caption":"diario5"},"url":"https:\/\/diariotextual.com\/inicio\/index.php\/author\/diario5\/"}]}},"_links":{"self":[{"href":"https:\/\/diariotextual.com\/inicio\/index.php\/wp-json\/wp\/v2\/posts\/98230","targetHints":{"allow":["GET"]}}],"collection":[{"href":"https:\/\/diariotextual.com\/inicio\/index.php\/wp-json\/wp\/v2\/posts"}],"about":[{"href":"https:\/\/diariotextual.com\/inicio\/index.php\/wp-json\/wp\/v2\/types\/post"}],"author":[{"embeddable":true,"href":"https:\/\/diariotextual.com\/inicio\/index.php\/wp-json\/wp\/v2\/users\/7"}],"replies":[{"embeddable":true,"href":"https:\/\/diariotextual.com\/inicio\/index.php\/wp-json\/wp\/v2\/comments?post=98230"}],"version-history":[{"count":1,"href":"https:\/\/diariotextual.com\/inicio\/index.php\/wp-json\/wp\/v2\/posts\/98230\/revisions"}],"predecessor-version":[{"id":98231,"href":"https:\/\/diariotextual.com\/inicio\/index.php\/wp-json\/wp\/v2\/posts\/98230\/revisions\/98231"}],"wp:featuredmedia":[{"embeddable":true,"href":"https:\/\/diariotextual.com\/inicio\/index.php\/wp-json\/wp\/v2\/media\/32170"}],"wp:attachment":[{"href":"https:\/\/diariotextual.com\/inicio\/index.php\/wp-json\/wp\/v2\/media?parent=98230"}],"wp:term":[{"taxonomy":"category","embeddable":true,"href":"https:\/\/diariotextual.com\/inicio\/index.php\/wp-json\/wp\/v2\/categories?post=98230"},{"taxonomy":"post_tag","embeddable":true,"href":"https:\/\/diariotextual.com\/inicio\/index.php\/wp-json\/wp\/v2\/tags?post=98230"}],"curies":[{"name":"wp","href":"https:\/\/api.w.org\/{rel}","templated":true}]}}