{"id":98296,"date":"2020-06-19T16:57:18","date_gmt":"2020-06-19T19:57:18","guid":{"rendered":"http:\/\/diariotextual.com\/inicio\/?p=98296"},"modified":"2020-06-19T21:00:33","modified_gmt":"2020-06-20T00:00:33","slug":"vicentin-la-justicia-le-devolvio-manejo-la-empresa-los-directivos","status":"publish","type":"post","link":"https:\/\/diariotextual.com\/inicio\/index.php\/2020\/06\/19\/vicentin-la-justicia-le-devolvio-manejo-la-empresa-los-directivos\/","title":{"rendered":"Vicentin: la Justicia le devolvi\u00f3 el manejo de la empresa a los directivos"},"content":{"rendered":"<p>El juez que est\u00e1 manejando el concurso de acreedores del grupo agroexportador <strong>Vicentin<\/strong> le asest\u00f3 un duro golpe al <strong>Gobierno Nacional<\/strong> en su intento de intervenci\u00f3n y probable expropiaci\u00f3n. Este viernes, <strong>Fabi\u00e1n Lorenzini<\/strong>, a cargo del <strong>tribunal Civil y Comercial de Reconquista<\/strong>, decidi\u00f3 devolverle el manejo de la empresa al directorio nombrado por los accionistas y, adem\u00e1s, degrad\u00f3 a los interventores designados por el presidente <strong>Alberto Fern\u00e1ndez<\/strong> al rango de veedores controladores.<\/p>\n<p>El magistrado dispuso en su fallo que \u00abcon car\u00e1cter de medida autosatisfactiva y previa prestaci\u00f3n de contracautela,\u00a0que los administradores naturales de la sociedad concursada, designados conforme a la ultima <strong>Asamblea Ordinaria de Accionistas<\/strong>,\u00a0contin\u00faen ejerciendo las funciones para las cuales fueron designados, conforme al estatuto de la misma\u201d.<\/p>\n<p>Por otra parte, estableci\u00f3 que\u00a0\u201clos Sres. Interventores designados en el <strong>DNU 522\/2020 del PEN<\/strong>, podr\u00e1n continuar desarrollando su tarea, con el grado de veedores controladores\u201d.<\/p>\n<p>Adem\u00e1s, <strong>Lorenzini<\/strong>\u00a0hizo una clara referencia al contexto econ\u00f3mico que atraviesa la empresa por la <strong>pandemia de coronavirus<\/strong>, acerca de lo cual expres\u00f3:\u00a0\u201cCobra especial relevancia en el actual contexto de crisis financiera y econ\u00f3mica, la magnitud empresaria de la sociedad concursada\u201d.<\/p>\n<p>Sin embargo, el juez se\u00a0declar\u00f3 \u201cincompetente para entender en la demanda declarativa de <strong>inconstitucionalidad<\/strong>\u201d de la intervenci\u00f3n.<\/p>\n<p>&nbsp;<\/p>\n<p>&nbsp;<\/p>\n<p>&nbsp;<\/p>\n","protected":false},"excerpt":{"rendered":"<p>El juez que est\u00e1 manejando el concurso de acreedores del grupo agroexportador Vicentin le asest\u00f3 un duro golpe al Gobierno Nacional en su intento de intervenci\u00f3n y probable expropiaci\u00f3n. Este&hellip;<\/p>\n","protected":false},"author":3,"featured_media":97262,"comment_status":"closed","ping_status":"open","sticky":false,"template":"","format":"standard","meta":{"_acf_changed":false,"footnotes":""},"categories":[5],"tags":[2723],"class_list":["post-98296","post","type-post","status-publish","format-standard","has-post-thumbnail","hentry","category-economia","tag-vicentin"],"acf":[],"yoast_head":"<!-- This site is optimized with the Yoast SEO plugin v27.5 - https:\/\/yoast.com\/product\/yoast-seo-wordpress\/ -->\n<title>Vicentin: la Justicia le devolvi\u00f3 el manejo de la empresa a los directivos - Diario Textual<\/title>\n<meta name=\"robots\" content=\"index, follow, max-snippet:-1, max-image-preview:large, max-video-preview:-1\" \/>\n<link rel=\"canonical\" href=\"https:\/\/diariotextual.com\/inicio\/index.php\/2020\/06\/19\/vicentin-la-justicia-le-devolvio-manejo-la-empresa-los-directivos\/\" \/>\n<meta property=\"og:locale\" content=\"es_ES\" \/>\n<meta property=\"og:type\" content=\"article\" \/>\n<meta property=\"og:title\" content=\"Vicentin: la Justicia le devolvi\u00f3 el manejo de la empresa a los directivos - Diario Textual\" \/>\n<meta property=\"og:description\" content=\"El juez que est\u00e1 manejando el concurso de acreedores del grupo agroexportador Vicentin le asest\u00f3 un duro golpe al Gobierno Nacional en su intento de intervenci\u00f3n y probable expropiaci\u00f3n. Este&hellip;\" \/>\n<meta property=\"og:url\" content=\"https:\/\/diariotextual.com\/inicio\/index.php\/2020\/06\/19\/vicentin-la-justicia-le-devolvio-manejo-la-empresa-los-directivos\/\" \/>\n<meta property=\"og:site_name\" content=\"Diario Textual\" \/>\n<meta property=\"article:publisher\" content=\"https:\/\/www.facebook.com\/eltextual\" \/>\n<meta property=\"article:published_time\" content=\"2020-06-19T19:57:18+00:00\" \/>\n<meta property=\"article:modified_time\" content=\"2020-06-20T00:00:33+00:00\" \/>\n<meta property=\"og:image\" content=\"https:\/\/diariotextual.com\/inicio\/wp-content\/uploads\/2020\/06\/vicentin2020-3.jpg\" \/>\n\t<meta property=\"og:image:width\" content=\"1004\" \/>\n\t<meta property=\"og:image:height\" content=\"565\" \/>\n\t<meta property=\"og:image:type\" content=\"image\/jpeg\" \/>\n<meta name=\"author\" content=\"Diario1 Diario1\" \/>\n<meta name=\"twitter:card\" content=\"summary_large_image\" \/>\n<meta name=\"twitter:creator\" content=\"@eltextual\" \/>\n<meta name=\"twitter:site\" content=\"@eltextual\" \/>\n<meta name=\"twitter:label1\" content=\"Escrito por\" \/>\n\t<meta name=\"twitter:data1\" content=\"Diario1 Diario1\" \/>\n\t<meta name=\"twitter:label2\" content=\"Tiempo de lectura\" \/>\n\t<meta name=\"twitter:data2\" content=\"1 minuto\" \/>\n<script type=\"application\/ld+json\" class=\"yoast-schema-graph\">{\"@context\":\"https:\\\/\\\/schema.org\",\"@graph\":[{\"@type\":\"Article\",\"@id\":\"https:\\\/\\\/diariotextual.com\\\/inicio\\\/index.php\\\/2020\\\/06\\\/19\\\/vicentin-la-justicia-le-devolvio-manejo-la-empresa-los-directivos\\\/#article\",\"isPartOf\":{\"@id\":\"https:\\\/\\\/diariotextual.com\\\/inicio\\\/index.php\\\/2020\\\/06\\\/19\\\/vicentin-la-justicia-le-devolvio-manejo-la-empresa-los-directivos\\\/\"},\"author\":{\"name\":\"Diario1 Diario1\",\"@id\":\"https:\\\/\\\/diariotextual.com\\\/inicio\\\/#\\\/schema\\\/person\\\/418fc4093c33e86ed41562db3508f958\"},\"headline\":\"Vicentin: la Justicia le devolvi\u00f3 el manejo de la empresa a los directivos\",\"datePublished\":\"2020-06-19T19:57:18+00:00\",\"dateModified\":\"2020-06-20T00:00:33+00:00\",\"mainEntityOfPage\":{\"@id\":\"https:\\\/\\\/diariotextual.com\\\/inicio\\\/index.php\\\/2020\\\/06\\\/19\\\/vicentin-la-justicia-le-devolvio-manejo-la-empresa-los-directivos\\\/\"},\"wordCount\":235,\"publisher\":{\"@id\":\"https:\\\/\\\/diariotextual.com\\\/inicio\\\/#organization\"},\"image\":{\"@id\":\"https:\\\/\\\/diariotextual.com\\\/inicio\\\/index.php\\\/2020\\\/06\\\/19\\\/vicentin-la-justicia-le-devolvio-manejo-la-empresa-los-directivos\\\/#primaryimage\"},\"thumbnailUrl\":\"https:\\\/\\\/diariotextual.com\\\/inicio\\\/wp-content\\\/uploads\\\/2020\\\/06\\\/vicentin2020-3.jpg\",\"keywords\":[\"vicentin\"],\"articleSection\":[\"ECONOMIA\"],\"inLanguage\":\"es\"},{\"@type\":\"WebPage\",\"@id\":\"https:\\\/\\\/diariotextual.com\\\/inicio\\\/index.php\\\/2020\\\/06\\\/19\\\/vicentin-la-justicia-le-devolvio-manejo-la-empresa-los-directivos\\\/\",\"url\":\"https:\\\/\\\/diariotextual.com\\\/inicio\\\/index.php\\\/2020\\\/06\\\/19\\\/vicentin-la-justicia-le-devolvio-manejo-la-empresa-los-directivos\\\/\",\"name\":\"Vicentin: la Justicia le devolvi\u00f3 el manejo de la empresa a los directivos - Diario Textual\",\"isPartOf\":{\"@id\":\"https:\\\/\\\/diariotextual.com\\\/inicio\\\/#website\"},\"primaryImageOfPage\":{\"@id\":\"https:\\\/\\\/diariotextual.com\\\/inicio\\\/index.php\\\/2020\\\/06\\\/19\\\/vicentin-la-justicia-le-devolvio-manejo-la-empresa-los-directivos\\\/#primaryimage\"},\"image\":{\"@id\":\"https:\\\/\\\/diariotextual.com\\\/inicio\\\/index.php\\\/2020\\\/06\\\/19\\\/vicentin-la-justicia-le-devolvio-manejo-la-empresa-los-directivos\\\/#primaryimage\"},\"thumbnailUrl\":\"https:\\\/\\\/diariotextual.com\\\/inicio\\\/wp-content\\\/uploads\\\/2020\\\/06\\\/vicentin2020-3.jpg\",\"datePublished\":\"2020-06-19T19:57:18+00:00\",\"dateModified\":\"2020-06-20T00:00:33+00:00\",\"breadcrumb\":{\"@id\":\"https:\\\/\\\/diariotextual.com\\\/inicio\\\/index.php\\\/2020\\\/06\\\/19\\\/vicentin-la-justicia-le-devolvio-manejo-la-empresa-los-directivos\\\/#breadcrumb\"},\"inLanguage\":\"es\",\"potentialAction\":[{\"@type\":\"ReadAction\",\"target\":[\"https:\\\/\\\/diariotextual.com\\\/inicio\\\/index.php\\\/2020\\\/06\\\/19\\\/vicentin-la-justicia-le-devolvio-manejo-la-empresa-los-directivos\\\/\"]}]},{\"@type\":\"ImageObject\",\"inLanguage\":\"es\",\"@id\":\"https:\\\/\\\/diariotextual.com\\\/inicio\\\/index.php\\\/2020\\\/06\\\/19\\\/vicentin-la-justicia-le-devolvio-manejo-la-empresa-los-directivos\\\/#primaryimage\",\"url\":\"https:\\\/\\\/diariotextual.com\\\/inicio\\\/wp-content\\\/uploads\\\/2020\\\/06\\\/vicentin2020-3.jpg\",\"contentUrl\":\"https:\\\/\\\/diariotextual.com\\\/inicio\\\/wp-content\\\/uploads\\\/2020\\\/06\\\/vicentin2020-3.jpg\",\"width\":1004,\"height\":565},{\"@type\":\"BreadcrumbList\",\"@id\":\"https:\\\/\\\/diariotextual.com\\\/inicio\\\/index.php\\\/2020\\\/06\\\/19\\\/vicentin-la-justicia-le-devolvio-manejo-la-empresa-los-directivos\\\/#breadcrumb\",\"itemListElement\":[{\"@type\":\"ListItem\",\"position\":1,\"name\":\"Portada\",\"item\":\"https:\\\/\\\/diariotextual.com\\\/inicio\\\/\"},{\"@type\":\"ListItem\",\"position\":2,\"name\":\"Vicentin: la Justicia le devolvi\u00f3 el manejo de la empresa a los directivos\"}]},{\"@type\":\"WebSite\",\"@id\":\"https:\\\/\\\/diariotextual.com\\\/inicio\\\/#website\",\"url\":\"https:\\\/\\\/diariotextual.com\\\/inicio\\\/\",\"name\":\"Diario Textual\",\"description\":\"\",\"publisher\":{\"@id\":\"https:\\\/\\\/diariotextual.com\\\/inicio\\\/#organization\"},\"potentialAction\":[{\"@type\":\"SearchAction\",\"target\":{\"@type\":\"EntryPoint\",\"urlTemplate\":\"https:\\\/\\\/diariotextual.com\\\/inicio\\\/?s={search_term_string}\"},\"query-input\":{\"@type\":\"PropertyValueSpecification\",\"valueRequired\":true,\"valueName\":\"search_term_string\"}}],\"inLanguage\":\"es\"},{\"@type\":\"Organization\",\"@id\":\"https:\\\/\\\/diariotextual.com\\\/inicio\\\/#organization\",\"name\":\"Diario Textual\",\"url\":\"https:\\\/\\\/diariotextual.com\\\/inicio\\\/\",\"logo\":{\"@type\":\"ImageObject\",\"inLanguage\":\"es\",\"@id\":\"https:\\\/\\\/diariotextual.com\\\/inicio\\\/#\\\/schema\\\/logo\\\/image\\\/\",\"url\":\"https:\\\/\\\/diariotextual.com\\\/inicio\\\/wp-content\\\/uploads\\\/2023\\\/05\\\/logotextual1.jpg\",\"contentUrl\":\"https:\\\/\\\/diariotextual.com\\\/inicio\\\/wp-content\\\/uploads\\\/2023\\\/05\\\/logotextual1.jpg\",\"width\":516,\"height\":76,\"caption\":\"Diario Textual\"},\"image\":{\"@id\":\"https:\\\/\\\/diariotextual.com\\\/inicio\\\/#\\\/schema\\\/logo\\\/image\\\/\"},\"sameAs\":[\"https:\\\/\\\/www.facebook.com\\\/eltextual\",\"https:\\\/\\\/x.com\\\/eltextual\",\"http:\\\/\\\/www.instagram.com\\\/eltextual\"]},{\"@type\":\"Person\",\"@id\":\"https:\\\/\\\/diariotextual.com\\\/inicio\\\/#\\\/schema\\\/person\\\/418fc4093c33e86ed41562db3508f958\",\"name\":\"Diario1 Diario1\",\"image\":{\"@type\":\"ImageObject\",\"inLanguage\":\"es\",\"@id\":\"https:\\\/\\\/secure.gravatar.com\\\/avatar\\\/9167d280179c85bc18be67aa7eda765854300033af4896dd779b608640f2ef7a?s=96&d=mm&r=g\",\"url\":\"https:\\\/\\\/secure.gravatar.com\\\/avatar\\\/9167d280179c85bc18be67aa7eda765854300033af4896dd779b608640f2ef7a?s=96&d=mm&r=g\",\"contentUrl\":\"https:\\\/\\\/secure.gravatar.com\\\/avatar\\\/9167d280179c85bc18be67aa7eda765854300033af4896dd779b608640f2ef7a?s=96&d=mm&r=g\",\"caption\":\"Diario1 Diario1\"},\"url\":\"https:\\\/\\\/diariotextual.com\\\/inicio\\\/index.php\\\/author\\\/diario1\\\/\"}]}<\/script>\n<!-- \/ Yoast SEO plugin. -->","yoast_head_json":{"title":"Vicentin: la Justicia le devolvi\u00f3 el manejo de la empresa a los directivos - Diario Textual","robots":{"index":"index","follow":"follow","max-snippet":"max-snippet:-1","max-image-preview":"max-image-preview:large","max-video-preview":"max-video-preview:-1"},"canonical":"https:\/\/diariotextual.com\/inicio\/index.php\/2020\/06\/19\/vicentin-la-justicia-le-devolvio-manejo-la-empresa-los-directivos\/","og_locale":"es_ES","og_type":"article","og_title":"Vicentin: la Justicia le devolvi\u00f3 el manejo de la empresa a los directivos - Diario Textual","og_description":"El juez que est\u00e1 manejando el concurso de acreedores del grupo agroexportador Vicentin le asest\u00f3 un duro golpe al Gobierno Nacional en su intento de intervenci\u00f3n y probable expropiaci\u00f3n. Este&hellip;","og_url":"https:\/\/diariotextual.com\/inicio\/index.php\/2020\/06\/19\/vicentin-la-justicia-le-devolvio-manejo-la-empresa-los-directivos\/","og_site_name":"Diario Textual","article_publisher":"https:\/\/www.facebook.com\/eltextual","article_published_time":"2020-06-19T19:57:18+00:00","article_modified_time":"2020-06-20T00:00:33+00:00","og_image":[{"width":1004,"height":565,"url":"https:\/\/diariotextual.com\/inicio\/wp-content\/uploads\/2020\/06\/vicentin2020-3.jpg","type":"image\/jpeg"}],"author":"Diario1 Diario1","twitter_card":"summary_large_image","twitter_creator":"@eltextual","twitter_site":"@eltextual","twitter_misc":{"Escrito por":"Diario1 Diario1","Tiempo de lectura":"1 minuto"},"schema":{"@context":"https:\/\/schema.org","@graph":[{"@type":"Article","@id":"https:\/\/diariotextual.com\/inicio\/index.php\/2020\/06\/19\/vicentin-la-justicia-le-devolvio-manejo-la-empresa-los-directivos\/#article","isPartOf":{"@id":"https:\/\/diariotextual.com\/inicio\/index.php\/2020\/06\/19\/vicentin-la-justicia-le-devolvio-manejo-la-empresa-los-directivos\/"},"author":{"name":"Diario1 Diario1","@id":"https:\/\/diariotextual.com\/inicio\/#\/schema\/person\/418fc4093c33e86ed41562db3508f958"},"headline":"Vicentin: la Justicia le devolvi\u00f3 el manejo de la empresa a los directivos","datePublished":"2020-06-19T19:57:18+00:00","dateModified":"2020-06-20T00:00:33+00:00","mainEntityOfPage":{"@id":"https:\/\/diariotextual.com\/inicio\/index.php\/2020\/06\/19\/vicentin-la-justicia-le-devolvio-manejo-la-empresa-los-directivos\/"},"wordCount":235,"publisher":{"@id":"https:\/\/diariotextual.com\/inicio\/#organization"},"image":{"@id":"https:\/\/diariotextual.com\/inicio\/index.php\/2020\/06\/19\/vicentin-la-justicia-le-devolvio-manejo-la-empresa-los-directivos\/#primaryimage"},"thumbnailUrl":"https:\/\/diariotextual.com\/inicio\/wp-content\/uploads\/2020\/06\/vicentin2020-3.jpg","keywords":["vicentin"],"articleSection":["ECONOMIA"],"inLanguage":"es"},{"@type":"WebPage","@id":"https:\/\/diariotextual.com\/inicio\/index.php\/2020\/06\/19\/vicentin-la-justicia-le-devolvio-manejo-la-empresa-los-directivos\/","url":"https:\/\/diariotextual.com\/inicio\/index.php\/2020\/06\/19\/vicentin-la-justicia-le-devolvio-manejo-la-empresa-los-directivos\/","name":"Vicentin: la Justicia le devolvi\u00f3 el manejo de la empresa a los directivos - Diario Textual","isPartOf":{"@id":"https:\/\/diariotextual.com\/inicio\/#website"},"primaryImageOfPage":{"@id":"https:\/\/diariotextual.com\/inicio\/index.php\/2020\/06\/19\/vicentin-la-justicia-le-devolvio-manejo-la-empresa-los-directivos\/#primaryimage"},"image":{"@id":"https:\/\/diariotextual.com\/inicio\/index.php\/2020\/06\/19\/vicentin-la-justicia-le-devolvio-manejo-la-empresa-los-directivos\/#primaryimage"},"thumbnailUrl":"https:\/\/diariotextual.com\/inicio\/wp-content\/uploads\/2020\/06\/vicentin2020-3.jpg","datePublished":"2020-06-19T19:57:18+00:00","dateModified":"2020-06-20T00:00:33+00:00","breadcrumb":{"@id":"https:\/\/diariotextual.com\/inicio\/index.php\/2020\/06\/19\/vicentin-la-justicia-le-devolvio-manejo-la-empresa-los-directivos\/#breadcrumb"},"inLanguage":"es","potentialAction":[{"@type":"ReadAction","target":["https:\/\/diariotextual.com\/inicio\/index.php\/2020\/06\/19\/vicentin-la-justicia-le-devolvio-manejo-la-empresa-los-directivos\/"]}]},{"@type":"ImageObject","inLanguage":"es","@id":"https:\/\/diariotextual.com\/inicio\/index.php\/2020\/06\/19\/vicentin-la-justicia-le-devolvio-manejo-la-empresa-los-directivos\/#primaryimage","url":"https:\/\/diariotextual.com\/inicio\/wp-content\/uploads\/2020\/06\/vicentin2020-3.jpg","contentUrl":"https:\/\/diariotextual.com\/inicio\/wp-content\/uploads\/2020\/06\/vicentin2020-3.jpg","width":1004,"height":565},{"@type":"BreadcrumbList","@id":"https:\/\/diariotextual.com\/inicio\/index.php\/2020\/06\/19\/vicentin-la-justicia-le-devolvio-manejo-la-empresa-los-directivos\/#breadcrumb","itemListElement":[{"@type":"ListItem","position":1,"name":"Portada","item":"https:\/\/diariotextual.com\/inicio\/"},{"@type":"ListItem","position":2,"name":"Vicentin: la Justicia le devolvi\u00f3 el manejo de la empresa a los directivos"}]},{"@type":"WebSite","@id":"https:\/\/diariotextual.com\/inicio\/#website","url":"https:\/\/diariotextual.com\/inicio\/","name":"Diario Textual","description":"","publisher":{"@id":"https:\/\/diariotextual.com\/inicio\/#organization"},"potentialAction":[{"@type":"SearchAction","target":{"@type":"EntryPoint","urlTemplate":"https:\/\/diariotextual.com\/inicio\/?s={search_term_string}"},"query-input":{"@type":"PropertyValueSpecification","valueRequired":true,"valueName":"search_term_string"}}],"inLanguage":"es"},{"@type":"Organization","@id":"https:\/\/diariotextual.com\/inicio\/#organization","name":"Diario Textual","url":"https:\/\/diariotextual.com\/inicio\/","logo":{"@type":"ImageObject","inLanguage":"es","@id":"https:\/\/diariotextual.com\/inicio\/#\/schema\/logo\/image\/","url":"https:\/\/diariotextual.com\/inicio\/wp-content\/uploads\/2023\/05\/logotextual1.jpg","contentUrl":"https:\/\/diariotextual.com\/inicio\/wp-content\/uploads\/2023\/05\/logotextual1.jpg","width":516,"height":76,"caption":"Diario Textual"},"image":{"@id":"https:\/\/diariotextual.com\/inicio\/#\/schema\/logo\/image\/"},"sameAs":["https:\/\/www.facebook.com\/eltextual","https:\/\/x.com\/eltextual","http:\/\/www.instagram.com\/eltextual"]},{"@type":"Person","@id":"https:\/\/diariotextual.com\/inicio\/#\/schema\/person\/418fc4093c33e86ed41562db3508f958","name":"Diario1 Diario1","image":{"@type":"ImageObject","inLanguage":"es","@id":"https:\/\/secure.gravatar.com\/avatar\/9167d280179c85bc18be67aa7eda765854300033af4896dd779b608640f2ef7a?s=96&d=mm&r=g","url":"https:\/\/secure.gravatar.com\/avatar\/9167d280179c85bc18be67aa7eda765854300033af4896dd779b608640f2ef7a?s=96&d=mm&r=g","contentUrl":"https:\/\/secure.gravatar.com\/avatar\/9167d280179c85bc18be67aa7eda765854300033af4896dd779b608640f2ef7a?s=96&d=mm&r=g","caption":"Diario1 Diario1"},"url":"https:\/\/diariotextual.com\/inicio\/index.php\/author\/diario1\/"}]}},"_links":{"self":[{"href":"https:\/\/diariotextual.com\/inicio\/index.php\/wp-json\/wp\/v2\/posts\/98296","targetHints":{"allow":["GET"]}}],"collection":[{"href":"https:\/\/diariotextual.com\/inicio\/index.php\/wp-json\/wp\/v2\/posts"}],"about":[{"href":"https:\/\/diariotextual.com\/inicio\/index.php\/wp-json\/wp\/v2\/types\/post"}],"author":[{"embeddable":true,"href":"https:\/\/diariotextual.com\/inicio\/index.php\/wp-json\/wp\/v2\/users\/3"}],"replies":[{"embeddable":true,"href":"https:\/\/diariotextual.com\/inicio\/index.php\/wp-json\/wp\/v2\/comments?post=98296"}],"version-history":[{"count":2,"href":"https:\/\/diariotextual.com\/inicio\/index.php\/wp-json\/wp\/v2\/posts\/98296\/revisions"}],"predecessor-version":[{"id":98298,"href":"https:\/\/diariotextual.com\/inicio\/index.php\/wp-json\/wp\/v2\/posts\/98296\/revisions\/98298"}],"wp:featuredmedia":[{"embeddable":true,"href":"https:\/\/diariotextual.com\/inicio\/index.php\/wp-json\/wp\/v2\/media\/97262"}],"wp:attachment":[{"href":"https:\/\/diariotextual.com\/inicio\/index.php\/wp-json\/wp\/v2\/media?parent=98296"}],"wp:term":[{"taxonomy":"category","embeddable":true,"href":"https:\/\/diariotextual.com\/inicio\/index.php\/wp-json\/wp\/v2\/categories?post=98296"},{"taxonomy":"post_tag","embeddable":true,"href":"https:\/\/diariotextual.com\/inicio\/index.php\/wp-json\/wp\/v2\/tags?post=98296"}],"curies":[{"name":"wp","href":"https:\/\/api.w.org\/{rel}","templated":true}]}}