{"id":98425,"date":"2020-06-20T18:09:07","date_gmt":"2020-06-20T21:09:07","guid":{"rendered":"http:\/\/diariotextual.com\/inicio\/?p=98425"},"modified":"2020-06-21T08:29:09","modified_gmt":"2020-06-21T11:29:09","slug":"dia-del-padre-pandemia-explotaron-las-ventas-pico-santa-rosa-e-igualaron-las-del-ano-pasado","status":"publish","type":"post","link":"https:\/\/diariotextual.com\/inicio\/index.php\/2020\/06\/20\/dia-del-padre-pandemia-explotaron-las-ventas-pico-santa-rosa-e-igualaron-las-del-ano-pasado\/","title":{"rendered":"D\u00eda del Padre en pandemia: explotaron las ventas en Pico y Santa Rosa e igualaron a las del a\u00f1o pasado"},"content":{"rendered":"<p>Por un momento, <strong>este s\u00e1bado la pandemia de Covid-19 pareci\u00f3 no sentirse en los comercios pampeanos.<\/strong> Las calles de los centros de<strong> Santa Rosa <\/strong>y de<strong> General Pico<\/strong> estuvieron <strong>repletas de gente<\/strong> durante todo el s\u00e1bado y las <strong>ventas<\/strong> por el <strong>D\u00eda del Padre<\/strong> fueron <strong>por lo menos iguales<\/strong> -y en ciertos casos, puntuales, mayores- a 2019, seg\u00fan un relevamiento realizado por <strong>Diario Textual<\/strong>.<\/p>\n<p><strong>\u00abEl centro de Pico, explot\u00f3\u00bb<\/strong>, sintetiz\u00f3 <strong>Ren\u00e9 Vallejos<\/strong>, presidente de la <strong>C\u00e1mara de Comercio y Afines de Pico<\/strong>. \u00abIncluso, en muchos locales hubo largas colas, en medio de las medidas de restricci\u00f3n por la pandemia de Covid-19\u00bb, sostuvo.<\/p>\n<p>Dijo que las ventas, seg\u00fan un relevamiento que terminaron de confeccionar a la tarde de este s\u00e1bado, fueron \u00abiguales\u00bb en volumen que en 2019. <strong>\u00abLa verdad es que las ventas superaron ampliamente las expectativas de los comerciantes\u00bb<\/strong>, asegur\u00f3 a Diario Textual.<\/p>\n<p>\u201cEntre ayer y hoy, fueron dos d\u00edas muy fuertes en ventas. <strong>En general, el comercio tuvo una jornada excelente<\/strong>\u00ab, dijo el dirigente.<\/p>\n<p><img fetchpriority=\"high\" decoding=\"async\" class=\"alignnone wp-image-98434 size-large\" src=\"http:\/\/diariotextual.com\/inicio\/wp-content\/uploads\/2020\/06\/diadelpadretelam2020-3-1024x683.jpg\" alt=\"\" width=\"1024\" height=\"683\" srcset=\"https:\/\/diariotextual.com\/inicio\/wp-content\/uploads\/2020\/06\/diadelpadretelam2020-3-1024x683.jpg 1024w, https:\/\/diariotextual.com\/inicio\/wp-content\/uploads\/2020\/06\/diadelpadretelam2020-3-300x200.jpg 300w, https:\/\/diariotextual.com\/inicio\/wp-content\/uploads\/2020\/06\/diadelpadretelam2020-3-768x512.jpg 768w, https:\/\/diariotextual.com\/inicio\/wp-content\/uploads\/2020\/06\/diadelpadretelam2020-3-585x390.jpg 585w, https:\/\/diariotextual.com\/inicio\/wp-content\/uploads\/2020\/06\/diadelpadretelam2020-3-263x175.jpg 263w, https:\/\/diariotextual.com\/inicio\/wp-content\/uploads\/2020\/06\/diadelpadretelam2020-3.jpg 1152w\" sizes=\"(max-width: 1024px) 100vw, 1024px\" \/><\/p>\n<p>Vallejos dijo que hubo <strong>otros dos factores<\/strong> que jugaron fuertemente en Pico: por un lado, <strong>hubo mucha asistencia de pobladores de pueblos vecinos<\/strong> y, por otro lado, se registraron<strong> importantes ventas con los descuentos ofrecidos con las tarjetas de cr\u00e9ditos del Banco de La Pampa.<\/strong><\/p>\n<p><strong>En Santa Rosa se dio una situaci\u00f3n similar.<\/strong> Seg\u00fan un relevamiento de Diario Textual, las ventas de locales de indumentaria masculina, de calzados y de aparatos electr\u00f3nicos fueron similares a las del a\u00f1o pasado.<\/p>\n<p><strong>Gustavo Clemente<\/strong>, del local de indumentaria Docker, se mostr\u00f3 feliz. \u201c<strong>El local explot\u00f3. Tengo que hacer n\u00fameros pero en cuanto a volumen estamos casi en el mismo nivel o, a lo sumo, muy poco por debajo del 2019<\/strong>\u201d, dijo.<\/p>\n<p><strong>Ricardo Mangas,<\/strong> due\u00f1o del comercio de insumos electr\u00f3nicos y tecnol\u00f3gicos Mapet, sostuvo que las ventas fueron superiores este a\u00f1o. \u201cCreo que son mejores. Pero tal vez es solo una percepci\u00f3n&#8230; Lo que s\u00ed es que todo el d\u00eda ha habido cola afuera, esperando para entrar al local\u201d, sostuvo.<\/p>\n<p>En Ibiza Sport tambi\u00e9n est\u00e1n satisfechos. \u201cSolo un poco menos que el a\u00f1o pasado\u201d, cont\u00f3 una empleada, J\u00e9sica.<\/p>\n<p>El<strong> comercio pampeano, de esta manera, tuvo su primer repunte fuerte<\/strong> en medio de la pandemia de Covid-19.<\/p>\n<p>&nbsp;<\/p>\n<p>&nbsp;<\/p>\n<p>&nbsp;<\/p>\n<p>&nbsp;<\/p>\n","protected":false},"excerpt":{"rendered":"<p>Por un momento, este s\u00e1bado la pandemia de Covid-19 pareci\u00f3 no sentirse en los comercios pampeanos. Las calles de los centros de Santa Rosa y de General Pico estuvieron repletas&hellip;<\/p>\n","protected":false},"author":3,"featured_media":98426,"comment_status":"closed","ping_status":"open","sticky":false,"template":"","format":"standard","meta":{"_acf_changed":false,"footnotes":""},"categories":[10,12],"tags":[889,3269,1355],"class_list":["post-98425","post","type-post","status-publish","format-standard","has-post-thumbnail","hentry","category-portada-2","category-sociedad","tag-comercio","tag-padre","tag-ventas"],"acf":[],"yoast_head":"<!-- This site is optimized with the Yoast SEO plugin v27.5 - https:\/\/yoast.com\/product\/yoast-seo-wordpress\/ -->\n<title>D\u00eda del Padre en pandemia: explotaron las ventas en Pico y Santa Rosa e igualaron a las del a\u00f1o pasado - Diario Textual<\/title>\n<meta name=\"robots\" content=\"index, follow, max-snippet:-1, max-image-preview:large, max-video-preview:-1\" \/>\n<link rel=\"canonical\" href=\"https:\/\/diariotextual.com\/inicio\/index.php\/2020\/06\/20\/dia-del-padre-pandemia-explotaron-las-ventas-pico-santa-rosa-e-igualaron-las-del-ano-pasado\/\" \/>\n<meta property=\"og:locale\" content=\"es_ES\" \/>\n<meta property=\"og:type\" content=\"article\" \/>\n<meta property=\"og:title\" content=\"D\u00eda del Padre en pandemia: explotaron las ventas en Pico y Santa Rosa e igualaron a las del a\u00f1o pasado - Diario Textual\" \/>\n<meta property=\"og:description\" content=\"Por un momento, este s\u00e1bado la pandemia de Covid-19 pareci\u00f3 no sentirse en los comercios pampeanos. Las calles de los centros de Santa Rosa y de General Pico estuvieron repletas&hellip;\" \/>\n<meta property=\"og:url\" content=\"https:\/\/diariotextual.com\/inicio\/index.php\/2020\/06\/20\/dia-del-padre-pandemia-explotaron-las-ventas-pico-santa-rosa-e-igualaron-las-del-ano-pasado\/\" \/>\n<meta property=\"og:site_name\" content=\"Diario Textual\" \/>\n<meta property=\"article:publisher\" content=\"https:\/\/www.facebook.com\/eltextual\" \/>\n<meta property=\"article:published_time\" content=\"2020-06-20T21:09:07+00:00\" \/>\n<meta property=\"article:modified_time\" content=\"2020-06-21T11:29:09+00:00\" \/>\n<meta property=\"og:image\" content=\"https:\/\/diariotextual.com\/inicio\/wp-content\/uploads\/2020\/06\/diadelpadresantarosa2020-1.jpg\" \/>\n\t<meta property=\"og:image:width\" content=\"1283\" \/>\n\t<meta property=\"og:image:height\" content=\"768\" \/>\n\t<meta property=\"og:image:type\" content=\"image\/jpeg\" \/>\n<meta name=\"author\" content=\"Diario1 Diario1\" \/>\n<meta name=\"twitter:card\" content=\"summary_large_image\" \/>\n<meta name=\"twitter:creator\" content=\"@eltextual\" \/>\n<meta name=\"twitter:site\" content=\"@eltextual\" \/>\n<meta name=\"twitter:label1\" content=\"Escrito por\" \/>\n\t<meta name=\"twitter:data1\" content=\"Diario1 Diario1\" \/>\n\t<meta name=\"twitter:label2\" content=\"Tiempo de lectura\" \/>\n\t<meta name=\"twitter:data2\" content=\"2 minutos\" \/>\n<script type=\"application\/ld+json\" class=\"yoast-schema-graph\">{\"@context\":\"https:\\\/\\\/schema.org\",\"@graph\":[{\"@type\":\"Article\",\"@id\":\"https:\\\/\\\/diariotextual.com\\\/inicio\\\/index.php\\\/2020\\\/06\\\/20\\\/dia-del-padre-pandemia-explotaron-las-ventas-pico-santa-rosa-e-igualaron-las-del-ano-pasado\\\/#article\",\"isPartOf\":{\"@id\":\"https:\\\/\\\/diariotextual.com\\\/inicio\\\/index.php\\\/2020\\\/06\\\/20\\\/dia-del-padre-pandemia-explotaron-las-ventas-pico-santa-rosa-e-igualaron-las-del-ano-pasado\\\/\"},\"author\":{\"name\":\"Diario1 Diario1\",\"@id\":\"https:\\\/\\\/diariotextual.com\\\/inicio\\\/#\\\/schema\\\/person\\\/418fc4093c33e86ed41562db3508f958\"},\"headline\":\"D\u00eda del Padre en pandemia: explotaron las ventas en Pico y Santa Rosa e igualaron a las del a\u00f1o pasado\",\"datePublished\":\"2020-06-20T21:09:07+00:00\",\"dateModified\":\"2020-06-21T11:29:09+00:00\",\"mainEntityOfPage\":{\"@id\":\"https:\\\/\\\/diariotextual.com\\\/inicio\\\/index.php\\\/2020\\\/06\\\/20\\\/dia-del-padre-pandemia-explotaron-las-ventas-pico-santa-rosa-e-igualaron-las-del-ano-pasado\\\/\"},\"wordCount\":415,\"publisher\":{\"@id\":\"https:\\\/\\\/diariotextual.com\\\/inicio\\\/#organization\"},\"image\":{\"@id\":\"https:\\\/\\\/diariotextual.com\\\/inicio\\\/index.php\\\/2020\\\/06\\\/20\\\/dia-del-padre-pandemia-explotaron-las-ventas-pico-santa-rosa-e-igualaron-las-del-ano-pasado\\\/#primaryimage\"},\"thumbnailUrl\":\"https:\\\/\\\/diariotextual.com\\\/inicio\\\/wp-content\\\/uploads\\\/2020\\\/06\\\/diadelpadresantarosa2020-1.jpg\",\"keywords\":[\"comercio\",\"padre\",\"ventas\"],\"articleSection\":[\"A - PORTADA2\",\"SOCIEDAD\"],\"inLanguage\":\"es\"},{\"@type\":\"WebPage\",\"@id\":\"https:\\\/\\\/diariotextual.com\\\/inicio\\\/index.php\\\/2020\\\/06\\\/20\\\/dia-del-padre-pandemia-explotaron-las-ventas-pico-santa-rosa-e-igualaron-las-del-ano-pasado\\\/\",\"url\":\"https:\\\/\\\/diariotextual.com\\\/inicio\\\/index.php\\\/2020\\\/06\\\/20\\\/dia-del-padre-pandemia-explotaron-las-ventas-pico-santa-rosa-e-igualaron-las-del-ano-pasado\\\/\",\"name\":\"D\u00eda del Padre en pandemia: explotaron las ventas en Pico y Santa Rosa e igualaron a las del a\u00f1o pasado - Diario Textual\",\"isPartOf\":{\"@id\":\"https:\\\/\\\/diariotextual.com\\\/inicio\\\/#website\"},\"primaryImageOfPage\":{\"@id\":\"https:\\\/\\\/diariotextual.com\\\/inicio\\\/index.php\\\/2020\\\/06\\\/20\\\/dia-del-padre-pandemia-explotaron-las-ventas-pico-santa-rosa-e-igualaron-las-del-ano-pasado\\\/#primaryimage\"},\"image\":{\"@id\":\"https:\\\/\\\/diariotextual.com\\\/inicio\\\/index.php\\\/2020\\\/06\\\/20\\\/dia-del-padre-pandemia-explotaron-las-ventas-pico-santa-rosa-e-igualaron-las-del-ano-pasado\\\/#primaryimage\"},\"thumbnailUrl\":\"https:\\\/\\\/diariotextual.com\\\/inicio\\\/wp-content\\\/uploads\\\/2020\\\/06\\\/diadelpadresantarosa2020-1.jpg\",\"datePublished\":\"2020-06-20T21:09:07+00:00\",\"dateModified\":\"2020-06-21T11:29:09+00:00\",\"breadcrumb\":{\"@id\":\"https:\\\/\\\/diariotextual.com\\\/inicio\\\/index.php\\\/2020\\\/06\\\/20\\\/dia-del-padre-pandemia-explotaron-las-ventas-pico-santa-rosa-e-igualaron-las-del-ano-pasado\\\/#breadcrumb\"},\"inLanguage\":\"es\",\"potentialAction\":[{\"@type\":\"ReadAction\",\"target\":[\"https:\\\/\\\/diariotextual.com\\\/inicio\\\/index.php\\\/2020\\\/06\\\/20\\\/dia-del-padre-pandemia-explotaron-las-ventas-pico-santa-rosa-e-igualaron-las-del-ano-pasado\\\/\"]}]},{\"@type\":\"ImageObject\",\"inLanguage\":\"es\",\"@id\":\"https:\\\/\\\/diariotextual.com\\\/inicio\\\/index.php\\\/2020\\\/06\\\/20\\\/dia-del-padre-pandemia-explotaron-las-ventas-pico-santa-rosa-e-igualaron-las-del-ano-pasado\\\/#primaryimage\",\"url\":\"https:\\\/\\\/diariotextual.com\\\/inicio\\\/wp-content\\\/uploads\\\/2020\\\/06\\\/diadelpadresantarosa2020-1.jpg\",\"contentUrl\":\"https:\\\/\\\/diariotextual.com\\\/inicio\\\/wp-content\\\/uploads\\\/2020\\\/06\\\/diadelpadresantarosa2020-1.jpg\",\"width\":1283,\"height\":768},{\"@type\":\"BreadcrumbList\",\"@id\":\"https:\\\/\\\/diariotextual.com\\\/inicio\\\/index.php\\\/2020\\\/06\\\/20\\\/dia-del-padre-pandemia-explotaron-las-ventas-pico-santa-rosa-e-igualaron-las-del-ano-pasado\\\/#breadcrumb\",\"itemListElement\":[{\"@type\":\"ListItem\",\"position\":1,\"name\":\"Portada\",\"item\":\"https:\\\/\\\/diariotextual.com\\\/inicio\\\/\"},{\"@type\":\"ListItem\",\"position\":2,\"name\":\"D\u00eda del Padre en pandemia: explotaron las ventas en Pico y Santa Rosa e igualaron a las del a\u00f1o pasado\"}]},{\"@type\":\"WebSite\",\"@id\":\"https:\\\/\\\/diariotextual.com\\\/inicio\\\/#website\",\"url\":\"https:\\\/\\\/diariotextual.com\\\/inicio\\\/\",\"name\":\"Diario Textual\",\"description\":\"\",\"publisher\":{\"@id\":\"https:\\\/\\\/diariotextual.com\\\/inicio\\\/#organization\"},\"potentialAction\":[{\"@type\":\"SearchAction\",\"target\":{\"@type\":\"EntryPoint\",\"urlTemplate\":\"https:\\\/\\\/diariotextual.com\\\/inicio\\\/?s={search_term_string}\"},\"query-input\":{\"@type\":\"PropertyValueSpecification\",\"valueRequired\":true,\"valueName\":\"search_term_string\"}}],\"inLanguage\":\"es\"},{\"@type\":\"Organization\",\"@id\":\"https:\\\/\\\/diariotextual.com\\\/inicio\\\/#organization\",\"name\":\"Diario Textual\",\"url\":\"https:\\\/\\\/diariotextual.com\\\/inicio\\\/\",\"logo\":{\"@type\":\"ImageObject\",\"inLanguage\":\"es\",\"@id\":\"https:\\\/\\\/diariotextual.com\\\/inicio\\\/#\\\/schema\\\/logo\\\/image\\\/\",\"url\":\"https:\\\/\\\/diariotextual.com\\\/inicio\\\/wp-content\\\/uploads\\\/2023\\\/05\\\/logotextual1.jpg\",\"contentUrl\":\"https:\\\/\\\/diariotextual.com\\\/inicio\\\/wp-content\\\/uploads\\\/2023\\\/05\\\/logotextual1.jpg\",\"width\":516,\"height\":76,\"caption\":\"Diario Textual\"},\"image\":{\"@id\":\"https:\\\/\\\/diariotextual.com\\\/inicio\\\/#\\\/schema\\\/logo\\\/image\\\/\"},\"sameAs\":[\"https:\\\/\\\/www.facebook.com\\\/eltextual\",\"https:\\\/\\\/x.com\\\/eltextual\",\"http:\\\/\\\/www.instagram.com\\\/eltextual\"]},{\"@type\":\"Person\",\"@id\":\"https:\\\/\\\/diariotextual.com\\\/inicio\\\/#\\\/schema\\\/person\\\/418fc4093c33e86ed41562db3508f958\",\"name\":\"Diario1 Diario1\",\"image\":{\"@type\":\"ImageObject\",\"inLanguage\":\"es\",\"@id\":\"https:\\\/\\\/secure.gravatar.com\\\/avatar\\\/9167d280179c85bc18be67aa7eda765854300033af4896dd779b608640f2ef7a?s=96&d=mm&r=g\",\"url\":\"https:\\\/\\\/secure.gravatar.com\\\/avatar\\\/9167d280179c85bc18be67aa7eda765854300033af4896dd779b608640f2ef7a?s=96&d=mm&r=g\",\"contentUrl\":\"https:\\\/\\\/secure.gravatar.com\\\/avatar\\\/9167d280179c85bc18be67aa7eda765854300033af4896dd779b608640f2ef7a?s=96&d=mm&r=g\",\"caption\":\"Diario1 Diario1\"},\"url\":\"https:\\\/\\\/diariotextual.com\\\/inicio\\\/index.php\\\/author\\\/diario1\\\/\"}]}<\/script>\n<!-- \/ Yoast SEO plugin. -->","yoast_head_json":{"title":"D\u00eda del Padre en pandemia: explotaron las ventas en Pico y Santa Rosa e igualaron a las del a\u00f1o pasado - Diario Textual","robots":{"index":"index","follow":"follow","max-snippet":"max-snippet:-1","max-image-preview":"max-image-preview:large","max-video-preview":"max-video-preview:-1"},"canonical":"https:\/\/diariotextual.com\/inicio\/index.php\/2020\/06\/20\/dia-del-padre-pandemia-explotaron-las-ventas-pico-santa-rosa-e-igualaron-las-del-ano-pasado\/","og_locale":"es_ES","og_type":"article","og_title":"D\u00eda del Padre en pandemia: explotaron las ventas en Pico y Santa Rosa e igualaron a las del a\u00f1o pasado - Diario Textual","og_description":"Por un momento, este s\u00e1bado la pandemia de Covid-19 pareci\u00f3 no sentirse en los comercios pampeanos. Las calles de los centros de Santa Rosa y de General Pico estuvieron repletas&hellip;","og_url":"https:\/\/diariotextual.com\/inicio\/index.php\/2020\/06\/20\/dia-del-padre-pandemia-explotaron-las-ventas-pico-santa-rosa-e-igualaron-las-del-ano-pasado\/","og_site_name":"Diario Textual","article_publisher":"https:\/\/www.facebook.com\/eltextual","article_published_time":"2020-06-20T21:09:07+00:00","article_modified_time":"2020-06-21T11:29:09+00:00","og_image":[{"width":1283,"height":768,"url":"https:\/\/diariotextual.com\/inicio\/wp-content\/uploads\/2020\/06\/diadelpadresantarosa2020-1.jpg","type":"image\/jpeg"}],"author":"Diario1 Diario1","twitter_card":"summary_large_image","twitter_creator":"@eltextual","twitter_site":"@eltextual","twitter_misc":{"Escrito por":"Diario1 Diario1","Tiempo de lectura":"2 minutos"},"schema":{"@context":"https:\/\/schema.org","@graph":[{"@type":"Article","@id":"https:\/\/diariotextual.com\/inicio\/index.php\/2020\/06\/20\/dia-del-padre-pandemia-explotaron-las-ventas-pico-santa-rosa-e-igualaron-las-del-ano-pasado\/#article","isPartOf":{"@id":"https:\/\/diariotextual.com\/inicio\/index.php\/2020\/06\/20\/dia-del-padre-pandemia-explotaron-las-ventas-pico-santa-rosa-e-igualaron-las-del-ano-pasado\/"},"author":{"name":"Diario1 Diario1","@id":"https:\/\/diariotextual.com\/inicio\/#\/schema\/person\/418fc4093c33e86ed41562db3508f958"},"headline":"D\u00eda del Padre en pandemia: explotaron las ventas en Pico y Santa Rosa e igualaron a las del a\u00f1o pasado","datePublished":"2020-06-20T21:09:07+00:00","dateModified":"2020-06-21T11:29:09+00:00","mainEntityOfPage":{"@id":"https:\/\/diariotextual.com\/inicio\/index.php\/2020\/06\/20\/dia-del-padre-pandemia-explotaron-las-ventas-pico-santa-rosa-e-igualaron-las-del-ano-pasado\/"},"wordCount":415,"publisher":{"@id":"https:\/\/diariotextual.com\/inicio\/#organization"},"image":{"@id":"https:\/\/diariotextual.com\/inicio\/index.php\/2020\/06\/20\/dia-del-padre-pandemia-explotaron-las-ventas-pico-santa-rosa-e-igualaron-las-del-ano-pasado\/#primaryimage"},"thumbnailUrl":"https:\/\/diariotextual.com\/inicio\/wp-content\/uploads\/2020\/06\/diadelpadresantarosa2020-1.jpg","keywords":["comercio","padre","ventas"],"articleSection":["A - PORTADA2","SOCIEDAD"],"inLanguage":"es"},{"@type":"WebPage","@id":"https:\/\/diariotextual.com\/inicio\/index.php\/2020\/06\/20\/dia-del-padre-pandemia-explotaron-las-ventas-pico-santa-rosa-e-igualaron-las-del-ano-pasado\/","url":"https:\/\/diariotextual.com\/inicio\/index.php\/2020\/06\/20\/dia-del-padre-pandemia-explotaron-las-ventas-pico-santa-rosa-e-igualaron-las-del-ano-pasado\/","name":"D\u00eda del Padre en pandemia: explotaron las ventas en Pico y Santa Rosa e igualaron a las del a\u00f1o pasado - Diario Textual","isPartOf":{"@id":"https:\/\/diariotextual.com\/inicio\/#website"},"primaryImageOfPage":{"@id":"https:\/\/diariotextual.com\/inicio\/index.php\/2020\/06\/20\/dia-del-padre-pandemia-explotaron-las-ventas-pico-santa-rosa-e-igualaron-las-del-ano-pasado\/#primaryimage"},"image":{"@id":"https:\/\/diariotextual.com\/inicio\/index.php\/2020\/06\/20\/dia-del-padre-pandemia-explotaron-las-ventas-pico-santa-rosa-e-igualaron-las-del-ano-pasado\/#primaryimage"},"thumbnailUrl":"https:\/\/diariotextual.com\/inicio\/wp-content\/uploads\/2020\/06\/diadelpadresantarosa2020-1.jpg","datePublished":"2020-06-20T21:09:07+00:00","dateModified":"2020-06-21T11:29:09+00:00","breadcrumb":{"@id":"https:\/\/diariotextual.com\/inicio\/index.php\/2020\/06\/20\/dia-del-padre-pandemia-explotaron-las-ventas-pico-santa-rosa-e-igualaron-las-del-ano-pasado\/#breadcrumb"},"inLanguage":"es","potentialAction":[{"@type":"ReadAction","target":["https:\/\/diariotextual.com\/inicio\/index.php\/2020\/06\/20\/dia-del-padre-pandemia-explotaron-las-ventas-pico-santa-rosa-e-igualaron-las-del-ano-pasado\/"]}]},{"@type":"ImageObject","inLanguage":"es","@id":"https:\/\/diariotextual.com\/inicio\/index.php\/2020\/06\/20\/dia-del-padre-pandemia-explotaron-las-ventas-pico-santa-rosa-e-igualaron-las-del-ano-pasado\/#primaryimage","url":"https:\/\/diariotextual.com\/inicio\/wp-content\/uploads\/2020\/06\/diadelpadresantarosa2020-1.jpg","contentUrl":"https:\/\/diariotextual.com\/inicio\/wp-content\/uploads\/2020\/06\/diadelpadresantarosa2020-1.jpg","width":1283,"height":768},{"@type":"BreadcrumbList","@id":"https:\/\/diariotextual.com\/inicio\/index.php\/2020\/06\/20\/dia-del-padre-pandemia-explotaron-las-ventas-pico-santa-rosa-e-igualaron-las-del-ano-pasado\/#breadcrumb","itemListElement":[{"@type":"ListItem","position":1,"name":"Portada","item":"https:\/\/diariotextual.com\/inicio\/"},{"@type":"ListItem","position":2,"name":"D\u00eda del Padre en pandemia: explotaron las ventas en Pico y Santa Rosa e igualaron a las del a\u00f1o pasado"}]},{"@type":"WebSite","@id":"https:\/\/diariotextual.com\/inicio\/#website","url":"https:\/\/diariotextual.com\/inicio\/","name":"Diario Textual","description":"","publisher":{"@id":"https:\/\/diariotextual.com\/inicio\/#organization"},"potentialAction":[{"@type":"SearchAction","target":{"@type":"EntryPoint","urlTemplate":"https:\/\/diariotextual.com\/inicio\/?s={search_term_string}"},"query-input":{"@type":"PropertyValueSpecification","valueRequired":true,"valueName":"search_term_string"}}],"inLanguage":"es"},{"@type":"Organization","@id":"https:\/\/diariotextual.com\/inicio\/#organization","name":"Diario Textual","url":"https:\/\/diariotextual.com\/inicio\/","logo":{"@type":"ImageObject","inLanguage":"es","@id":"https:\/\/diariotextual.com\/inicio\/#\/schema\/logo\/image\/","url":"https:\/\/diariotextual.com\/inicio\/wp-content\/uploads\/2023\/05\/logotextual1.jpg","contentUrl":"https:\/\/diariotextual.com\/inicio\/wp-content\/uploads\/2023\/05\/logotextual1.jpg","width":516,"height":76,"caption":"Diario Textual"},"image":{"@id":"https:\/\/diariotextual.com\/inicio\/#\/schema\/logo\/image\/"},"sameAs":["https:\/\/www.facebook.com\/eltextual","https:\/\/x.com\/eltextual","http:\/\/www.instagram.com\/eltextual"]},{"@type":"Person","@id":"https:\/\/diariotextual.com\/inicio\/#\/schema\/person\/418fc4093c33e86ed41562db3508f958","name":"Diario1 Diario1","image":{"@type":"ImageObject","inLanguage":"es","@id":"https:\/\/secure.gravatar.com\/avatar\/9167d280179c85bc18be67aa7eda765854300033af4896dd779b608640f2ef7a?s=96&d=mm&r=g","url":"https:\/\/secure.gravatar.com\/avatar\/9167d280179c85bc18be67aa7eda765854300033af4896dd779b608640f2ef7a?s=96&d=mm&r=g","contentUrl":"https:\/\/secure.gravatar.com\/avatar\/9167d280179c85bc18be67aa7eda765854300033af4896dd779b608640f2ef7a?s=96&d=mm&r=g","caption":"Diario1 Diario1"},"url":"https:\/\/diariotextual.com\/inicio\/index.php\/author\/diario1\/"}]}},"_links":{"self":[{"href":"https:\/\/diariotextual.com\/inicio\/index.php\/wp-json\/wp\/v2\/posts\/98425","targetHints":{"allow":["GET"]}}],"collection":[{"href":"https:\/\/diariotextual.com\/inicio\/index.php\/wp-json\/wp\/v2\/posts"}],"about":[{"href":"https:\/\/diariotextual.com\/inicio\/index.php\/wp-json\/wp\/v2\/types\/post"}],"author":[{"embeddable":true,"href":"https:\/\/diariotextual.com\/inicio\/index.php\/wp-json\/wp\/v2\/users\/3"}],"replies":[{"embeddable":true,"href":"https:\/\/diariotextual.com\/inicio\/index.php\/wp-json\/wp\/v2\/comments?post=98425"}],"version-history":[{"count":7,"href":"https:\/\/diariotextual.com\/inicio\/index.php\/wp-json\/wp\/v2\/posts\/98425\/revisions"}],"predecessor-version":[{"id":98436,"href":"https:\/\/diariotextual.com\/inicio\/index.php\/wp-json\/wp\/v2\/posts\/98425\/revisions\/98436"}],"wp:featuredmedia":[{"embeddable":true,"href":"https:\/\/diariotextual.com\/inicio\/index.php\/wp-json\/wp\/v2\/media\/98426"}],"wp:attachment":[{"href":"https:\/\/diariotextual.com\/inicio\/index.php\/wp-json\/wp\/v2\/media?parent=98425"}],"wp:term":[{"taxonomy":"category","embeddable":true,"href":"https:\/\/diariotextual.com\/inicio\/index.php\/wp-json\/wp\/v2\/categories?post=98425"},{"taxonomy":"post_tag","embeddable":true,"href":"https:\/\/diariotextual.com\/inicio\/index.php\/wp-json\/wp\/v2\/tags?post=98425"}],"curies":[{"name":"wp","href":"https:\/\/api.w.org\/{rel}","templated":true}]}}