{"id":98508,"date":"2020-06-21T19:23:33","date_gmt":"2020-06-21T22:23:33","guid":{"rendered":"http:\/\/diariotextual.com\/inicio\/?p=98508"},"modified":"2020-06-21T20:26:49","modified_gmt":"2020-06-21T23:26:49","slug":"bono-anses-los-argentinos-masa-solicitar-cbu","status":"publish","type":"post","link":"https:\/\/diariotextual.com\/inicio\/index.php\/2020\/06\/21\/bono-anses-los-argentinos-masa-solicitar-cbu\/","title":{"rendered":"Bono de Anses: los argentinos, en masa a solicitar su CBU"},"content":{"rendered":"<p><strong>Un mill\u00f3n de personas <\/strong>busc\u00f3 abrir una cuenta bancaria en distintas <strong>entidades financieras <\/strong>durante los \u00faltimos d\u00edas, en coincidencia con el requerimiento de la <a href=\"https:\/\/www.anses.gob.ar\/\" target=\"_blank\" rel=\"noopener\"><strong>Anses<\/strong> <\/a>de contar con una CBU para cobrar la segunda ronda del <strong>Ingreso Familiar de Emergencia (IFE).<\/strong><\/p>\n<p>Seg\u00fan confirmaron a T\u00e9lam desde <strong>bancos p\u00fablicos y privados<\/strong>, el volumen de pedidos de apertura de cajas de ahorro en forma digital <strong>se dispar\u00f3 en los \u00faltimos d\u00edas:<\/strong> lleg\u00f3 en algunos casos a marcar un r\u00e9cord para las entidades y, en otras, con incrementos de hasta diez veces m\u00e1s del promedio diario en el n\u00famero de consultas.<\/p>\n<p>Puntualmente, el lunes pasado, en el primer d\u00eda h\u00e1bil de esta semana, <strong>la Red Link <\/strong>-que agrupa a los principales bancos p\u00fablicos- <strong>registr\u00f3 cerca de 400 mil pedidos <\/strong>de aperturas de cuentas, mientras que uno de los principales <strong>bancos privados del pa\u00eds registr\u00f3 60 mil ingresos <\/strong>en su portal web de apertura de cuentas, el doble de su promedio semanal.<\/p>\n<p>El martes, el segundo d\u00eda h\u00e1bil, volvi\u00f3 a pasar lo mismo, con alrededor de <strong>400.000 pedidos de apertura de cuentas <\/strong>tambi\u00e9n en las entidades que operan con la Red Link.<\/p>\n<p>\u00abTuvimos un <strong>incremento significativo <\/strong>de apertura de cuentas a trav\u00e9s de la plataforma online que, intuimos, tiene que ver con IFE. Durante este fin de semana y hasta el jueves duplicamos la cantidad de aperturas de todo mayo\u00bb, aseguraron a T\u00e9lam desde uno de los bancos de capital internacional que opera en el pa\u00eds.<\/p>\n<p>El dato se replic\u00f3 en diversas entidades que, en el caso de uno de los m\u00e1s importantes bancos de capital nacional, aseguraron haber tenido <strong>aumentos \u00abpor arriba del 500%\u00bb <\/strong>en las aperturas de cajas de ahorro.<\/p>\n<p>\u00abEn una semana, <strong>Santander <\/strong>increment\u00f3 diez veces la cantidad de apertura de cuentas digitales, ayudando a los beneficiarios del Ingreso Familiar de Emergencia de Anses a poder cobrar sus prestaciones en los pr\u00f3ximos d\u00edas\u00bb, apuntaron a T\u00e9lam desde la entidad bancaria.<\/p>\n<p>En el caso del <strong>Banco Provincia<\/strong>, que tiene la Cuenta DNI, tambi\u00e9n manifestaron \u00abun aumento significativo en los pedidos de apertura\u00bb en los \u00faltimos d\u00edas.<\/p>\n<p>\u00abActualmente estamos en 1,27 millones de usuarios de Cuenta DNI y somos la \u00fanica billetera digital habilitada para el cobro del IFE\u00bb, aseguraron desde el Banco Provincia.<\/p>\n<p>El dato cobra relevancia si se toma en cuenta que a fines de mayo el <strong>Bapro <\/strong>inform\u00f3 que contaba con un mill\u00f3n de cuentas operativas DNI, por lo que en apenas tres semanas sum\u00f3 cerca de 250 mil nuevos usuarios.<\/p>\n<p>\u00abTuvimos un aumento significativo de altas de cuentas este mes. Llevamos m\u00e1s de 25 mil nuevas cuentas en lo que va de junio, pero ayer tuvimos un pico de 5.500 nuevos clientes con nuestra aplicaci\u00f3n\u00bb, apuntaron desde el <strong>Banco de C\u00f3rdoba (Bancor)<\/strong>.<\/p>\n<p>El domingo pasado, <strong>la Anses inform\u00f3 a los beneficiarios del IFE que, para cobrar la segunda ronda del bono de $ 10.000, deber\u00e1n indicar su Clave Bancaria Uniforma (CBU)<\/strong> en el aplicativo \u00abIngreso Familiar de Emergencia \u2013 Consulta de pago\u00bb en la home de la Web de Anses (https:\/\/bit.ly\/2BjwJgc).<\/p>\n<p>Apenas pasadas 48 horas desde el anuncio, un mill\u00f3n de beneficiarios del IFE ya hab\u00edan cargado su CBU como mecanismo de cobro del bono, seg\u00fan inform\u00f3 la Anses.<\/p>\n<p>La medida comprende a <strong>m\u00e1s de 3 millones de personas que en la primera ronda eligieron cobrar el IFE a trav\u00e9s del Correo Argentino (1,3 millones de personas) y cajeros de la Red Link (1,272.000) y de la Red Banelco (470.000).<\/strong><\/p>\n<p>\u00abLa gran mayor\u00eda de esa gente ya tiene una cuenta bancaria, pero mucho eligieron hacer el cobro a trav\u00e9s del correo u otra v\u00eda porque los bancos estaban cerrados\u00bb, aseguraron a esta agencia desde la Anses.<\/p>\n<p>Para aquellas personas que ya tengan una cuenta bancaria, la Anses les mostrar\u00e1 el n\u00famero de CBU, banco y sucursal donde se le depositar\u00e1 el IFE y, para quienes tengan dos o m\u00e1s cuentas, podr\u00e1n elegir en qu\u00e9 CBU, banco y sucursal se le depositar\u00e1 el dinero.<\/p>\n<p>En el caso de no tener una cuenta bancaria deber\u00e1n solicitar una cuenta gratuita a trav\u00e9s de distintas aplicaciones que disponen tanto bancos p\u00fablicos como privados.<\/p>\n<p>Las <strong>fechas de cobro <\/strong>del IFE continuar\u00e1n ma\u00f1ana para los beneficiarios de la Asignaci\u00f3n Universal por Hijo (AUH) con n\u00famero DNI terminado en 9.<\/p>\n<p>Una vez concluido este cronograma, el martes 23, comenzar\u00e1n los pagos para quienes hayan informado un CBU, tambi\u00e9n con el n\u00famero de terminaci\u00f3n del DNI, comenzando por el 0.<\/p>\n","protected":false},"excerpt":{"rendered":"<p>Un mill\u00f3n de personas busc\u00f3 abrir una cuenta bancaria en distintas entidades financieras durante los \u00faltimos d\u00edas, en coincidencia con el requerimiento de la Anses de contar con una CBU&hellip;<\/p>\n","protected":false},"author":3,"featured_media":98509,"comment_status":"closed","ping_status":"open","sticky":false,"template":"","format":"standard","meta":{"_acf_changed":false,"footnotes":""},"categories":[11,5],"tags":[884],"class_list":["post-98508","post","type-post","status-publish","format-standard","has-post-thumbnail","hentry","category-que-pasa","category-economia","tag-bono"],"acf":[],"yoast_head":"<!-- This site is optimized with the Yoast SEO plugin v27.5 - https:\/\/yoast.com\/product\/yoast-seo-wordpress\/ -->\n<title>Bono de Anses: los argentinos, en masa a solicitar su CBU - Diario Textual<\/title>\n<meta name=\"robots\" content=\"index, follow, max-snippet:-1, max-image-preview:large, max-video-preview:-1\" \/>\n<link rel=\"canonical\" href=\"https:\/\/diariotextual.com\/inicio\/index.php\/2020\/06\/21\/bono-anses-los-argentinos-masa-solicitar-cbu\/\" \/>\n<meta property=\"og:locale\" content=\"es_ES\" \/>\n<meta property=\"og:type\" content=\"article\" \/>\n<meta property=\"og:title\" content=\"Bono de Anses: los argentinos, en masa a solicitar su CBU - Diario Textual\" \/>\n<meta property=\"og:description\" content=\"Un mill\u00f3n de personas busc\u00f3 abrir una cuenta bancaria en distintas entidades financieras durante los \u00faltimos d\u00edas, en coincidencia con el requerimiento de la Anses de contar con una CBU&hellip;\" \/>\n<meta property=\"og:url\" content=\"https:\/\/diariotextual.com\/inicio\/index.php\/2020\/06\/21\/bono-anses-los-argentinos-masa-solicitar-cbu\/\" \/>\n<meta property=\"og:site_name\" content=\"Diario Textual\" \/>\n<meta property=\"article:publisher\" content=\"https:\/\/www.facebook.com\/eltextual\" \/>\n<meta property=\"article:published_time\" content=\"2020-06-21T22:23:33+00:00\" \/>\n<meta property=\"article:modified_time\" content=\"2020-06-21T23:26:49+00:00\" \/>\n<meta property=\"og:image\" content=\"https:\/\/diariotextual.com\/inicio\/wp-content\/uploads\/2020\/06\/cajerostelam9999.jpg\" \/>\n\t<meta property=\"og:image:width\" content=\"848\" \/>\n\t<meta property=\"og:image:height\" content=\"477\" \/>\n\t<meta property=\"og:image:type\" content=\"image\/jpeg\" \/>\n<meta name=\"author\" content=\"Diario1 Diario1\" \/>\n<meta name=\"twitter:card\" content=\"summary_large_image\" \/>\n<meta name=\"twitter:creator\" content=\"@eltextual\" \/>\n<meta name=\"twitter:site\" content=\"@eltextual\" \/>\n<meta name=\"twitter:label1\" content=\"Escrito por\" \/>\n\t<meta name=\"twitter:data1\" content=\"Diario1 Diario1\" \/>\n\t<meta name=\"twitter:label2\" content=\"Tiempo de lectura\" \/>\n\t<meta name=\"twitter:data2\" content=\"4 minutos\" \/>\n<script type=\"application\/ld+json\" class=\"yoast-schema-graph\">{\"@context\":\"https:\\\/\\\/schema.org\",\"@graph\":[{\"@type\":\"Article\",\"@id\":\"https:\\\/\\\/diariotextual.com\\\/inicio\\\/index.php\\\/2020\\\/06\\\/21\\\/bono-anses-los-argentinos-masa-solicitar-cbu\\\/#article\",\"isPartOf\":{\"@id\":\"https:\\\/\\\/diariotextual.com\\\/inicio\\\/index.php\\\/2020\\\/06\\\/21\\\/bono-anses-los-argentinos-masa-solicitar-cbu\\\/\"},\"author\":{\"name\":\"Diario1 Diario1\",\"@id\":\"https:\\\/\\\/diariotextual.com\\\/inicio\\\/#\\\/schema\\\/person\\\/418fc4093c33e86ed41562db3508f958\"},\"headline\":\"Bono de Anses: los argentinos, en masa a solicitar su CBU\",\"datePublished\":\"2020-06-21T22:23:33+00:00\",\"dateModified\":\"2020-06-21T23:26:49+00:00\",\"mainEntityOfPage\":{\"@id\":\"https:\\\/\\\/diariotextual.com\\\/inicio\\\/index.php\\\/2020\\\/06\\\/21\\\/bono-anses-los-argentinos-masa-solicitar-cbu\\\/\"},\"wordCount\":780,\"publisher\":{\"@id\":\"https:\\\/\\\/diariotextual.com\\\/inicio\\\/#organization\"},\"image\":{\"@id\":\"https:\\\/\\\/diariotextual.com\\\/inicio\\\/index.php\\\/2020\\\/06\\\/21\\\/bono-anses-los-argentinos-masa-solicitar-cbu\\\/#primaryimage\"},\"thumbnailUrl\":\"https:\\\/\\\/diariotextual.com\\\/inicio\\\/wp-content\\\/uploads\\\/2020\\\/06\\\/cajerostelam9999.jpg\",\"keywords\":[\"Bono\"],\"articleSection\":[\"A - QUE PASA (al costado)\",\"ECONOMIA\"],\"inLanguage\":\"es\"},{\"@type\":\"WebPage\",\"@id\":\"https:\\\/\\\/diariotextual.com\\\/inicio\\\/index.php\\\/2020\\\/06\\\/21\\\/bono-anses-los-argentinos-masa-solicitar-cbu\\\/\",\"url\":\"https:\\\/\\\/diariotextual.com\\\/inicio\\\/index.php\\\/2020\\\/06\\\/21\\\/bono-anses-los-argentinos-masa-solicitar-cbu\\\/\",\"name\":\"Bono de Anses: los argentinos, en masa a solicitar su CBU - Diario Textual\",\"isPartOf\":{\"@id\":\"https:\\\/\\\/diariotextual.com\\\/inicio\\\/#website\"},\"primaryImageOfPage\":{\"@id\":\"https:\\\/\\\/diariotextual.com\\\/inicio\\\/index.php\\\/2020\\\/06\\\/21\\\/bono-anses-los-argentinos-masa-solicitar-cbu\\\/#primaryimage\"},\"image\":{\"@id\":\"https:\\\/\\\/diariotextual.com\\\/inicio\\\/index.php\\\/2020\\\/06\\\/21\\\/bono-anses-los-argentinos-masa-solicitar-cbu\\\/#primaryimage\"},\"thumbnailUrl\":\"https:\\\/\\\/diariotextual.com\\\/inicio\\\/wp-content\\\/uploads\\\/2020\\\/06\\\/cajerostelam9999.jpg\",\"datePublished\":\"2020-06-21T22:23:33+00:00\",\"dateModified\":\"2020-06-21T23:26:49+00:00\",\"breadcrumb\":{\"@id\":\"https:\\\/\\\/diariotextual.com\\\/inicio\\\/index.php\\\/2020\\\/06\\\/21\\\/bono-anses-los-argentinos-masa-solicitar-cbu\\\/#breadcrumb\"},\"inLanguage\":\"es\",\"potentialAction\":[{\"@type\":\"ReadAction\",\"target\":[\"https:\\\/\\\/diariotextual.com\\\/inicio\\\/index.php\\\/2020\\\/06\\\/21\\\/bono-anses-los-argentinos-masa-solicitar-cbu\\\/\"]}]},{\"@type\":\"ImageObject\",\"inLanguage\":\"es\",\"@id\":\"https:\\\/\\\/diariotextual.com\\\/inicio\\\/index.php\\\/2020\\\/06\\\/21\\\/bono-anses-los-argentinos-masa-solicitar-cbu\\\/#primaryimage\",\"url\":\"https:\\\/\\\/diariotextual.com\\\/inicio\\\/wp-content\\\/uploads\\\/2020\\\/06\\\/cajerostelam9999.jpg\",\"contentUrl\":\"https:\\\/\\\/diariotextual.com\\\/inicio\\\/wp-content\\\/uploads\\\/2020\\\/06\\\/cajerostelam9999.jpg\",\"width\":848,\"height\":477},{\"@type\":\"BreadcrumbList\",\"@id\":\"https:\\\/\\\/diariotextual.com\\\/inicio\\\/index.php\\\/2020\\\/06\\\/21\\\/bono-anses-los-argentinos-masa-solicitar-cbu\\\/#breadcrumb\",\"itemListElement\":[{\"@type\":\"ListItem\",\"position\":1,\"name\":\"Portada\",\"item\":\"https:\\\/\\\/diariotextual.com\\\/inicio\\\/\"},{\"@type\":\"ListItem\",\"position\":2,\"name\":\"Bono de Anses: los argentinos, en masa a solicitar su CBU\"}]},{\"@type\":\"WebSite\",\"@id\":\"https:\\\/\\\/diariotextual.com\\\/inicio\\\/#website\",\"url\":\"https:\\\/\\\/diariotextual.com\\\/inicio\\\/\",\"name\":\"Diario Textual\",\"description\":\"\",\"publisher\":{\"@id\":\"https:\\\/\\\/diariotextual.com\\\/inicio\\\/#organization\"},\"potentialAction\":[{\"@type\":\"SearchAction\",\"target\":{\"@type\":\"EntryPoint\",\"urlTemplate\":\"https:\\\/\\\/diariotextual.com\\\/inicio\\\/?s={search_term_string}\"},\"query-input\":{\"@type\":\"PropertyValueSpecification\",\"valueRequired\":true,\"valueName\":\"search_term_string\"}}],\"inLanguage\":\"es\"},{\"@type\":\"Organization\",\"@id\":\"https:\\\/\\\/diariotextual.com\\\/inicio\\\/#organization\",\"name\":\"Diario Textual\",\"url\":\"https:\\\/\\\/diariotextual.com\\\/inicio\\\/\",\"logo\":{\"@type\":\"ImageObject\",\"inLanguage\":\"es\",\"@id\":\"https:\\\/\\\/diariotextual.com\\\/inicio\\\/#\\\/schema\\\/logo\\\/image\\\/\",\"url\":\"https:\\\/\\\/diariotextual.com\\\/inicio\\\/wp-content\\\/uploads\\\/2023\\\/05\\\/logotextual1.jpg\",\"contentUrl\":\"https:\\\/\\\/diariotextual.com\\\/inicio\\\/wp-content\\\/uploads\\\/2023\\\/05\\\/logotextual1.jpg\",\"width\":516,\"height\":76,\"caption\":\"Diario Textual\"},\"image\":{\"@id\":\"https:\\\/\\\/diariotextual.com\\\/inicio\\\/#\\\/schema\\\/logo\\\/image\\\/\"},\"sameAs\":[\"https:\\\/\\\/www.facebook.com\\\/eltextual\",\"https:\\\/\\\/x.com\\\/eltextual\",\"http:\\\/\\\/www.instagram.com\\\/eltextual\"]},{\"@type\":\"Person\",\"@id\":\"https:\\\/\\\/diariotextual.com\\\/inicio\\\/#\\\/schema\\\/person\\\/418fc4093c33e86ed41562db3508f958\",\"name\":\"Diario1 Diario1\",\"image\":{\"@type\":\"ImageObject\",\"inLanguage\":\"es\",\"@id\":\"https:\\\/\\\/secure.gravatar.com\\\/avatar\\\/9167d280179c85bc18be67aa7eda765854300033af4896dd779b608640f2ef7a?s=96&d=mm&r=g\",\"url\":\"https:\\\/\\\/secure.gravatar.com\\\/avatar\\\/9167d280179c85bc18be67aa7eda765854300033af4896dd779b608640f2ef7a?s=96&d=mm&r=g\",\"contentUrl\":\"https:\\\/\\\/secure.gravatar.com\\\/avatar\\\/9167d280179c85bc18be67aa7eda765854300033af4896dd779b608640f2ef7a?s=96&d=mm&r=g\",\"caption\":\"Diario1 Diario1\"},\"url\":\"https:\\\/\\\/diariotextual.com\\\/inicio\\\/index.php\\\/author\\\/diario1\\\/\"}]}<\/script>\n<!-- \/ Yoast SEO plugin. -->","yoast_head_json":{"title":"Bono de Anses: los argentinos, en masa a solicitar su CBU - Diario Textual","robots":{"index":"index","follow":"follow","max-snippet":"max-snippet:-1","max-image-preview":"max-image-preview:large","max-video-preview":"max-video-preview:-1"},"canonical":"https:\/\/diariotextual.com\/inicio\/index.php\/2020\/06\/21\/bono-anses-los-argentinos-masa-solicitar-cbu\/","og_locale":"es_ES","og_type":"article","og_title":"Bono de Anses: los argentinos, en masa a solicitar su CBU - Diario Textual","og_description":"Un mill\u00f3n de personas busc\u00f3 abrir una cuenta bancaria en distintas entidades financieras durante los \u00faltimos d\u00edas, en coincidencia con el requerimiento de la Anses de contar con una CBU&hellip;","og_url":"https:\/\/diariotextual.com\/inicio\/index.php\/2020\/06\/21\/bono-anses-los-argentinos-masa-solicitar-cbu\/","og_site_name":"Diario Textual","article_publisher":"https:\/\/www.facebook.com\/eltextual","article_published_time":"2020-06-21T22:23:33+00:00","article_modified_time":"2020-06-21T23:26:49+00:00","og_image":[{"width":848,"height":477,"url":"https:\/\/diariotextual.com\/inicio\/wp-content\/uploads\/2020\/06\/cajerostelam9999.jpg","type":"image\/jpeg"}],"author":"Diario1 Diario1","twitter_card":"summary_large_image","twitter_creator":"@eltextual","twitter_site":"@eltextual","twitter_misc":{"Escrito por":"Diario1 Diario1","Tiempo de lectura":"4 minutos"},"schema":{"@context":"https:\/\/schema.org","@graph":[{"@type":"Article","@id":"https:\/\/diariotextual.com\/inicio\/index.php\/2020\/06\/21\/bono-anses-los-argentinos-masa-solicitar-cbu\/#article","isPartOf":{"@id":"https:\/\/diariotextual.com\/inicio\/index.php\/2020\/06\/21\/bono-anses-los-argentinos-masa-solicitar-cbu\/"},"author":{"name":"Diario1 Diario1","@id":"https:\/\/diariotextual.com\/inicio\/#\/schema\/person\/418fc4093c33e86ed41562db3508f958"},"headline":"Bono de Anses: los argentinos, en masa a solicitar su CBU","datePublished":"2020-06-21T22:23:33+00:00","dateModified":"2020-06-21T23:26:49+00:00","mainEntityOfPage":{"@id":"https:\/\/diariotextual.com\/inicio\/index.php\/2020\/06\/21\/bono-anses-los-argentinos-masa-solicitar-cbu\/"},"wordCount":780,"publisher":{"@id":"https:\/\/diariotextual.com\/inicio\/#organization"},"image":{"@id":"https:\/\/diariotextual.com\/inicio\/index.php\/2020\/06\/21\/bono-anses-los-argentinos-masa-solicitar-cbu\/#primaryimage"},"thumbnailUrl":"https:\/\/diariotextual.com\/inicio\/wp-content\/uploads\/2020\/06\/cajerostelam9999.jpg","keywords":["Bono"],"articleSection":["A - QUE PASA (al costado)","ECONOMIA"],"inLanguage":"es"},{"@type":"WebPage","@id":"https:\/\/diariotextual.com\/inicio\/index.php\/2020\/06\/21\/bono-anses-los-argentinos-masa-solicitar-cbu\/","url":"https:\/\/diariotextual.com\/inicio\/index.php\/2020\/06\/21\/bono-anses-los-argentinos-masa-solicitar-cbu\/","name":"Bono de Anses: los argentinos, en masa a solicitar su CBU - Diario Textual","isPartOf":{"@id":"https:\/\/diariotextual.com\/inicio\/#website"},"primaryImageOfPage":{"@id":"https:\/\/diariotextual.com\/inicio\/index.php\/2020\/06\/21\/bono-anses-los-argentinos-masa-solicitar-cbu\/#primaryimage"},"image":{"@id":"https:\/\/diariotextual.com\/inicio\/index.php\/2020\/06\/21\/bono-anses-los-argentinos-masa-solicitar-cbu\/#primaryimage"},"thumbnailUrl":"https:\/\/diariotextual.com\/inicio\/wp-content\/uploads\/2020\/06\/cajerostelam9999.jpg","datePublished":"2020-06-21T22:23:33+00:00","dateModified":"2020-06-21T23:26:49+00:00","breadcrumb":{"@id":"https:\/\/diariotextual.com\/inicio\/index.php\/2020\/06\/21\/bono-anses-los-argentinos-masa-solicitar-cbu\/#breadcrumb"},"inLanguage":"es","potentialAction":[{"@type":"ReadAction","target":["https:\/\/diariotextual.com\/inicio\/index.php\/2020\/06\/21\/bono-anses-los-argentinos-masa-solicitar-cbu\/"]}]},{"@type":"ImageObject","inLanguage":"es","@id":"https:\/\/diariotextual.com\/inicio\/index.php\/2020\/06\/21\/bono-anses-los-argentinos-masa-solicitar-cbu\/#primaryimage","url":"https:\/\/diariotextual.com\/inicio\/wp-content\/uploads\/2020\/06\/cajerostelam9999.jpg","contentUrl":"https:\/\/diariotextual.com\/inicio\/wp-content\/uploads\/2020\/06\/cajerostelam9999.jpg","width":848,"height":477},{"@type":"BreadcrumbList","@id":"https:\/\/diariotextual.com\/inicio\/index.php\/2020\/06\/21\/bono-anses-los-argentinos-masa-solicitar-cbu\/#breadcrumb","itemListElement":[{"@type":"ListItem","position":1,"name":"Portada","item":"https:\/\/diariotextual.com\/inicio\/"},{"@type":"ListItem","position":2,"name":"Bono de Anses: los argentinos, en masa a solicitar su CBU"}]},{"@type":"WebSite","@id":"https:\/\/diariotextual.com\/inicio\/#website","url":"https:\/\/diariotextual.com\/inicio\/","name":"Diario Textual","description":"","publisher":{"@id":"https:\/\/diariotextual.com\/inicio\/#organization"},"potentialAction":[{"@type":"SearchAction","target":{"@type":"EntryPoint","urlTemplate":"https:\/\/diariotextual.com\/inicio\/?s={search_term_string}"},"query-input":{"@type":"PropertyValueSpecification","valueRequired":true,"valueName":"search_term_string"}}],"inLanguage":"es"},{"@type":"Organization","@id":"https:\/\/diariotextual.com\/inicio\/#organization","name":"Diario Textual","url":"https:\/\/diariotextual.com\/inicio\/","logo":{"@type":"ImageObject","inLanguage":"es","@id":"https:\/\/diariotextual.com\/inicio\/#\/schema\/logo\/image\/","url":"https:\/\/diariotextual.com\/inicio\/wp-content\/uploads\/2023\/05\/logotextual1.jpg","contentUrl":"https:\/\/diariotextual.com\/inicio\/wp-content\/uploads\/2023\/05\/logotextual1.jpg","width":516,"height":76,"caption":"Diario Textual"},"image":{"@id":"https:\/\/diariotextual.com\/inicio\/#\/schema\/logo\/image\/"},"sameAs":["https:\/\/www.facebook.com\/eltextual","https:\/\/x.com\/eltextual","http:\/\/www.instagram.com\/eltextual"]},{"@type":"Person","@id":"https:\/\/diariotextual.com\/inicio\/#\/schema\/person\/418fc4093c33e86ed41562db3508f958","name":"Diario1 Diario1","image":{"@type":"ImageObject","inLanguage":"es","@id":"https:\/\/secure.gravatar.com\/avatar\/9167d280179c85bc18be67aa7eda765854300033af4896dd779b608640f2ef7a?s=96&d=mm&r=g","url":"https:\/\/secure.gravatar.com\/avatar\/9167d280179c85bc18be67aa7eda765854300033af4896dd779b608640f2ef7a?s=96&d=mm&r=g","contentUrl":"https:\/\/secure.gravatar.com\/avatar\/9167d280179c85bc18be67aa7eda765854300033af4896dd779b608640f2ef7a?s=96&d=mm&r=g","caption":"Diario1 Diario1"},"url":"https:\/\/diariotextual.com\/inicio\/index.php\/author\/diario1\/"}]}},"_links":{"self":[{"href":"https:\/\/diariotextual.com\/inicio\/index.php\/wp-json\/wp\/v2\/posts\/98508","targetHints":{"allow":["GET"]}}],"collection":[{"href":"https:\/\/diariotextual.com\/inicio\/index.php\/wp-json\/wp\/v2\/posts"}],"about":[{"href":"https:\/\/diariotextual.com\/inicio\/index.php\/wp-json\/wp\/v2\/types\/post"}],"author":[{"embeddable":true,"href":"https:\/\/diariotextual.com\/inicio\/index.php\/wp-json\/wp\/v2\/users\/3"}],"replies":[{"embeddable":true,"href":"https:\/\/diariotextual.com\/inicio\/index.php\/wp-json\/wp\/v2\/comments?post=98508"}],"version-history":[{"count":1,"href":"https:\/\/diariotextual.com\/inicio\/index.php\/wp-json\/wp\/v2\/posts\/98508\/revisions"}],"predecessor-version":[{"id":98510,"href":"https:\/\/diariotextual.com\/inicio\/index.php\/wp-json\/wp\/v2\/posts\/98508\/revisions\/98510"}],"wp:featuredmedia":[{"embeddable":true,"href":"https:\/\/diariotextual.com\/inicio\/index.php\/wp-json\/wp\/v2\/media\/98509"}],"wp:attachment":[{"href":"https:\/\/diariotextual.com\/inicio\/index.php\/wp-json\/wp\/v2\/media?parent=98508"}],"wp:term":[{"taxonomy":"category","embeddable":true,"href":"https:\/\/diariotextual.com\/inicio\/index.php\/wp-json\/wp\/v2\/categories?post=98508"},{"taxonomy":"post_tag","embeddable":true,"href":"https:\/\/diariotextual.com\/inicio\/index.php\/wp-json\/wp\/v2\/tags?post=98508"}],"curies":[{"name":"wp","href":"https:\/\/api.w.org\/{rel}","templated":true}]}}