{"id":98511,"date":"2020-06-21T19:29:14","date_gmt":"2020-06-21T22:29:14","guid":{"rendered":"http:\/\/diariotextual.com\/inicio\/?p=98511"},"modified":"2020-06-21T19:29:14","modified_gmt":"2020-06-21T22:29:14","slug":"segun-came-las-ventas-del-dia-del-padre-cayeron-442","status":"publish","type":"post","link":"https:\/\/diariotextual.com\/inicio\/index.php\/2020\/06\/21\/segun-came-las-ventas-del-dia-del-padre-cayeron-442\/","title":{"rendered":"Seg\u00fan CAME, las ventas del D\u00eda del Padre cayeron 44,2%"},"content":{"rendered":"<p>Las ventas del <strong>D\u00eda del Padre<\/strong> cayeron <strong>44,2%<\/strong> respecto de la misma fecha del a\u00f1o pasado y reflejaron la <strong>retracci\u00f3n general del consumo<\/strong> por el descenso en los ingresos de los hogares y la falta de circulaci\u00f3n de gente por la <strong>cuarentena<\/strong>, seg\u00fan inform\u00f3 este domingo la<strong> Confederaci\u00f3n Argentina de la Mediana Empresa (CAME).<\/strong><\/p>\n<blockquote class=\"wp-embedded-content\" data-secret=\"blNteo2mD3\"><p><a href=\"http:\/\/diariotextual.com\/inicio\/index.php\/2020\/06\/20\/dia-del-padre-pandemia-explotaron-las-ventas-pico-santa-rosa-e-igualaron-las-del-ano-pasado\/\">D\u00eda del Padre en pandemia: explotaron las ventas en Pico y Santa Rosa e igualaron a las del a\u00f1o pasado<\/a><\/p><\/blockquote>\n<p><iframe class=\"wp-embedded-content\" sandbox=\"allow-scripts\" security=\"restricted\" style=\"position: absolute; clip: rect(1px, 1px, 1px, 1px);\" src=\"http:\/\/diariotextual.com\/inicio\/index.php\/2020\/06\/20\/dia-del-padre-pandemia-explotaron-las-ventas-pico-santa-rosa-e-igualaron-las-del-ano-pasado\/embed\/#?secret=blNteo2mD3\" data-secret=\"blNteo2mD3\" width=\"600\" height=\"338\" title=\"&#171;D\u00eda del Padre en pandemia: explotaron las ventas en Pico y Santa Rosa e igualaron a las del a\u00f1o pasado&#187; &#8212; Diario Textual\" frameborder=\"0\" marginwidth=\"0\" marginheight=\"0\" scrolling=\"no\"><\/iframe><\/p>\n<p>Seg\u00fan el relevamiento realizado por la CAME, \u00abel consumo fue muy flojo por el descenso en los ingresos de los hogares y la falta de circulaci\u00f3n de gente en la cuarentena; s\u00f3lo 4,9% de los comercios pymes relevados finaliz\u00f3 la fecha con aumento, el 88,7% en baja\u00bb.<\/p>\n<p>\u00abIgual, las pocas ventas registradas trajeron algo de alivio a los negocios vinculados a la celebraci\u00f3n. Es posible que por la falta de encuentro de hijos con padres, los regalos se contin\u00faen comprando en los pr\u00f3ximos d\u00edas\u00bb, se\u00f1al\u00f3 la CAME.<\/p>\n<p>El ticket promedio de venta este a\u00f1o se ubic\u00f3 en $1.400, un 40% por encima del 2019.<\/p>\n<p>Cascales se\u00f1al\u00f3 que \u00abla ca\u00edda que registramos en CAME por las ventas del d\u00eda del Padre fue bastante dispar, en el interior del pa\u00eds hubo ciertos lugares que no fue tan importante la ca\u00edda, y hay que considerar que hubo dos provincias, Jujuy y Chaco, que decidieron postergar la celebraci\u00f3n hasta el 12 de julio debido a que se establecieron medidas estrictas para limitar la circulaci\u00f3n de personas y el cierre de comercios por el aumento de contagios, lo cual afect\u00f3 tambi\u00e9n al indicador\u00bb.<\/p>\n<p>\u00abEvidentemente la ca\u00edda de las ventas de AMBA impact\u00f3 fuerte en que el n\u00famero sea bajo, 44,2%. Si se toman las ca\u00eddas que ven\u00edamos teniendo en mayo que superaban el 50% o bajas en marroquiner\u00eda, calzado e indumentaria cercanas a 70%, estos n\u00fameros son mejores de lo que ven\u00edamos experimentando pero obviamente lejos de la situaci\u00f3n de normalidad que permita a un comercio mantenerse a flote\u00bb, consider\u00f3.<\/p>\n<p>Subray\u00f3 que \u00absolamente 5% de los comercios tuvieron ventas superiores al a\u00f1o pasado y la mayor\u00eda de los comercios pymes de todo el pa\u00eds con este nivel no cubren sus costos fijos\u00bb.<\/p>\n<p>Los datos surgen del relevamiento realizado por la CAME entre el viernes por la tarde y el s\u00e1bado por la noche en 750 comercios del pa\u00eds y reflejan adem\u00e1s que \u00absubi\u00f3 la venta online pero baj\u00f3 en locales f\u00edsicos\u00bb.<\/p>\n<p>\u00abPredomin\u00f3 la austeridad por la incertidumbre de muchas personas que ven peligrar sus fuentes laborales ante la recesi\u00f3n econ\u00f3mica que se atraviesa. As\u00ed, a pesar de que muchos comercios permanecieron abiertos hubo poco tr\u00e1nsito de gente por las calles, aunque si mayor volumen de facturaci\u00f3n electr\u00f3nica. En este \u00faltimo caso, aumentaron 5,8% frente a la misma fecha del a\u00f1o pasado\u00bb.<\/p>\n<p>La mala fecha se not\u00f3 en que apenas el 4,9% de los comercios relevados tuvieron aumento en sus ventas; en cambio, el 87,8% finaliz\u00f3 con bajas y otro 7,3% se mantuvo sin variaci\u00f3n.<\/p>\n<p>Un com\u00fan denominador en todos los rubros fue la baja variedad de productos por algunos problemas de abastecimiento, sobre todo se not\u00f3 en celulares y art\u00edculos.<\/p>\n<p>Los 9 grandes rubros relevados este a\u00f1o finalizaron la fecha con bajas anuales muy profundas: la mayor ca\u00edda anual ocurri\u00f3 en Calzado y Marroquiner\u00eda donde las cantidades vendidas cayeron 56,4% y se expendieron modelos discontinuos, y productos de bajo valor como pantuflas.<\/p>\n<p>El rubro con menor declive fue Herramientas y Art\u00edculos de ferreter\u00eda, que tuvo una baja del 30,8% anual.<\/p>\n<p>En ese caso, salieron mayormente herramientas el\u00e9ctricas y algunos comercios realizaron sorteos para atraer compradores, pero en general los negocios del ramo se\u00f1alan que el D\u00eda del Padre no viene bien ya desde algunos a\u00f1os.<\/p>\n<p>En Indumentaria, las cantidades vendidas descendieron 48,7%, con mucha salida sobre la hora y algunos problemas de abastecimiento, sobre todo de mercader\u00eda de invierno; mientras que estuvo m\u00e1s activo el e-commerce de ese rubro, que comenz\u00f3 ya desde una semana antes.<\/p>\n<p>En Accesorios de computaci\u00f3n, celulares y productos electr\u00f3nicos las ventas cayeron un 45,7% anual.<\/p>\n<p>Hubo pocos modelos de celulares, lo que limit\u00f3 el expendio en esos productos y la falta de l\u00edmite en las tarjetas de cr\u00e9dito redujo la demanda de art\u00edculos electr\u00f3nicos; tambi\u00e9n se demoraron las entregas de tablet y productos de audio y \u00ablos negocios del sector expresan que fue una fecha perdida\u00bb.<\/p>\n<div class=\"btn_externos\"><\/div>\n","protected":false},"excerpt":{"rendered":"<p>Las ventas del D\u00eda del Padre cayeron 44,2% respecto de la misma fecha del a\u00f1o pasado y reflejaron la retracci\u00f3n general del consumo por el descenso en los ingresos de&hellip;<\/p>\n","protected":false},"author":7,"featured_media":98517,"comment_status":"closed","ping_status":"open","sticky":false,"template":"","format":"standard","meta":{"_acf_changed":false,"footnotes":""},"categories":[11,5],"tags":[],"class_list":["post-98511","post","type-post","status-publish","format-standard","has-post-thumbnail","hentry","category-que-pasa","category-economia"],"acf":[],"yoast_head":"<!-- This site is optimized with the Yoast SEO plugin v27.5 - https:\/\/yoast.com\/product\/yoast-seo-wordpress\/ -->\n<title>Seg\u00fan CAME, las ventas del D\u00eda del Padre cayeron 44,2% - Diario Textual<\/title>\n<meta name=\"robots\" content=\"index, follow, max-snippet:-1, max-image-preview:large, max-video-preview:-1\" \/>\n<link rel=\"canonical\" href=\"https:\/\/diariotextual.com\/inicio\/index.php\/2020\/06\/21\/segun-came-las-ventas-del-dia-del-padre-cayeron-442\/\" \/>\n<meta property=\"og:locale\" content=\"es_ES\" \/>\n<meta property=\"og:type\" content=\"article\" \/>\n<meta property=\"og:title\" content=\"Seg\u00fan CAME, las ventas del D\u00eda del Padre cayeron 44,2% - Diario Textual\" \/>\n<meta property=\"og:description\" content=\"Las ventas del D\u00eda del Padre cayeron 44,2% respecto de la misma fecha del a\u00f1o pasado y reflejaron la retracci\u00f3n general del consumo por el descenso en los ingresos de&hellip;\" \/>\n<meta property=\"og:url\" content=\"https:\/\/diariotextual.com\/inicio\/index.php\/2020\/06\/21\/segun-came-las-ventas-del-dia-del-padre-cayeron-442\/\" \/>\n<meta property=\"og:site_name\" content=\"Diario Textual\" \/>\n<meta property=\"article:publisher\" content=\"https:\/\/www.facebook.com\/eltextual\" \/>\n<meta property=\"article:published_time\" content=\"2020-06-21T22:29:14+00:00\" \/>\n<meta property=\"og:image\" content=\"https:\/\/diariotextual.com\/inicio\/wp-content\/uploads\/2020\/06\/diadelpadrevidriera.jpg\" \/>\n\t<meta property=\"og:image:width\" content=\"1004\" \/>\n\t<meta property=\"og:image:height\" content=\"565\" \/>\n\t<meta property=\"og:image:type\" content=\"image\/jpeg\" \/>\n<meta name=\"author\" content=\"diario5\" \/>\n<meta name=\"twitter:card\" content=\"summary_large_image\" \/>\n<meta name=\"twitter:creator\" content=\"@eltextual\" \/>\n<meta name=\"twitter:site\" content=\"@eltextual\" \/>\n<meta name=\"twitter:label1\" content=\"Escrito por\" \/>\n\t<meta name=\"twitter:data1\" content=\"diario5\" \/>\n\t<meta name=\"twitter:label2\" content=\"Tiempo de lectura\" \/>\n\t<meta name=\"twitter:data2\" content=\"4 minutos\" \/>\n<script type=\"application\/ld+json\" class=\"yoast-schema-graph\">{\"@context\":\"https:\\\/\\\/schema.org\",\"@graph\":[{\"@type\":\"Article\",\"@id\":\"https:\\\/\\\/diariotextual.com\\\/inicio\\\/index.php\\\/2020\\\/06\\\/21\\\/segun-came-las-ventas-del-dia-del-padre-cayeron-442\\\/#article\",\"isPartOf\":{\"@id\":\"https:\\\/\\\/diariotextual.com\\\/inicio\\\/index.php\\\/2020\\\/06\\\/21\\\/segun-came-las-ventas-del-dia-del-padre-cayeron-442\\\/\"},\"author\":{\"name\":\"diario5\",\"@id\":\"https:\\\/\\\/diariotextual.com\\\/inicio\\\/#\\\/schema\\\/person\\\/c7834961ad8b29b1d9cdbf4571299067\"},\"headline\":\"Seg\u00fan CAME, las ventas del D\u00eda del Padre cayeron 44,2%\",\"datePublished\":\"2020-06-21T22:29:14+00:00\",\"mainEntityOfPage\":{\"@id\":\"https:\\\/\\\/diariotextual.com\\\/inicio\\\/index.php\\\/2020\\\/06\\\/21\\\/segun-came-las-ventas-del-dia-del-padre-cayeron-442\\\/\"},\"wordCount\":762,\"publisher\":{\"@id\":\"https:\\\/\\\/diariotextual.com\\\/inicio\\\/#organization\"},\"image\":{\"@id\":\"https:\\\/\\\/diariotextual.com\\\/inicio\\\/index.php\\\/2020\\\/06\\\/21\\\/segun-came-las-ventas-del-dia-del-padre-cayeron-442\\\/#primaryimage\"},\"thumbnailUrl\":\"https:\\\/\\\/diariotextual.com\\\/inicio\\\/wp-content\\\/uploads\\\/2020\\\/06\\\/diadelpadrevidriera.jpg\",\"articleSection\":[\"A - QUE PASA (al costado)\",\"ECONOMIA\"],\"inLanguage\":\"es\"},{\"@type\":\"WebPage\",\"@id\":\"https:\\\/\\\/diariotextual.com\\\/inicio\\\/index.php\\\/2020\\\/06\\\/21\\\/segun-came-las-ventas-del-dia-del-padre-cayeron-442\\\/\",\"url\":\"https:\\\/\\\/diariotextual.com\\\/inicio\\\/index.php\\\/2020\\\/06\\\/21\\\/segun-came-las-ventas-del-dia-del-padre-cayeron-442\\\/\",\"name\":\"Seg\u00fan CAME, las ventas del D\u00eda del Padre cayeron 44,2% - Diario Textual\",\"isPartOf\":{\"@id\":\"https:\\\/\\\/diariotextual.com\\\/inicio\\\/#website\"},\"primaryImageOfPage\":{\"@id\":\"https:\\\/\\\/diariotextual.com\\\/inicio\\\/index.php\\\/2020\\\/06\\\/21\\\/segun-came-las-ventas-del-dia-del-padre-cayeron-442\\\/#primaryimage\"},\"image\":{\"@id\":\"https:\\\/\\\/diariotextual.com\\\/inicio\\\/index.php\\\/2020\\\/06\\\/21\\\/segun-came-las-ventas-del-dia-del-padre-cayeron-442\\\/#primaryimage\"},\"thumbnailUrl\":\"https:\\\/\\\/diariotextual.com\\\/inicio\\\/wp-content\\\/uploads\\\/2020\\\/06\\\/diadelpadrevidriera.jpg\",\"datePublished\":\"2020-06-21T22:29:14+00:00\",\"breadcrumb\":{\"@id\":\"https:\\\/\\\/diariotextual.com\\\/inicio\\\/index.php\\\/2020\\\/06\\\/21\\\/segun-came-las-ventas-del-dia-del-padre-cayeron-442\\\/#breadcrumb\"},\"inLanguage\":\"es\",\"potentialAction\":[{\"@type\":\"ReadAction\",\"target\":[\"https:\\\/\\\/diariotextual.com\\\/inicio\\\/index.php\\\/2020\\\/06\\\/21\\\/segun-came-las-ventas-del-dia-del-padre-cayeron-442\\\/\"]}]},{\"@type\":\"ImageObject\",\"inLanguage\":\"es\",\"@id\":\"https:\\\/\\\/diariotextual.com\\\/inicio\\\/index.php\\\/2020\\\/06\\\/21\\\/segun-came-las-ventas-del-dia-del-padre-cayeron-442\\\/#primaryimage\",\"url\":\"https:\\\/\\\/diariotextual.com\\\/inicio\\\/wp-content\\\/uploads\\\/2020\\\/06\\\/diadelpadrevidriera.jpg\",\"contentUrl\":\"https:\\\/\\\/diariotextual.com\\\/inicio\\\/wp-content\\\/uploads\\\/2020\\\/06\\\/diadelpadrevidriera.jpg\",\"width\":1004,\"height\":565},{\"@type\":\"BreadcrumbList\",\"@id\":\"https:\\\/\\\/diariotextual.com\\\/inicio\\\/index.php\\\/2020\\\/06\\\/21\\\/segun-came-las-ventas-del-dia-del-padre-cayeron-442\\\/#breadcrumb\",\"itemListElement\":[{\"@type\":\"ListItem\",\"position\":1,\"name\":\"Portada\",\"item\":\"https:\\\/\\\/diariotextual.com\\\/inicio\\\/\"},{\"@type\":\"ListItem\",\"position\":2,\"name\":\"Seg\u00fan CAME, las ventas del D\u00eda del Padre cayeron 44,2%\"}]},{\"@type\":\"WebSite\",\"@id\":\"https:\\\/\\\/diariotextual.com\\\/inicio\\\/#website\",\"url\":\"https:\\\/\\\/diariotextual.com\\\/inicio\\\/\",\"name\":\"Diario Textual\",\"description\":\"\",\"publisher\":{\"@id\":\"https:\\\/\\\/diariotextual.com\\\/inicio\\\/#organization\"},\"potentialAction\":[{\"@type\":\"SearchAction\",\"target\":{\"@type\":\"EntryPoint\",\"urlTemplate\":\"https:\\\/\\\/diariotextual.com\\\/inicio\\\/?s={search_term_string}\"},\"query-input\":{\"@type\":\"PropertyValueSpecification\",\"valueRequired\":true,\"valueName\":\"search_term_string\"}}],\"inLanguage\":\"es\"},{\"@type\":\"Organization\",\"@id\":\"https:\\\/\\\/diariotextual.com\\\/inicio\\\/#organization\",\"name\":\"Diario Textual\",\"url\":\"https:\\\/\\\/diariotextual.com\\\/inicio\\\/\",\"logo\":{\"@type\":\"ImageObject\",\"inLanguage\":\"es\",\"@id\":\"https:\\\/\\\/diariotextual.com\\\/inicio\\\/#\\\/schema\\\/logo\\\/image\\\/\",\"url\":\"https:\\\/\\\/diariotextual.com\\\/inicio\\\/wp-content\\\/uploads\\\/2023\\\/05\\\/logotextual1.jpg\",\"contentUrl\":\"https:\\\/\\\/diariotextual.com\\\/inicio\\\/wp-content\\\/uploads\\\/2023\\\/05\\\/logotextual1.jpg\",\"width\":516,\"height\":76,\"caption\":\"Diario Textual\"},\"image\":{\"@id\":\"https:\\\/\\\/diariotextual.com\\\/inicio\\\/#\\\/schema\\\/logo\\\/image\\\/\"},\"sameAs\":[\"https:\\\/\\\/www.facebook.com\\\/eltextual\",\"https:\\\/\\\/x.com\\\/eltextual\",\"http:\\\/\\\/www.instagram.com\\\/eltextual\"]},{\"@type\":\"Person\",\"@id\":\"https:\\\/\\\/diariotextual.com\\\/inicio\\\/#\\\/schema\\\/person\\\/c7834961ad8b29b1d9cdbf4571299067\",\"name\":\"diario5\",\"image\":{\"@type\":\"ImageObject\",\"inLanguage\":\"es\",\"@id\":\"https:\\\/\\\/secure.gravatar.com\\\/avatar\\\/948c893b847ca6df68216ead81b63f363408ec9b0f600fefc0641ce78613b111?s=96&d=mm&r=g\",\"url\":\"https:\\\/\\\/secure.gravatar.com\\\/avatar\\\/948c893b847ca6df68216ead81b63f363408ec9b0f600fefc0641ce78613b111?s=96&d=mm&r=g\",\"contentUrl\":\"https:\\\/\\\/secure.gravatar.com\\\/avatar\\\/948c893b847ca6df68216ead81b63f363408ec9b0f600fefc0641ce78613b111?s=96&d=mm&r=g\",\"caption\":\"diario5\"},\"url\":\"https:\\\/\\\/diariotextual.com\\\/inicio\\\/index.php\\\/author\\\/diario5\\\/\"}]}<\/script>\n<!-- \/ Yoast SEO plugin. -->","yoast_head_json":{"title":"Seg\u00fan CAME, las ventas del D\u00eda del Padre cayeron 44,2% - Diario Textual","robots":{"index":"index","follow":"follow","max-snippet":"max-snippet:-1","max-image-preview":"max-image-preview:large","max-video-preview":"max-video-preview:-1"},"canonical":"https:\/\/diariotextual.com\/inicio\/index.php\/2020\/06\/21\/segun-came-las-ventas-del-dia-del-padre-cayeron-442\/","og_locale":"es_ES","og_type":"article","og_title":"Seg\u00fan CAME, las ventas del D\u00eda del Padre cayeron 44,2% - Diario Textual","og_description":"Las ventas del D\u00eda del Padre cayeron 44,2% respecto de la misma fecha del a\u00f1o pasado y reflejaron la retracci\u00f3n general del consumo por el descenso en los ingresos de&hellip;","og_url":"https:\/\/diariotextual.com\/inicio\/index.php\/2020\/06\/21\/segun-came-las-ventas-del-dia-del-padre-cayeron-442\/","og_site_name":"Diario Textual","article_publisher":"https:\/\/www.facebook.com\/eltextual","article_published_time":"2020-06-21T22:29:14+00:00","og_image":[{"width":1004,"height":565,"url":"https:\/\/diariotextual.com\/inicio\/wp-content\/uploads\/2020\/06\/diadelpadrevidriera.jpg","type":"image\/jpeg"}],"author":"diario5","twitter_card":"summary_large_image","twitter_creator":"@eltextual","twitter_site":"@eltextual","twitter_misc":{"Escrito por":"diario5","Tiempo de lectura":"4 minutos"},"schema":{"@context":"https:\/\/schema.org","@graph":[{"@type":"Article","@id":"https:\/\/diariotextual.com\/inicio\/index.php\/2020\/06\/21\/segun-came-las-ventas-del-dia-del-padre-cayeron-442\/#article","isPartOf":{"@id":"https:\/\/diariotextual.com\/inicio\/index.php\/2020\/06\/21\/segun-came-las-ventas-del-dia-del-padre-cayeron-442\/"},"author":{"name":"diario5","@id":"https:\/\/diariotextual.com\/inicio\/#\/schema\/person\/c7834961ad8b29b1d9cdbf4571299067"},"headline":"Seg\u00fan CAME, las ventas del D\u00eda del Padre cayeron 44,2%","datePublished":"2020-06-21T22:29:14+00:00","mainEntityOfPage":{"@id":"https:\/\/diariotextual.com\/inicio\/index.php\/2020\/06\/21\/segun-came-las-ventas-del-dia-del-padre-cayeron-442\/"},"wordCount":762,"publisher":{"@id":"https:\/\/diariotextual.com\/inicio\/#organization"},"image":{"@id":"https:\/\/diariotextual.com\/inicio\/index.php\/2020\/06\/21\/segun-came-las-ventas-del-dia-del-padre-cayeron-442\/#primaryimage"},"thumbnailUrl":"https:\/\/diariotextual.com\/inicio\/wp-content\/uploads\/2020\/06\/diadelpadrevidriera.jpg","articleSection":["A - QUE PASA (al costado)","ECONOMIA"],"inLanguage":"es"},{"@type":"WebPage","@id":"https:\/\/diariotextual.com\/inicio\/index.php\/2020\/06\/21\/segun-came-las-ventas-del-dia-del-padre-cayeron-442\/","url":"https:\/\/diariotextual.com\/inicio\/index.php\/2020\/06\/21\/segun-came-las-ventas-del-dia-del-padre-cayeron-442\/","name":"Seg\u00fan CAME, las ventas del D\u00eda del Padre cayeron 44,2% - Diario Textual","isPartOf":{"@id":"https:\/\/diariotextual.com\/inicio\/#website"},"primaryImageOfPage":{"@id":"https:\/\/diariotextual.com\/inicio\/index.php\/2020\/06\/21\/segun-came-las-ventas-del-dia-del-padre-cayeron-442\/#primaryimage"},"image":{"@id":"https:\/\/diariotextual.com\/inicio\/index.php\/2020\/06\/21\/segun-came-las-ventas-del-dia-del-padre-cayeron-442\/#primaryimage"},"thumbnailUrl":"https:\/\/diariotextual.com\/inicio\/wp-content\/uploads\/2020\/06\/diadelpadrevidriera.jpg","datePublished":"2020-06-21T22:29:14+00:00","breadcrumb":{"@id":"https:\/\/diariotextual.com\/inicio\/index.php\/2020\/06\/21\/segun-came-las-ventas-del-dia-del-padre-cayeron-442\/#breadcrumb"},"inLanguage":"es","potentialAction":[{"@type":"ReadAction","target":["https:\/\/diariotextual.com\/inicio\/index.php\/2020\/06\/21\/segun-came-las-ventas-del-dia-del-padre-cayeron-442\/"]}]},{"@type":"ImageObject","inLanguage":"es","@id":"https:\/\/diariotextual.com\/inicio\/index.php\/2020\/06\/21\/segun-came-las-ventas-del-dia-del-padre-cayeron-442\/#primaryimage","url":"https:\/\/diariotextual.com\/inicio\/wp-content\/uploads\/2020\/06\/diadelpadrevidriera.jpg","contentUrl":"https:\/\/diariotextual.com\/inicio\/wp-content\/uploads\/2020\/06\/diadelpadrevidriera.jpg","width":1004,"height":565},{"@type":"BreadcrumbList","@id":"https:\/\/diariotextual.com\/inicio\/index.php\/2020\/06\/21\/segun-came-las-ventas-del-dia-del-padre-cayeron-442\/#breadcrumb","itemListElement":[{"@type":"ListItem","position":1,"name":"Portada","item":"https:\/\/diariotextual.com\/inicio\/"},{"@type":"ListItem","position":2,"name":"Seg\u00fan CAME, las ventas del D\u00eda del Padre cayeron 44,2%"}]},{"@type":"WebSite","@id":"https:\/\/diariotextual.com\/inicio\/#website","url":"https:\/\/diariotextual.com\/inicio\/","name":"Diario Textual","description":"","publisher":{"@id":"https:\/\/diariotextual.com\/inicio\/#organization"},"potentialAction":[{"@type":"SearchAction","target":{"@type":"EntryPoint","urlTemplate":"https:\/\/diariotextual.com\/inicio\/?s={search_term_string}"},"query-input":{"@type":"PropertyValueSpecification","valueRequired":true,"valueName":"search_term_string"}}],"inLanguage":"es"},{"@type":"Organization","@id":"https:\/\/diariotextual.com\/inicio\/#organization","name":"Diario Textual","url":"https:\/\/diariotextual.com\/inicio\/","logo":{"@type":"ImageObject","inLanguage":"es","@id":"https:\/\/diariotextual.com\/inicio\/#\/schema\/logo\/image\/","url":"https:\/\/diariotextual.com\/inicio\/wp-content\/uploads\/2023\/05\/logotextual1.jpg","contentUrl":"https:\/\/diariotextual.com\/inicio\/wp-content\/uploads\/2023\/05\/logotextual1.jpg","width":516,"height":76,"caption":"Diario Textual"},"image":{"@id":"https:\/\/diariotextual.com\/inicio\/#\/schema\/logo\/image\/"},"sameAs":["https:\/\/www.facebook.com\/eltextual","https:\/\/x.com\/eltextual","http:\/\/www.instagram.com\/eltextual"]},{"@type":"Person","@id":"https:\/\/diariotextual.com\/inicio\/#\/schema\/person\/c7834961ad8b29b1d9cdbf4571299067","name":"diario5","image":{"@type":"ImageObject","inLanguage":"es","@id":"https:\/\/secure.gravatar.com\/avatar\/948c893b847ca6df68216ead81b63f363408ec9b0f600fefc0641ce78613b111?s=96&d=mm&r=g","url":"https:\/\/secure.gravatar.com\/avatar\/948c893b847ca6df68216ead81b63f363408ec9b0f600fefc0641ce78613b111?s=96&d=mm&r=g","contentUrl":"https:\/\/secure.gravatar.com\/avatar\/948c893b847ca6df68216ead81b63f363408ec9b0f600fefc0641ce78613b111?s=96&d=mm&r=g","caption":"diario5"},"url":"https:\/\/diariotextual.com\/inicio\/index.php\/author\/diario5\/"}]}},"_links":{"self":[{"href":"https:\/\/diariotextual.com\/inicio\/index.php\/wp-json\/wp\/v2\/posts\/98511","targetHints":{"allow":["GET"]}}],"collection":[{"href":"https:\/\/diariotextual.com\/inicio\/index.php\/wp-json\/wp\/v2\/posts"}],"about":[{"href":"https:\/\/diariotextual.com\/inicio\/index.php\/wp-json\/wp\/v2\/types\/post"}],"author":[{"embeddable":true,"href":"https:\/\/diariotextual.com\/inicio\/index.php\/wp-json\/wp\/v2\/users\/7"}],"replies":[{"embeddable":true,"href":"https:\/\/diariotextual.com\/inicio\/index.php\/wp-json\/wp\/v2\/comments?post=98511"}],"version-history":[{"count":3,"href":"https:\/\/diariotextual.com\/inicio\/index.php\/wp-json\/wp\/v2\/posts\/98511\/revisions"}],"predecessor-version":[{"id":98520,"href":"https:\/\/diariotextual.com\/inicio\/index.php\/wp-json\/wp\/v2\/posts\/98511\/revisions\/98520"}],"wp:featuredmedia":[{"embeddable":true,"href":"https:\/\/diariotextual.com\/inicio\/index.php\/wp-json\/wp\/v2\/media\/98517"}],"wp:attachment":[{"href":"https:\/\/diariotextual.com\/inicio\/index.php\/wp-json\/wp\/v2\/media?parent=98511"}],"wp:term":[{"taxonomy":"category","embeddable":true,"href":"https:\/\/diariotextual.com\/inicio\/index.php\/wp-json\/wp\/v2\/categories?post=98511"},{"taxonomy":"post_tag","embeddable":true,"href":"https:\/\/diariotextual.com\/inicio\/index.php\/wp-json\/wp\/v2\/tags?post=98511"}],"curies":[{"name":"wp","href":"https:\/\/api.w.org\/{rel}","templated":true}]}}