{"id":98521,"date":"2020-06-21T20:05:08","date_gmt":"2020-06-21T23:05:08","guid":{"rendered":"http:\/\/diariotextual.com\/inicio\/?p=98521"},"modified":"2020-06-22T13:01:26","modified_gmt":"2020-06-22T16:01:26","slug":"vicentin-pro-pampeano-le-pide-al-presidente-razones","status":"publish","type":"post","link":"https:\/\/diariotextual.com\/inicio\/index.php\/2020\/06\/21\/vicentin-pro-pampeano-le-pide-al-presidente-razones\/","title":{"rendered":"Vicent\u00edn: el PRO pampeano le pide al presidente que entre en \u201crazones\u201d"},"content":{"rendered":"<p>Integrantes de la mesa pol\u00edtica de <strong>Propuesta Federal calific\u00f3 el avance del Gobierno Nacional contra la empresa Vicent\u00edn como una \u201camenaza\u201d a todas las PyMes del pa\u00eds<\/strong> y le pidieron al presidente Alberto Fern\u00e1ndez que entre \u201crazones\u201d luego del banderazo de ayer.<\/p>\n<p><img fetchpriority=\"high\" decoding=\"async\" class=\"alignnone wp-image-98524 size-full\" src=\"http:\/\/diariotextual.com\/inicio\/wp-content\/uploads\/2020\/06\/Propampeano.jpeg\" alt=\"\" width=\"700\" height=\"406\" srcset=\"https:\/\/diariotextual.com\/inicio\/wp-content\/uploads\/2020\/06\/Propampeano.jpeg 700w, https:\/\/diariotextual.com\/inicio\/wp-content\/uploads\/2020\/06\/Propampeano-300x174.jpeg 300w, https:\/\/diariotextual.com\/inicio\/wp-content\/uploads\/2020\/06\/Propampeano-585x339.jpeg 585w\" sizes=\"(max-width: 700px) 100vw, 700px\" \/><\/p>\n<p>\u201cEsto <strong>es una amenaza contra todas las empresas y Pymes del pa\u00eds. Si empezamos de esta manera, qui\u00e9n sabe c\u00f3mo vamos a seguir. En la situaci\u00f3n en la que estamos debemos cuidar nuestras empresas<\/strong>, no atentar contra ellas, sino acompa\u00f1arlas\u201d, declararon.<\/p>\n<blockquote class=\"wp-embedded-content\" data-secret=\"DCGqNHCCDU\"><p><a href=\"http:\/\/diariotextual.com\/inicio\/index.php\/2020\/06\/20\/manifestaron-pico-santa-rosa-realico-la-expropiacion-vicentin\/\">Manifestaron en Pico, Santa Rosa y Realic\u00f3 contra la expropiaci\u00f3n de Vicentin<\/a><\/p><\/blockquote>\n<p><iframe class=\"wp-embedded-content\" sandbox=\"allow-scripts\" security=\"restricted\" style=\"position: absolute; clip: rect(1px, 1px, 1px, 1px);\" src=\"http:\/\/diariotextual.com\/inicio\/index.php\/2020\/06\/20\/manifestaron-pico-santa-rosa-realico-la-expropiacion-vicentin\/embed\/#?secret=DCGqNHCCDU\" data-secret=\"DCGqNHCCDU\" width=\"600\" height=\"338\" title=\"&#171;Manifestaron en Pico, Santa Rosa y Realic\u00f3 contra la expropiaci\u00f3n de Vicentin&#187; &#8212; Diario Textual\" frameborder=\"0\" marginwidth=\"0\" marginheight=\"0\" scrolling=\"no\"><\/iframe><\/p>\n<p>Desde el PRO remarcaron que esta semana el juez comercial, Fabian Lorenzini, restituy\u00f3 el directorio de la empresa Vicentin por un plazo de 60 d\u00edas y declar\u00f3 que el interventor tendr\u00e1 un rol de \u201cveedor\u201d.<\/p>\n<p>\u201cEl pa\u00eds se manifest\u00f3 ante la medida del Poder Ejecutivo de expropiaci\u00f3n mientras <strong>el presidente de La Naci\u00f3n expres\u00f3: \u2018No me preocupa el banderazo; es gente que est\u00e1 confundida\u2019\u201d, destacaron y agregaron: \u201cEl gobierno tiene que escuchar<\/strong> el reclamo y entender que tiene que buscar otro camino\u201d.<\/p>\n<p>\u201cBajo cualquier punto de vista <strong>las medidas que est\u00e1 tomando el Gobierno Nacional son inconstitucionales. Estamos hartos del avasallamiento a los derechos de los argentinos<\/strong>. Nos paramos ante esta injusticia y reclamamos otra manera de manejar la situaci\u00f3n. Esta no es la soluci\u00f3n bajo ning\u00fan punto de vista\u201d, solicitaron desde la mesa pol\u00edtica.<\/p>\n<p>&nbsp;<\/p>\n<blockquote class=\"wp-embedded-content\" data-secret=\"wfaBuOw5UP\"><p><a href=\"http:\/\/diariotextual.com\/inicio\/index.php\/2020\/06\/21\/no-nos-aferramos-los-instrumentos-dijo-interventor-vicentin\/\">\u00abNo nos aferramos a los instrumentos\u00bb, dijo el interventor de Vicentin<\/a><\/p><\/blockquote>\n<p><iframe class=\"wp-embedded-content\" sandbox=\"allow-scripts\" security=\"restricted\" style=\"position: absolute; clip: rect(1px, 1px, 1px, 1px);\" src=\"http:\/\/diariotextual.com\/inicio\/index.php\/2020\/06\/21\/no-nos-aferramos-los-instrumentos-dijo-interventor-vicentin\/embed\/#?secret=wfaBuOw5UP\" data-secret=\"wfaBuOw5UP\" width=\"600\" height=\"338\" title=\"&#171;\u00abNo nos aferramos a los instrumentos\u00bb, dijo el interventor de Vicentin&#187; &#8212; Diario Textual\" frameborder=\"0\" marginwidth=\"0\" marginheight=\"0\" scrolling=\"no\"><\/iframe><\/p>\n<p>&nbsp;<\/p>\n<p>\u201c<strong>La recuperaci\u00f3n econ\u00f3mica necesita sumar a todo el sector empresario evitando las medidas que conspiran contra la unidad. Reclamamos ante esta situaci\u00f3n porque creemos en la libertad, en el respeto y en la Constituci\u00f3n.<\/strong> Esperamos que el gobierno entre en raz\u00f3n y que la justicia siga en el proceso de forma independiente\u201d, concluyeron.<\/p>\n<p>&nbsp;<\/p>\n","protected":false},"excerpt":{"rendered":"<p>Integrantes de la mesa pol\u00edtica de Propuesta Federal calific\u00f3 el avance del Gobierno Nacional contra la empresa Vicent\u00edn como una \u201camenaza\u201d a todas las PyMes del pa\u00eds y le pidieron&hellip;<\/p>\n","protected":false},"author":5,"featured_media":98527,"comment_status":"closed","ping_status":"open","sticky":false,"template":"","format":"standard","meta":{"_acf_changed":false,"footnotes":""},"categories":[1,8],"tags":[382,2723],"class_list":["post-98521","post","type-post","status-publish","format-standard","has-post-thumbnail","hentry","category-es-noticia","category-politica","tag-pro","tag-vicentin"],"acf":[],"yoast_head":"<!-- This site is optimized with the Yoast SEO plugin v27.5 - https:\/\/yoast.com\/product\/yoast-seo-wordpress\/ -->\n<title>Vicent\u00edn: el PRO pampeano le pide al presidente que entre en \u201crazones\u201d - Diario Textual<\/title>\n<meta name=\"robots\" content=\"index, follow, max-snippet:-1, max-image-preview:large, max-video-preview:-1\" \/>\n<link rel=\"canonical\" href=\"https:\/\/diariotextual.com\/inicio\/index.php\/2020\/06\/21\/vicentin-pro-pampeano-le-pide-al-presidente-razones\/\" \/>\n<meta property=\"og:locale\" content=\"es_ES\" \/>\n<meta property=\"og:type\" content=\"article\" \/>\n<meta property=\"og:title\" content=\"Vicent\u00edn: el PRO pampeano le pide al presidente que entre en \u201crazones\u201d - Diario Textual\" \/>\n<meta property=\"og:description\" content=\"Integrantes de la mesa pol\u00edtica de Propuesta Federal calific\u00f3 el avance del Gobierno Nacional contra la empresa Vicent\u00edn como una \u201camenaza\u201d a todas las PyMes del pa\u00eds y le pidieron&hellip;\" \/>\n<meta property=\"og:url\" content=\"https:\/\/diariotextual.com\/inicio\/index.php\/2020\/06\/21\/vicentin-pro-pampeano-le-pide-al-presidente-razones\/\" \/>\n<meta property=\"og:site_name\" content=\"Diario Textual\" \/>\n<meta property=\"article:publisher\" content=\"https:\/\/www.facebook.com\/eltextual\" \/>\n<meta property=\"article:published_time\" content=\"2020-06-21T23:05:08+00:00\" \/>\n<meta property=\"article:modified_time\" content=\"2020-06-22T16:01:26+00:00\" \/>\n<meta property=\"og:image\" content=\"https:\/\/diariotextual.com\/inicio\/wp-content\/uploads\/2020\/06\/vicentinbanderazopropuestafederalpro2020-1.jpg\" \/>\n\t<meta property=\"og:image:width\" content=\"1300\" \/>\n\t<meta property=\"og:image:height\" content=\"731\" \/>\n\t<meta property=\"og:image:type\" content=\"image\/jpeg\" \/>\n<meta name=\"author\" content=\"diario3\" \/>\n<meta name=\"twitter:card\" content=\"summary_large_image\" \/>\n<meta name=\"twitter:creator\" content=\"@eltextual\" \/>\n<meta name=\"twitter:site\" content=\"@eltextual\" \/>\n<meta name=\"twitter:label1\" content=\"Escrito por\" \/>\n\t<meta name=\"twitter:data1\" content=\"diario3\" \/>\n\t<meta name=\"twitter:label2\" content=\"Tiempo de lectura\" \/>\n\t<meta name=\"twitter:data2\" content=\"2 minutos\" \/>\n<script type=\"application\/ld+json\" class=\"yoast-schema-graph\">{\"@context\":\"https:\\\/\\\/schema.org\",\"@graph\":[{\"@type\":\"Article\",\"@id\":\"https:\\\/\\\/diariotextual.com\\\/inicio\\\/index.php\\\/2020\\\/06\\\/21\\\/vicentin-pro-pampeano-le-pide-al-presidente-razones\\\/#article\",\"isPartOf\":{\"@id\":\"https:\\\/\\\/diariotextual.com\\\/inicio\\\/index.php\\\/2020\\\/06\\\/21\\\/vicentin-pro-pampeano-le-pide-al-presidente-razones\\\/\"},\"author\":{\"name\":\"diario3\",\"@id\":\"https:\\\/\\\/diariotextual.com\\\/inicio\\\/#\\\/schema\\\/person\\\/a1b6f563e0ee944c60f98119389a4d9f\"},\"headline\":\"Vicent\u00edn: el PRO pampeano le pide al presidente que entre en \u201crazones\u201d\",\"datePublished\":\"2020-06-21T23:05:08+00:00\",\"dateModified\":\"2020-06-22T16:01:26+00:00\",\"mainEntityOfPage\":{\"@id\":\"https:\\\/\\\/diariotextual.com\\\/inicio\\\/index.php\\\/2020\\\/06\\\/21\\\/vicentin-pro-pampeano-le-pide-al-presidente-razones\\\/\"},\"wordCount\":322,\"publisher\":{\"@id\":\"https:\\\/\\\/diariotextual.com\\\/inicio\\\/#organization\"},\"image\":{\"@id\":\"https:\\\/\\\/diariotextual.com\\\/inicio\\\/index.php\\\/2020\\\/06\\\/21\\\/vicentin-pro-pampeano-le-pide-al-presidente-razones\\\/#primaryimage\"},\"thumbnailUrl\":\"https:\\\/\\\/diariotextual.com\\\/inicio\\\/wp-content\\\/uploads\\\/2020\\\/06\\\/vicentinbanderazopropuestafederalpro2020-1.jpg\",\"keywords\":[\"pro\",\"vicentin\"],\"articleSection\":[\"A - ES NOTICIA (van abajo)\",\"POLITICA\"],\"inLanguage\":\"es\"},{\"@type\":\"WebPage\",\"@id\":\"https:\\\/\\\/diariotextual.com\\\/inicio\\\/index.php\\\/2020\\\/06\\\/21\\\/vicentin-pro-pampeano-le-pide-al-presidente-razones\\\/\",\"url\":\"https:\\\/\\\/diariotextual.com\\\/inicio\\\/index.php\\\/2020\\\/06\\\/21\\\/vicentin-pro-pampeano-le-pide-al-presidente-razones\\\/\",\"name\":\"Vicent\u00edn: el PRO pampeano le pide al presidente que entre en \u201crazones\u201d - Diario Textual\",\"isPartOf\":{\"@id\":\"https:\\\/\\\/diariotextual.com\\\/inicio\\\/#website\"},\"primaryImageOfPage\":{\"@id\":\"https:\\\/\\\/diariotextual.com\\\/inicio\\\/index.php\\\/2020\\\/06\\\/21\\\/vicentin-pro-pampeano-le-pide-al-presidente-razones\\\/#primaryimage\"},\"image\":{\"@id\":\"https:\\\/\\\/diariotextual.com\\\/inicio\\\/index.php\\\/2020\\\/06\\\/21\\\/vicentin-pro-pampeano-le-pide-al-presidente-razones\\\/#primaryimage\"},\"thumbnailUrl\":\"https:\\\/\\\/diariotextual.com\\\/inicio\\\/wp-content\\\/uploads\\\/2020\\\/06\\\/vicentinbanderazopropuestafederalpro2020-1.jpg\",\"datePublished\":\"2020-06-21T23:05:08+00:00\",\"dateModified\":\"2020-06-22T16:01:26+00:00\",\"breadcrumb\":{\"@id\":\"https:\\\/\\\/diariotextual.com\\\/inicio\\\/index.php\\\/2020\\\/06\\\/21\\\/vicentin-pro-pampeano-le-pide-al-presidente-razones\\\/#breadcrumb\"},\"inLanguage\":\"es\",\"potentialAction\":[{\"@type\":\"ReadAction\",\"target\":[\"https:\\\/\\\/diariotextual.com\\\/inicio\\\/index.php\\\/2020\\\/06\\\/21\\\/vicentin-pro-pampeano-le-pide-al-presidente-razones\\\/\"]}]},{\"@type\":\"ImageObject\",\"inLanguage\":\"es\",\"@id\":\"https:\\\/\\\/diariotextual.com\\\/inicio\\\/index.php\\\/2020\\\/06\\\/21\\\/vicentin-pro-pampeano-le-pide-al-presidente-razones\\\/#primaryimage\",\"url\":\"https:\\\/\\\/diariotextual.com\\\/inicio\\\/wp-content\\\/uploads\\\/2020\\\/06\\\/vicentinbanderazopropuestafederalpro2020-1.jpg\",\"contentUrl\":\"https:\\\/\\\/diariotextual.com\\\/inicio\\\/wp-content\\\/uploads\\\/2020\\\/06\\\/vicentinbanderazopropuestafederalpro2020-1.jpg\",\"width\":1300,\"height\":731},{\"@type\":\"BreadcrumbList\",\"@id\":\"https:\\\/\\\/diariotextual.com\\\/inicio\\\/index.php\\\/2020\\\/06\\\/21\\\/vicentin-pro-pampeano-le-pide-al-presidente-razones\\\/#breadcrumb\",\"itemListElement\":[{\"@type\":\"ListItem\",\"position\":1,\"name\":\"Portada\",\"item\":\"https:\\\/\\\/diariotextual.com\\\/inicio\\\/\"},{\"@type\":\"ListItem\",\"position\":2,\"name\":\"Vicent\u00edn: el PRO pampeano le pide al presidente que entre en \u201crazones\u201d\"}]},{\"@type\":\"WebSite\",\"@id\":\"https:\\\/\\\/diariotextual.com\\\/inicio\\\/#website\",\"url\":\"https:\\\/\\\/diariotextual.com\\\/inicio\\\/\",\"name\":\"Diario Textual\",\"description\":\"\",\"publisher\":{\"@id\":\"https:\\\/\\\/diariotextual.com\\\/inicio\\\/#organization\"},\"potentialAction\":[{\"@type\":\"SearchAction\",\"target\":{\"@type\":\"EntryPoint\",\"urlTemplate\":\"https:\\\/\\\/diariotextual.com\\\/inicio\\\/?s={search_term_string}\"},\"query-input\":{\"@type\":\"PropertyValueSpecification\",\"valueRequired\":true,\"valueName\":\"search_term_string\"}}],\"inLanguage\":\"es\"},{\"@type\":\"Organization\",\"@id\":\"https:\\\/\\\/diariotextual.com\\\/inicio\\\/#organization\",\"name\":\"Diario Textual\",\"url\":\"https:\\\/\\\/diariotextual.com\\\/inicio\\\/\",\"logo\":{\"@type\":\"ImageObject\",\"inLanguage\":\"es\",\"@id\":\"https:\\\/\\\/diariotextual.com\\\/inicio\\\/#\\\/schema\\\/logo\\\/image\\\/\",\"url\":\"https:\\\/\\\/diariotextual.com\\\/inicio\\\/wp-content\\\/uploads\\\/2023\\\/05\\\/logotextual1.jpg\",\"contentUrl\":\"https:\\\/\\\/diariotextual.com\\\/inicio\\\/wp-content\\\/uploads\\\/2023\\\/05\\\/logotextual1.jpg\",\"width\":516,\"height\":76,\"caption\":\"Diario Textual\"},\"image\":{\"@id\":\"https:\\\/\\\/diariotextual.com\\\/inicio\\\/#\\\/schema\\\/logo\\\/image\\\/\"},\"sameAs\":[\"https:\\\/\\\/www.facebook.com\\\/eltextual\",\"https:\\\/\\\/x.com\\\/eltextual\",\"http:\\\/\\\/www.instagram.com\\\/eltextual\"]},{\"@type\":\"Person\",\"@id\":\"https:\\\/\\\/diariotextual.com\\\/inicio\\\/#\\\/schema\\\/person\\\/a1b6f563e0ee944c60f98119389a4d9f\",\"name\":\"diario3\",\"image\":{\"@type\":\"ImageObject\",\"inLanguage\":\"es\",\"@id\":\"https:\\\/\\\/secure.gravatar.com\\\/avatar\\\/5e7ee62c82fc04d9dd79d746a390d93c69c43223e5faeeb3ea9461ef752bfc5d?s=96&d=mm&r=g\",\"url\":\"https:\\\/\\\/secure.gravatar.com\\\/avatar\\\/5e7ee62c82fc04d9dd79d746a390d93c69c43223e5faeeb3ea9461ef752bfc5d?s=96&d=mm&r=g\",\"contentUrl\":\"https:\\\/\\\/secure.gravatar.com\\\/avatar\\\/5e7ee62c82fc04d9dd79d746a390d93c69c43223e5faeeb3ea9461ef752bfc5d?s=96&d=mm&r=g\",\"caption\":\"diario3\"},\"url\":\"https:\\\/\\\/diariotextual.com\\\/inicio\\\/index.php\\\/author\\\/diario3\\\/\"}]}<\/script>\n<!-- \/ Yoast SEO plugin. -->","yoast_head_json":{"title":"Vicent\u00edn: el PRO pampeano le pide al presidente que entre en \u201crazones\u201d - Diario Textual","robots":{"index":"index","follow":"follow","max-snippet":"max-snippet:-1","max-image-preview":"max-image-preview:large","max-video-preview":"max-video-preview:-1"},"canonical":"https:\/\/diariotextual.com\/inicio\/index.php\/2020\/06\/21\/vicentin-pro-pampeano-le-pide-al-presidente-razones\/","og_locale":"es_ES","og_type":"article","og_title":"Vicent\u00edn: el PRO pampeano le pide al presidente que entre en \u201crazones\u201d - Diario Textual","og_description":"Integrantes de la mesa pol\u00edtica de Propuesta Federal calific\u00f3 el avance del Gobierno Nacional contra la empresa Vicent\u00edn como una \u201camenaza\u201d a todas las PyMes del pa\u00eds y le pidieron&hellip;","og_url":"https:\/\/diariotextual.com\/inicio\/index.php\/2020\/06\/21\/vicentin-pro-pampeano-le-pide-al-presidente-razones\/","og_site_name":"Diario Textual","article_publisher":"https:\/\/www.facebook.com\/eltextual","article_published_time":"2020-06-21T23:05:08+00:00","article_modified_time":"2020-06-22T16:01:26+00:00","og_image":[{"width":1300,"height":731,"url":"https:\/\/diariotextual.com\/inicio\/wp-content\/uploads\/2020\/06\/vicentinbanderazopropuestafederalpro2020-1.jpg","type":"image\/jpeg"}],"author":"diario3","twitter_card":"summary_large_image","twitter_creator":"@eltextual","twitter_site":"@eltextual","twitter_misc":{"Escrito por":"diario3","Tiempo de lectura":"2 minutos"},"schema":{"@context":"https:\/\/schema.org","@graph":[{"@type":"Article","@id":"https:\/\/diariotextual.com\/inicio\/index.php\/2020\/06\/21\/vicentin-pro-pampeano-le-pide-al-presidente-razones\/#article","isPartOf":{"@id":"https:\/\/diariotextual.com\/inicio\/index.php\/2020\/06\/21\/vicentin-pro-pampeano-le-pide-al-presidente-razones\/"},"author":{"name":"diario3","@id":"https:\/\/diariotextual.com\/inicio\/#\/schema\/person\/a1b6f563e0ee944c60f98119389a4d9f"},"headline":"Vicent\u00edn: el PRO pampeano le pide al presidente que entre en \u201crazones\u201d","datePublished":"2020-06-21T23:05:08+00:00","dateModified":"2020-06-22T16:01:26+00:00","mainEntityOfPage":{"@id":"https:\/\/diariotextual.com\/inicio\/index.php\/2020\/06\/21\/vicentin-pro-pampeano-le-pide-al-presidente-razones\/"},"wordCount":322,"publisher":{"@id":"https:\/\/diariotextual.com\/inicio\/#organization"},"image":{"@id":"https:\/\/diariotextual.com\/inicio\/index.php\/2020\/06\/21\/vicentin-pro-pampeano-le-pide-al-presidente-razones\/#primaryimage"},"thumbnailUrl":"https:\/\/diariotextual.com\/inicio\/wp-content\/uploads\/2020\/06\/vicentinbanderazopropuestafederalpro2020-1.jpg","keywords":["pro","vicentin"],"articleSection":["A - ES NOTICIA (van abajo)","POLITICA"],"inLanguage":"es"},{"@type":"WebPage","@id":"https:\/\/diariotextual.com\/inicio\/index.php\/2020\/06\/21\/vicentin-pro-pampeano-le-pide-al-presidente-razones\/","url":"https:\/\/diariotextual.com\/inicio\/index.php\/2020\/06\/21\/vicentin-pro-pampeano-le-pide-al-presidente-razones\/","name":"Vicent\u00edn: el PRO pampeano le pide al presidente que entre en \u201crazones\u201d - Diario Textual","isPartOf":{"@id":"https:\/\/diariotextual.com\/inicio\/#website"},"primaryImageOfPage":{"@id":"https:\/\/diariotextual.com\/inicio\/index.php\/2020\/06\/21\/vicentin-pro-pampeano-le-pide-al-presidente-razones\/#primaryimage"},"image":{"@id":"https:\/\/diariotextual.com\/inicio\/index.php\/2020\/06\/21\/vicentin-pro-pampeano-le-pide-al-presidente-razones\/#primaryimage"},"thumbnailUrl":"https:\/\/diariotextual.com\/inicio\/wp-content\/uploads\/2020\/06\/vicentinbanderazopropuestafederalpro2020-1.jpg","datePublished":"2020-06-21T23:05:08+00:00","dateModified":"2020-06-22T16:01:26+00:00","breadcrumb":{"@id":"https:\/\/diariotextual.com\/inicio\/index.php\/2020\/06\/21\/vicentin-pro-pampeano-le-pide-al-presidente-razones\/#breadcrumb"},"inLanguage":"es","potentialAction":[{"@type":"ReadAction","target":["https:\/\/diariotextual.com\/inicio\/index.php\/2020\/06\/21\/vicentin-pro-pampeano-le-pide-al-presidente-razones\/"]}]},{"@type":"ImageObject","inLanguage":"es","@id":"https:\/\/diariotextual.com\/inicio\/index.php\/2020\/06\/21\/vicentin-pro-pampeano-le-pide-al-presidente-razones\/#primaryimage","url":"https:\/\/diariotextual.com\/inicio\/wp-content\/uploads\/2020\/06\/vicentinbanderazopropuestafederalpro2020-1.jpg","contentUrl":"https:\/\/diariotextual.com\/inicio\/wp-content\/uploads\/2020\/06\/vicentinbanderazopropuestafederalpro2020-1.jpg","width":1300,"height":731},{"@type":"BreadcrumbList","@id":"https:\/\/diariotextual.com\/inicio\/index.php\/2020\/06\/21\/vicentin-pro-pampeano-le-pide-al-presidente-razones\/#breadcrumb","itemListElement":[{"@type":"ListItem","position":1,"name":"Portada","item":"https:\/\/diariotextual.com\/inicio\/"},{"@type":"ListItem","position":2,"name":"Vicent\u00edn: el PRO pampeano le pide al presidente que entre en \u201crazones\u201d"}]},{"@type":"WebSite","@id":"https:\/\/diariotextual.com\/inicio\/#website","url":"https:\/\/diariotextual.com\/inicio\/","name":"Diario Textual","description":"","publisher":{"@id":"https:\/\/diariotextual.com\/inicio\/#organization"},"potentialAction":[{"@type":"SearchAction","target":{"@type":"EntryPoint","urlTemplate":"https:\/\/diariotextual.com\/inicio\/?s={search_term_string}"},"query-input":{"@type":"PropertyValueSpecification","valueRequired":true,"valueName":"search_term_string"}}],"inLanguage":"es"},{"@type":"Organization","@id":"https:\/\/diariotextual.com\/inicio\/#organization","name":"Diario Textual","url":"https:\/\/diariotextual.com\/inicio\/","logo":{"@type":"ImageObject","inLanguage":"es","@id":"https:\/\/diariotextual.com\/inicio\/#\/schema\/logo\/image\/","url":"https:\/\/diariotextual.com\/inicio\/wp-content\/uploads\/2023\/05\/logotextual1.jpg","contentUrl":"https:\/\/diariotextual.com\/inicio\/wp-content\/uploads\/2023\/05\/logotextual1.jpg","width":516,"height":76,"caption":"Diario Textual"},"image":{"@id":"https:\/\/diariotextual.com\/inicio\/#\/schema\/logo\/image\/"},"sameAs":["https:\/\/www.facebook.com\/eltextual","https:\/\/x.com\/eltextual","http:\/\/www.instagram.com\/eltextual"]},{"@type":"Person","@id":"https:\/\/diariotextual.com\/inicio\/#\/schema\/person\/a1b6f563e0ee944c60f98119389a4d9f","name":"diario3","image":{"@type":"ImageObject","inLanguage":"es","@id":"https:\/\/secure.gravatar.com\/avatar\/5e7ee62c82fc04d9dd79d746a390d93c69c43223e5faeeb3ea9461ef752bfc5d?s=96&d=mm&r=g","url":"https:\/\/secure.gravatar.com\/avatar\/5e7ee62c82fc04d9dd79d746a390d93c69c43223e5faeeb3ea9461ef752bfc5d?s=96&d=mm&r=g","contentUrl":"https:\/\/secure.gravatar.com\/avatar\/5e7ee62c82fc04d9dd79d746a390d93c69c43223e5faeeb3ea9461ef752bfc5d?s=96&d=mm&r=g","caption":"diario3"},"url":"https:\/\/diariotextual.com\/inicio\/index.php\/author\/diario3\/"}]}},"_links":{"self":[{"href":"https:\/\/diariotextual.com\/inicio\/index.php\/wp-json\/wp\/v2\/posts\/98521","targetHints":{"allow":["GET"]}}],"collection":[{"href":"https:\/\/diariotextual.com\/inicio\/index.php\/wp-json\/wp\/v2\/posts"}],"about":[{"href":"https:\/\/diariotextual.com\/inicio\/index.php\/wp-json\/wp\/v2\/types\/post"}],"author":[{"embeddable":true,"href":"https:\/\/diariotextual.com\/inicio\/index.php\/wp-json\/wp\/v2\/users\/5"}],"replies":[{"embeddable":true,"href":"https:\/\/diariotextual.com\/inicio\/index.php\/wp-json\/wp\/v2\/comments?post=98521"}],"version-history":[{"count":4,"href":"https:\/\/diariotextual.com\/inicio\/index.php\/wp-json\/wp\/v2\/posts\/98521\/revisions"}],"predecessor-version":[{"id":98537,"href":"https:\/\/diariotextual.com\/inicio\/index.php\/wp-json\/wp\/v2\/posts\/98521\/revisions\/98537"}],"wp:featuredmedia":[{"embeddable":true,"href":"https:\/\/diariotextual.com\/inicio\/index.php\/wp-json\/wp\/v2\/media\/98527"}],"wp:attachment":[{"href":"https:\/\/diariotextual.com\/inicio\/index.php\/wp-json\/wp\/v2\/media?parent=98521"}],"wp:term":[{"taxonomy":"category","embeddable":true,"href":"https:\/\/diariotextual.com\/inicio\/index.php\/wp-json\/wp\/v2\/categories?post=98521"},{"taxonomy":"post_tag","embeddable":true,"href":"https:\/\/diariotextual.com\/inicio\/index.php\/wp-json\/wp\/v2\/tags?post=98521"}],"curies":[{"name":"wp","href":"https:\/\/api.w.org\/{rel}","templated":true}]}}