{"id":98531,"date":"2020-06-21T20:37:16","date_gmt":"2020-06-21T23:37:16","guid":{"rendered":"http:\/\/diariotextual.com\/inicio\/?p=98531"},"modified":"2020-06-22T08:31:57","modified_gmt":"2020-06-22T11:31:57","slug":"no-nos-aferramos-los-instrumentos-dijo-interventor-vicentin","status":"publish","type":"post","link":"https:\/\/diariotextual.com\/inicio\/index.php\/2020\/06\/21\/no-nos-aferramos-los-instrumentos-dijo-interventor-vicentin\/","title":{"rendered":"\u00abNo nos aferramos a los instrumentos\u00bb, dijo el interventor de Vicentin"},"content":{"rendered":"<p>El interventor nombrado por el Gobierno en Vicentin, <strong>Gabriel Delgado<\/strong>, analiz\u00f3 la situaci\u00f3n de la empresa junto al presidente <strong>Alberto Fern\u00e1ndez<\/strong>. \u00abNo nos aferramos a los instrumentos\u00bb, dijo.<\/p>\n<p><strong>\u00abEl prop\u00f3sito del Gobierno es preservar las fuentes de trabajo y que los productores puedan cobrar\u00bb<\/strong>, expres\u00f3 por Twitter el exsecretario de Agricultura de Cristina Kirchner, sobre la cerealera, que enfrenta un concurso con m\u00e1s de 2600 acreedores y un pasivo de 99.000 millones, cuya parte mayoritaria, unos 18.000 millones, est\u00e1n en manos del Banco Naci\u00f3n.<\/p>\n<p>D\u00edas atr\u00e1s, el presidente pareci\u00f3 cambiar su plan original respecto de la agroexportadora y deleg\u00f3 la expropiaci\u00f3n en el gobernador de Santa Fe, Omar Perotti.<\/p>\n<p>Ese paso se dio despu\u00e9s de que el juez de Reconquista a cargo del concurso de acreedores, Fabi\u00e1n Lorenzini, restituyera a los directivos de la empresa en sus funciones y relegara a simples veedores a los funcionarios designados por el jefe del Estado.<\/p>\n<p>&nbsp;<\/p>\n<blockquote class=\"twitter-tweet\">\n<p dir=\"ltr\" lang=\"es\">Con <a href=\"https:\/\/twitter.com\/alferdez?ref_src=twsrc%5Etfw\">@alferdez<\/a> analizamos la situaci\u00f3n de Vicentin. Repasamos todas las alternativas y no nos aferramos a los instrumentos. El prop\u00f3sito del gobierno es preservar las fuentes de trabajo y que los productores puedan cobrar. <a href=\"https:\/\/t.co\/CC29TxpFwi\">pic.twitter.com\/CC29TxpFwi<\/a><\/p>\n<p>\u2014 Gabriel Delgado (@rgabrieldelgado) <a href=\"https:\/\/twitter.com\/rgabrieldelgado\/status\/1274833180131016705?ref_src=twsrc%5Etfw\">June 21, 2020<\/a><\/p><\/blockquote>\n<p><script async src=\"https:\/\/platform.twitter.com\/widgets.js\" charset=\"utf-8\"><\/script><\/p>\n<p>&nbsp;<\/p>\n<p>El magistrado santafesino consider\u00f3 \u00abimprocedentes\u00bb los cuestionamientos a la constitucionalidad del decreto 522\/2020, que sali\u00f3 publicado en el Bolet\u00edn Oficial, que prev\u00e9 la intervenci\u00f3n de la empresa agroexportadora, que naci\u00f3 en 1922 en Avellaneda.<\/p>\n<p>El mensaje de Delgado aparece mientras crece el descontento en el campo y en la ciudad. Ayer hubo, en distintos puntos del pa\u00eds, <a href=\"http:\/\/diariotextual.com\/inicio\/index.php\/2020\/06\/20\/manifestaron-pico-santa-rosa-realico-la-expropiacion-vicentin\/\" target=\"_blank\" rel=\"noopener\"><strong>protestas contra la expropiaci\u00f3n de la cerealera<\/strong><\/a>.<\/p>\n<p>&nbsp;<\/p>\n<blockquote class=\"wp-embedded-content\" data-secret=\"0HmVu6WlXz\"><p><a href=\"http:\/\/diariotextual.com\/inicio\/index.php\/2020\/06\/21\/vicentin-pro-pampeano-le-pide-al-presidente-razones\/\">Vicent\u00edn: el PRO pampeano le pide al presidente que entre en \u201crazones\u201d<\/a><\/p><\/blockquote>\n<p><iframe class=\"wp-embedded-content\" sandbox=\"allow-scripts\" security=\"restricted\" style=\"position: absolute; clip: rect(1px, 1px, 1px, 1px);\" src=\"http:\/\/diariotextual.com\/inicio\/index.php\/2020\/06\/21\/vicentin-pro-pampeano-le-pide-al-presidente-razones\/embed\/#?secret=0HmVu6WlXz\" data-secret=\"0HmVu6WlXz\" width=\"600\" height=\"338\" title=\"&#171;Vicent\u00edn: el PRO pampeano le pide al presidente que entre en \u201crazones\u201d&#187; &#8212; Diario Textual\" frameborder=\"0\" marginwidth=\"0\" marginheight=\"0\" scrolling=\"no\"><\/iframe><\/p>\n<p>&nbsp;<\/p>\n<p>&nbsp;<\/p>\n<p>No obstante, Fern\u00e1ndez expres\u00f3 ayer sobre las manifestaciones que \u00abes gente que est\u00e1 confundida\u00bb porque \u00abterminan haci\u00e9ndose cargo o avalando a personas que tienen un nivel de cuestionamiento muy alto\u00bb, en referencia a los due\u00f1os de la cerealera que est\u00e1n bajo la lupa de la Justicia por denuncias de fraude e incumplimiento de pago a cientos de productores agropecuarios.<\/p>\n<blockquote class=\"wp-embedded-content\" data-secret=\"YZu1ZeZUPi\"><p><a href=\"http:\/\/diariotextual.com\/inicio\/index.php\/2020\/06\/20\/manifestaron-pico-santa-rosa-realico-la-expropiacion-vicentin\/\">Manifestaron en Pico, Santa Rosa y Realic\u00f3 contra la expropiaci\u00f3n de Vicentin<\/a><\/p><\/blockquote>\n<p><iframe class=\"wp-embedded-content\" sandbox=\"allow-scripts\" security=\"restricted\" style=\"position: absolute; clip: rect(1px, 1px, 1px, 1px);\" src=\"http:\/\/diariotextual.com\/inicio\/index.php\/2020\/06\/20\/manifestaron-pico-santa-rosa-realico-la-expropiacion-vicentin\/embed\/#?secret=YZu1ZeZUPi\" data-secret=\"YZu1ZeZUPi\" width=\"600\" height=\"338\" title=\"&#171;Manifestaron en Pico, Santa Rosa y Realic\u00f3 contra la expropiaci\u00f3n de Vicentin&#187; &#8212; Diario Textual\" frameborder=\"0\" marginwidth=\"0\" marginheight=\"0\" scrolling=\"no\"><\/iframe><\/p>\n<p>&nbsp;<\/p>\n<p>&nbsp;<\/p>\n<p>&nbsp;<\/p>\n","protected":false},"excerpt":{"rendered":"<p>El interventor nombrado por el Gobierno en Vicentin, Gabriel Delgado, analiz\u00f3 la situaci\u00f3n de la empresa junto al presidente Alberto Fern\u00e1ndez. \u00abNo nos aferramos a los instrumentos\u00bb, dijo. \u00abEl prop\u00f3sito&hellip;<\/p>\n","protected":false},"author":3,"featured_media":98534,"comment_status":"closed","ping_status":"open","sticky":false,"template":"","format":"standard","meta":{"_acf_changed":false,"footnotes":""},"categories":[10,5],"tags":[2723],"class_list":["post-98531","post","type-post","status-publish","format-standard","has-post-thumbnail","hentry","category-portada-2","category-economia","tag-vicentin"],"acf":[],"yoast_head":"<!-- This site is optimized with the Yoast SEO plugin v27.5 - https:\/\/yoast.com\/product\/yoast-seo-wordpress\/ -->\n<title>&quot;No nos aferramos a los instrumentos&quot;, dijo el interventor de Vicentin - Diario Textual<\/title>\n<meta name=\"robots\" content=\"index, follow, max-snippet:-1, max-image-preview:large, max-video-preview:-1\" \/>\n<link rel=\"canonical\" href=\"https:\/\/diariotextual.com\/inicio\/index.php\/2020\/06\/21\/no-nos-aferramos-los-instrumentos-dijo-interventor-vicentin\/\" \/>\n<meta property=\"og:locale\" content=\"es_ES\" \/>\n<meta property=\"og:type\" content=\"article\" \/>\n<meta property=\"og:title\" content=\"&quot;No nos aferramos a los instrumentos&quot;, dijo el interventor de Vicentin - Diario Textual\" \/>\n<meta property=\"og:description\" content=\"El interventor nombrado por el Gobierno en Vicentin, Gabriel Delgado, analiz\u00f3 la situaci\u00f3n de la empresa junto al presidente Alberto Fern\u00e1ndez. \u00abNo nos aferramos a los instrumentos\u00bb, dijo. \u00abEl prop\u00f3sito&hellip;\" \/>\n<meta property=\"og:url\" content=\"https:\/\/diariotextual.com\/inicio\/index.php\/2020\/06\/21\/no-nos-aferramos-los-instrumentos-dijo-interventor-vicentin\/\" \/>\n<meta property=\"og:site_name\" content=\"Diario Textual\" \/>\n<meta property=\"article:publisher\" content=\"https:\/\/www.facebook.com\/eltextual\" \/>\n<meta property=\"article:published_time\" content=\"2020-06-21T23:37:16+00:00\" \/>\n<meta property=\"article:modified_time\" content=\"2020-06-22T11:31:57+00:00\" \/>\n<meta property=\"og:image\" content=\"https:\/\/diariotextual.com\/inicio\/wp-content\/uploads\/2020\/06\/vicentindelgadoalbertofernandez2020-1.jpg\" \/>\n\t<meta property=\"og:image:width\" content=\"1024\" \/>\n\t<meta property=\"og:image:height\" content=\"768\" \/>\n\t<meta property=\"og:image:type\" content=\"image\/jpeg\" \/>\n<meta name=\"author\" content=\"Diario1 Diario1\" \/>\n<meta name=\"twitter:card\" content=\"summary_large_image\" \/>\n<meta name=\"twitter:creator\" content=\"@eltextual\" \/>\n<meta name=\"twitter:site\" content=\"@eltextual\" \/>\n<meta name=\"twitter:label1\" content=\"Escrito por\" \/>\n\t<meta name=\"twitter:data1\" content=\"Diario1 Diario1\" \/>\n\t<meta name=\"twitter:label2\" content=\"Tiempo de lectura\" \/>\n\t<meta name=\"twitter:data2\" content=\"2 minutos\" \/>\n<script type=\"application\/ld+json\" class=\"yoast-schema-graph\">{\"@context\":\"https:\\\/\\\/schema.org\",\"@graph\":[{\"@type\":\"Article\",\"@id\":\"https:\\\/\\\/diariotextual.com\\\/inicio\\\/index.php\\\/2020\\\/06\\\/21\\\/no-nos-aferramos-los-instrumentos-dijo-interventor-vicentin\\\/#article\",\"isPartOf\":{\"@id\":\"https:\\\/\\\/diariotextual.com\\\/inicio\\\/index.php\\\/2020\\\/06\\\/21\\\/no-nos-aferramos-los-instrumentos-dijo-interventor-vicentin\\\/\"},\"author\":{\"name\":\"Diario1 Diario1\",\"@id\":\"https:\\\/\\\/diariotextual.com\\\/inicio\\\/#\\\/schema\\\/person\\\/418fc4093c33e86ed41562db3508f958\"},\"headline\":\"\u00abNo nos aferramos a los instrumentos\u00bb, dijo el interventor de Vicentin\",\"datePublished\":\"2020-06-21T23:37:16+00:00\",\"dateModified\":\"2020-06-22T11:31:57+00:00\",\"mainEntityOfPage\":{\"@id\":\"https:\\\/\\\/diariotextual.com\\\/inicio\\\/index.php\\\/2020\\\/06\\\/21\\\/no-nos-aferramos-los-instrumentos-dijo-interventor-vicentin\\\/\"},\"wordCount\":367,\"publisher\":{\"@id\":\"https:\\\/\\\/diariotextual.com\\\/inicio\\\/#organization\"},\"image\":{\"@id\":\"https:\\\/\\\/diariotextual.com\\\/inicio\\\/index.php\\\/2020\\\/06\\\/21\\\/no-nos-aferramos-los-instrumentos-dijo-interventor-vicentin\\\/#primaryimage\"},\"thumbnailUrl\":\"https:\\\/\\\/diariotextual.com\\\/inicio\\\/wp-content\\\/uploads\\\/2020\\\/06\\\/vicentindelgadoalbertofernandez2020-1.jpg\",\"keywords\":[\"vicentin\"],\"articleSection\":[\"A - PORTADA2\",\"ECONOMIA\"],\"inLanguage\":\"es\"},{\"@type\":\"WebPage\",\"@id\":\"https:\\\/\\\/diariotextual.com\\\/inicio\\\/index.php\\\/2020\\\/06\\\/21\\\/no-nos-aferramos-los-instrumentos-dijo-interventor-vicentin\\\/\",\"url\":\"https:\\\/\\\/diariotextual.com\\\/inicio\\\/index.php\\\/2020\\\/06\\\/21\\\/no-nos-aferramos-los-instrumentos-dijo-interventor-vicentin\\\/\",\"name\":\"\\\"No nos aferramos a los instrumentos\\\", dijo el interventor de Vicentin - Diario Textual\",\"isPartOf\":{\"@id\":\"https:\\\/\\\/diariotextual.com\\\/inicio\\\/#website\"},\"primaryImageOfPage\":{\"@id\":\"https:\\\/\\\/diariotextual.com\\\/inicio\\\/index.php\\\/2020\\\/06\\\/21\\\/no-nos-aferramos-los-instrumentos-dijo-interventor-vicentin\\\/#primaryimage\"},\"image\":{\"@id\":\"https:\\\/\\\/diariotextual.com\\\/inicio\\\/index.php\\\/2020\\\/06\\\/21\\\/no-nos-aferramos-los-instrumentos-dijo-interventor-vicentin\\\/#primaryimage\"},\"thumbnailUrl\":\"https:\\\/\\\/diariotextual.com\\\/inicio\\\/wp-content\\\/uploads\\\/2020\\\/06\\\/vicentindelgadoalbertofernandez2020-1.jpg\",\"datePublished\":\"2020-06-21T23:37:16+00:00\",\"dateModified\":\"2020-06-22T11:31:57+00:00\",\"breadcrumb\":{\"@id\":\"https:\\\/\\\/diariotextual.com\\\/inicio\\\/index.php\\\/2020\\\/06\\\/21\\\/no-nos-aferramos-los-instrumentos-dijo-interventor-vicentin\\\/#breadcrumb\"},\"inLanguage\":\"es\",\"potentialAction\":[{\"@type\":\"ReadAction\",\"target\":[\"https:\\\/\\\/diariotextual.com\\\/inicio\\\/index.php\\\/2020\\\/06\\\/21\\\/no-nos-aferramos-los-instrumentos-dijo-interventor-vicentin\\\/\"]}]},{\"@type\":\"ImageObject\",\"inLanguage\":\"es\",\"@id\":\"https:\\\/\\\/diariotextual.com\\\/inicio\\\/index.php\\\/2020\\\/06\\\/21\\\/no-nos-aferramos-los-instrumentos-dijo-interventor-vicentin\\\/#primaryimage\",\"url\":\"https:\\\/\\\/diariotextual.com\\\/inicio\\\/wp-content\\\/uploads\\\/2020\\\/06\\\/vicentindelgadoalbertofernandez2020-1.jpg\",\"contentUrl\":\"https:\\\/\\\/diariotextual.com\\\/inicio\\\/wp-content\\\/uploads\\\/2020\\\/06\\\/vicentindelgadoalbertofernandez2020-1.jpg\",\"width\":1024,\"height\":768},{\"@type\":\"BreadcrumbList\",\"@id\":\"https:\\\/\\\/diariotextual.com\\\/inicio\\\/index.php\\\/2020\\\/06\\\/21\\\/no-nos-aferramos-los-instrumentos-dijo-interventor-vicentin\\\/#breadcrumb\",\"itemListElement\":[{\"@type\":\"ListItem\",\"position\":1,\"name\":\"Portada\",\"item\":\"https:\\\/\\\/diariotextual.com\\\/inicio\\\/\"},{\"@type\":\"ListItem\",\"position\":2,\"name\":\"\u00abNo nos aferramos a los instrumentos\u00bb, dijo el interventor de Vicentin\"}]},{\"@type\":\"WebSite\",\"@id\":\"https:\\\/\\\/diariotextual.com\\\/inicio\\\/#website\",\"url\":\"https:\\\/\\\/diariotextual.com\\\/inicio\\\/\",\"name\":\"Diario Textual\",\"description\":\"\",\"publisher\":{\"@id\":\"https:\\\/\\\/diariotextual.com\\\/inicio\\\/#organization\"},\"potentialAction\":[{\"@type\":\"SearchAction\",\"target\":{\"@type\":\"EntryPoint\",\"urlTemplate\":\"https:\\\/\\\/diariotextual.com\\\/inicio\\\/?s={search_term_string}\"},\"query-input\":{\"@type\":\"PropertyValueSpecification\",\"valueRequired\":true,\"valueName\":\"search_term_string\"}}],\"inLanguage\":\"es\"},{\"@type\":\"Organization\",\"@id\":\"https:\\\/\\\/diariotextual.com\\\/inicio\\\/#organization\",\"name\":\"Diario Textual\",\"url\":\"https:\\\/\\\/diariotextual.com\\\/inicio\\\/\",\"logo\":{\"@type\":\"ImageObject\",\"inLanguage\":\"es\",\"@id\":\"https:\\\/\\\/diariotextual.com\\\/inicio\\\/#\\\/schema\\\/logo\\\/image\\\/\",\"url\":\"https:\\\/\\\/diariotextual.com\\\/inicio\\\/wp-content\\\/uploads\\\/2023\\\/05\\\/logotextual1.jpg\",\"contentUrl\":\"https:\\\/\\\/diariotextual.com\\\/inicio\\\/wp-content\\\/uploads\\\/2023\\\/05\\\/logotextual1.jpg\",\"width\":516,\"height\":76,\"caption\":\"Diario Textual\"},\"image\":{\"@id\":\"https:\\\/\\\/diariotextual.com\\\/inicio\\\/#\\\/schema\\\/logo\\\/image\\\/\"},\"sameAs\":[\"https:\\\/\\\/www.facebook.com\\\/eltextual\",\"https:\\\/\\\/x.com\\\/eltextual\",\"http:\\\/\\\/www.instagram.com\\\/eltextual\"]},{\"@type\":\"Person\",\"@id\":\"https:\\\/\\\/diariotextual.com\\\/inicio\\\/#\\\/schema\\\/person\\\/418fc4093c33e86ed41562db3508f958\",\"name\":\"Diario1 Diario1\",\"image\":{\"@type\":\"ImageObject\",\"inLanguage\":\"es\",\"@id\":\"https:\\\/\\\/secure.gravatar.com\\\/avatar\\\/9167d280179c85bc18be67aa7eda765854300033af4896dd779b608640f2ef7a?s=96&d=mm&r=g\",\"url\":\"https:\\\/\\\/secure.gravatar.com\\\/avatar\\\/9167d280179c85bc18be67aa7eda765854300033af4896dd779b608640f2ef7a?s=96&d=mm&r=g\",\"contentUrl\":\"https:\\\/\\\/secure.gravatar.com\\\/avatar\\\/9167d280179c85bc18be67aa7eda765854300033af4896dd779b608640f2ef7a?s=96&d=mm&r=g\",\"caption\":\"Diario1 Diario1\"},\"url\":\"https:\\\/\\\/diariotextual.com\\\/inicio\\\/index.php\\\/author\\\/diario1\\\/\"}]}<\/script>\n<!-- \/ Yoast SEO plugin. -->","yoast_head_json":{"title":"\"No nos aferramos a los instrumentos\", dijo el interventor de Vicentin - Diario Textual","robots":{"index":"index","follow":"follow","max-snippet":"max-snippet:-1","max-image-preview":"max-image-preview:large","max-video-preview":"max-video-preview:-1"},"canonical":"https:\/\/diariotextual.com\/inicio\/index.php\/2020\/06\/21\/no-nos-aferramos-los-instrumentos-dijo-interventor-vicentin\/","og_locale":"es_ES","og_type":"article","og_title":"\"No nos aferramos a los instrumentos\", dijo el interventor de Vicentin - Diario Textual","og_description":"El interventor nombrado por el Gobierno en Vicentin, Gabriel Delgado, analiz\u00f3 la situaci\u00f3n de la empresa junto al presidente Alberto Fern\u00e1ndez. \u00abNo nos aferramos a los instrumentos\u00bb, dijo. \u00abEl prop\u00f3sito&hellip;","og_url":"https:\/\/diariotextual.com\/inicio\/index.php\/2020\/06\/21\/no-nos-aferramos-los-instrumentos-dijo-interventor-vicentin\/","og_site_name":"Diario Textual","article_publisher":"https:\/\/www.facebook.com\/eltextual","article_published_time":"2020-06-21T23:37:16+00:00","article_modified_time":"2020-06-22T11:31:57+00:00","og_image":[{"width":1024,"height":768,"url":"https:\/\/diariotextual.com\/inicio\/wp-content\/uploads\/2020\/06\/vicentindelgadoalbertofernandez2020-1.jpg","type":"image\/jpeg"}],"author":"Diario1 Diario1","twitter_card":"summary_large_image","twitter_creator":"@eltextual","twitter_site":"@eltextual","twitter_misc":{"Escrito por":"Diario1 Diario1","Tiempo de lectura":"2 minutos"},"schema":{"@context":"https:\/\/schema.org","@graph":[{"@type":"Article","@id":"https:\/\/diariotextual.com\/inicio\/index.php\/2020\/06\/21\/no-nos-aferramos-los-instrumentos-dijo-interventor-vicentin\/#article","isPartOf":{"@id":"https:\/\/diariotextual.com\/inicio\/index.php\/2020\/06\/21\/no-nos-aferramos-los-instrumentos-dijo-interventor-vicentin\/"},"author":{"name":"Diario1 Diario1","@id":"https:\/\/diariotextual.com\/inicio\/#\/schema\/person\/418fc4093c33e86ed41562db3508f958"},"headline":"\u00abNo nos aferramos a los instrumentos\u00bb, dijo el interventor de Vicentin","datePublished":"2020-06-21T23:37:16+00:00","dateModified":"2020-06-22T11:31:57+00:00","mainEntityOfPage":{"@id":"https:\/\/diariotextual.com\/inicio\/index.php\/2020\/06\/21\/no-nos-aferramos-los-instrumentos-dijo-interventor-vicentin\/"},"wordCount":367,"publisher":{"@id":"https:\/\/diariotextual.com\/inicio\/#organization"},"image":{"@id":"https:\/\/diariotextual.com\/inicio\/index.php\/2020\/06\/21\/no-nos-aferramos-los-instrumentos-dijo-interventor-vicentin\/#primaryimage"},"thumbnailUrl":"https:\/\/diariotextual.com\/inicio\/wp-content\/uploads\/2020\/06\/vicentindelgadoalbertofernandez2020-1.jpg","keywords":["vicentin"],"articleSection":["A - PORTADA2","ECONOMIA"],"inLanguage":"es"},{"@type":"WebPage","@id":"https:\/\/diariotextual.com\/inicio\/index.php\/2020\/06\/21\/no-nos-aferramos-los-instrumentos-dijo-interventor-vicentin\/","url":"https:\/\/diariotextual.com\/inicio\/index.php\/2020\/06\/21\/no-nos-aferramos-los-instrumentos-dijo-interventor-vicentin\/","name":"\"No nos aferramos a los instrumentos\", dijo el interventor de Vicentin - Diario Textual","isPartOf":{"@id":"https:\/\/diariotextual.com\/inicio\/#website"},"primaryImageOfPage":{"@id":"https:\/\/diariotextual.com\/inicio\/index.php\/2020\/06\/21\/no-nos-aferramos-los-instrumentos-dijo-interventor-vicentin\/#primaryimage"},"image":{"@id":"https:\/\/diariotextual.com\/inicio\/index.php\/2020\/06\/21\/no-nos-aferramos-los-instrumentos-dijo-interventor-vicentin\/#primaryimage"},"thumbnailUrl":"https:\/\/diariotextual.com\/inicio\/wp-content\/uploads\/2020\/06\/vicentindelgadoalbertofernandez2020-1.jpg","datePublished":"2020-06-21T23:37:16+00:00","dateModified":"2020-06-22T11:31:57+00:00","breadcrumb":{"@id":"https:\/\/diariotextual.com\/inicio\/index.php\/2020\/06\/21\/no-nos-aferramos-los-instrumentos-dijo-interventor-vicentin\/#breadcrumb"},"inLanguage":"es","potentialAction":[{"@type":"ReadAction","target":["https:\/\/diariotextual.com\/inicio\/index.php\/2020\/06\/21\/no-nos-aferramos-los-instrumentos-dijo-interventor-vicentin\/"]}]},{"@type":"ImageObject","inLanguage":"es","@id":"https:\/\/diariotextual.com\/inicio\/index.php\/2020\/06\/21\/no-nos-aferramos-los-instrumentos-dijo-interventor-vicentin\/#primaryimage","url":"https:\/\/diariotextual.com\/inicio\/wp-content\/uploads\/2020\/06\/vicentindelgadoalbertofernandez2020-1.jpg","contentUrl":"https:\/\/diariotextual.com\/inicio\/wp-content\/uploads\/2020\/06\/vicentindelgadoalbertofernandez2020-1.jpg","width":1024,"height":768},{"@type":"BreadcrumbList","@id":"https:\/\/diariotextual.com\/inicio\/index.php\/2020\/06\/21\/no-nos-aferramos-los-instrumentos-dijo-interventor-vicentin\/#breadcrumb","itemListElement":[{"@type":"ListItem","position":1,"name":"Portada","item":"https:\/\/diariotextual.com\/inicio\/"},{"@type":"ListItem","position":2,"name":"\u00abNo nos aferramos a los instrumentos\u00bb, dijo el interventor de Vicentin"}]},{"@type":"WebSite","@id":"https:\/\/diariotextual.com\/inicio\/#website","url":"https:\/\/diariotextual.com\/inicio\/","name":"Diario Textual","description":"","publisher":{"@id":"https:\/\/diariotextual.com\/inicio\/#organization"},"potentialAction":[{"@type":"SearchAction","target":{"@type":"EntryPoint","urlTemplate":"https:\/\/diariotextual.com\/inicio\/?s={search_term_string}"},"query-input":{"@type":"PropertyValueSpecification","valueRequired":true,"valueName":"search_term_string"}}],"inLanguage":"es"},{"@type":"Organization","@id":"https:\/\/diariotextual.com\/inicio\/#organization","name":"Diario Textual","url":"https:\/\/diariotextual.com\/inicio\/","logo":{"@type":"ImageObject","inLanguage":"es","@id":"https:\/\/diariotextual.com\/inicio\/#\/schema\/logo\/image\/","url":"https:\/\/diariotextual.com\/inicio\/wp-content\/uploads\/2023\/05\/logotextual1.jpg","contentUrl":"https:\/\/diariotextual.com\/inicio\/wp-content\/uploads\/2023\/05\/logotextual1.jpg","width":516,"height":76,"caption":"Diario Textual"},"image":{"@id":"https:\/\/diariotextual.com\/inicio\/#\/schema\/logo\/image\/"},"sameAs":["https:\/\/www.facebook.com\/eltextual","https:\/\/x.com\/eltextual","http:\/\/www.instagram.com\/eltextual"]},{"@type":"Person","@id":"https:\/\/diariotextual.com\/inicio\/#\/schema\/person\/418fc4093c33e86ed41562db3508f958","name":"Diario1 Diario1","image":{"@type":"ImageObject","inLanguage":"es","@id":"https:\/\/secure.gravatar.com\/avatar\/9167d280179c85bc18be67aa7eda765854300033af4896dd779b608640f2ef7a?s=96&d=mm&r=g","url":"https:\/\/secure.gravatar.com\/avatar\/9167d280179c85bc18be67aa7eda765854300033af4896dd779b608640f2ef7a?s=96&d=mm&r=g","contentUrl":"https:\/\/secure.gravatar.com\/avatar\/9167d280179c85bc18be67aa7eda765854300033af4896dd779b608640f2ef7a?s=96&d=mm&r=g","caption":"Diario1 Diario1"},"url":"https:\/\/diariotextual.com\/inicio\/index.php\/author\/diario1\/"}]}},"_links":{"self":[{"href":"https:\/\/diariotextual.com\/inicio\/index.php\/wp-json\/wp\/v2\/posts\/98531","targetHints":{"allow":["GET"]}}],"collection":[{"href":"https:\/\/diariotextual.com\/inicio\/index.php\/wp-json\/wp\/v2\/posts"}],"about":[{"href":"https:\/\/diariotextual.com\/inicio\/index.php\/wp-json\/wp\/v2\/types\/post"}],"author":[{"embeddable":true,"href":"https:\/\/diariotextual.com\/inicio\/index.php\/wp-json\/wp\/v2\/users\/3"}],"replies":[{"embeddable":true,"href":"https:\/\/diariotextual.com\/inicio\/index.php\/wp-json\/wp\/v2\/comments?post=98531"}],"version-history":[{"count":4,"href":"https:\/\/diariotextual.com\/inicio\/index.php\/wp-json\/wp\/v2\/posts\/98531\/revisions"}],"predecessor-version":[{"id":98536,"href":"https:\/\/diariotextual.com\/inicio\/index.php\/wp-json\/wp\/v2\/posts\/98531\/revisions\/98536"}],"wp:featuredmedia":[{"embeddable":true,"href":"https:\/\/diariotextual.com\/inicio\/index.php\/wp-json\/wp\/v2\/media\/98534"}],"wp:attachment":[{"href":"https:\/\/diariotextual.com\/inicio\/index.php\/wp-json\/wp\/v2\/media?parent=98531"}],"wp:term":[{"taxonomy":"category","embeddable":true,"href":"https:\/\/diariotextual.com\/inicio\/index.php\/wp-json\/wp\/v2\/categories?post=98531"},{"taxonomy":"post_tag","embeddable":true,"href":"https:\/\/diariotextual.com\/inicio\/index.php\/wp-json\/wp\/v2\/tags?post=98531"}],"curies":[{"name":"wp","href":"https:\/\/api.w.org\/{rel}","templated":true}]}}