{"id":99724,"date":"2020-07-01T10:12:53","date_gmt":"2020-07-01T13:12:53","guid":{"rendered":"http:\/\/diariotextual.com\/inicio\/?p=99724"},"modified":"2020-07-01T14:15:57","modified_gmt":"2020-07-01T17:15:57","slug":"estimular-consumo-prorrogaron-programa-ahora-12","status":"publish","type":"post","link":"https:\/\/diariotextual.com\/inicio\/index.php\/2020\/07\/01\/estimular-consumo-prorrogaron-programa-ahora-12\/","title":{"rendered":"Para estimular el consumo, prorrogaron hasta fin de a\u00f1o el programa Ahora 12"},"content":{"rendered":"<div class=\"wrapper-editable-content\">\n<div class=\"editable-content clearfix\">\n<p>El Gobierno nacional extendi\u00f3 <strong>hasta el 31 de diciembre pr\u00f3ximo<\/strong> la vigencia del programa <strong>Ahora 12<\/strong> e incorpor\u00f3 a las operaciones realizadas a trav\u00e9s de tarjetas de cr\u00e9dito emitidas por entidades no financieras.<\/p>\n<p>As\u00ed lo hizo a trav\u00e9s de la Resoluci\u00f3n 201\/2020 de la Secretar\u00eda de Comercio Interior publicada hoy en el Bolet\u00edn Oficial.<\/p>\n<p>La norma precisa que el programa mantendr\u00e1 su vigencia para las operaciones realizadas a trav\u00e9s de tarjetas de cr\u00e9dito emitidas por entidades financieras o no, y de plataformas de pago digital.<\/p>\n<p>Tambi\u00e9n, indica que se podr\u00e1n ofrecer pagos en 3, 6, 12 y 18 cuotas, y las compras de los art\u00edculos incluidos se podr\u00e1n realizar cualquier d\u00eda de la semana.<\/p>\n<p>&nbsp;<\/p>\n<p><strong>Rubros alcanzados<\/strong><\/p>\n<p>El programa comprende productos de l\u00ednea blanca; indumentaria; joyer\u00eda y relojer\u00eda; calzado y marroquiner\u00eda; materiales y herramientas para la construcci\u00f3n; muebles; bicicletas; motos hasta un valor de $ 180.000.<\/p>\n<p>Tambi\u00e9n incluye al rubro turismo dentro del territorio nacional; y a colchones; libros de impresi\u00f3n nacional y anteojos recetados, adquiridos en \u00f3pticas, hasta $ 10.000.<\/p>\n<p>La medida alcanza tambi\u00e9n a art\u00edculos de librer\u00eda; juguetes y juegos de mesa; tel\u00e9fonos celulares 4G; neum\u00e1ticos: kit de conversi\u00f3n de veh\u00edculos a gas natural comprimido (GNC); repuestos para automotores y motos: Instrumentos musicales; computadoras, notebooks y tabletas; artefactos de iluminaci\u00f3n; televisores; perfumer\u00eda y peque\u00f1os electrodom\u00e9sticos.<\/p>\n<p>Adem\u00e1s, incluye servicios de preparaci\u00f3n para el deporte y gimnasios; equipamiento m\u00e9dico; maquinaria y herramientas; alimentos y medicamentos.<\/p>\n<p>A esta lista se agregaron ahora -bajo la modalidad de 3 y 6 cuotas- las l\u00e1mparas y tubos de iluminaci\u00f3n con tecnolog\u00eda LED, producidas dentro o fuera del territorio nacional, cuyo destino sea residencial, comercial o industrial, y cumplan con los requisitos exigidos a los fines de su comercializaci\u00f3n.<\/p>\n<p>Por otra parte, se mantuvieron los plazos de cobro y las tasas de inter\u00e9s para proveedores y comercios, por las operaciones con tarjetas, que rigen para todos los pl\u00e1sticos, sean emitidos por una entidad financiera o no.<\/p>\n<p>&nbsp;<\/p>\n<p><strong>C\u00f3mo cobran los operadores<\/strong><\/p>\n<p>Los proveedores y comercios en las operaciones realizadas a trav\u00e9s de tarjetas de cr\u00e9dito cobrar\u00e1n en un plazo de hasta 10 d\u00edas h\u00e1biles, para las ventas realizadas con la modalidad de tres cuotas, con la aplicaci\u00f3n de una tasa m\u00e1xima de descuento de 2,44%; y en seis cuotas, de hasta 4,75%.<\/p>\n<p>En tanto, podr\u00e1n elegir cobrar en un plazo de 60 d\u00edas corridos con una tasa m\u00e1xima de descuento del 7% directa o en hasta 10 d\u00edas h\u00e1biles con una 9,15%, para las ventas realizadas en 12 cuotas.<\/p>\n<p>Para las operaciones a 18 cuotas se podr\u00e1 elegir entre cobrar a 60 d\u00edas corridos con un descuento del 11,18% o hasta 10 d\u00edas h\u00e1biles, con un descuento del 13,26%.<\/p>\n<div class=\"btn_externos\"><\/div>\n<\/div>\n<\/div>\n<div class=\"wrapper-tags\"><\/div>\n","protected":false},"excerpt":{"rendered":"<p>El Gobierno nacional extendi\u00f3 hasta el 31 de diciembre pr\u00f3ximo la vigencia del programa Ahora 12 e incorpor\u00f3 a las operaciones realizadas a trav\u00e9s de tarjetas de cr\u00e9dito emitidas por&hellip;<\/p>\n","protected":false},"author":7,"featured_media":50567,"comment_status":"closed","ping_status":"open","sticky":false,"template":"","format":"standard","meta":{"_acf_changed":false,"footnotes":""},"categories":[11,5],"tags":[1269],"class_list":["post-99724","post","type-post","status-publish","format-standard","has-post-thumbnail","hentry","category-que-pasa","category-economia","tag-ahora-12"],"acf":[],"yoast_head":"<!-- This site is optimized with the Yoast SEO plugin v27.4 - https:\/\/yoast.com\/product\/yoast-seo-wordpress\/ -->\n<title>Para estimular el consumo, prorrogaron hasta fin de a\u00f1o el programa Ahora 12 - Diario Textual<\/title>\n<meta name=\"robots\" content=\"index, follow, max-snippet:-1, max-image-preview:large, max-video-preview:-1\" \/>\n<link rel=\"canonical\" href=\"https:\/\/diariotextual.com\/inicio\/index.php\/2020\/07\/01\/estimular-consumo-prorrogaron-programa-ahora-12\/\" \/>\n<meta property=\"og:locale\" content=\"es_ES\" \/>\n<meta property=\"og:type\" content=\"article\" \/>\n<meta property=\"og:title\" content=\"Para estimular el consumo, prorrogaron hasta fin de a\u00f1o el programa Ahora 12 - Diario Textual\" \/>\n<meta property=\"og:description\" content=\"El Gobierno nacional extendi\u00f3 hasta el 31 de diciembre pr\u00f3ximo la vigencia del programa Ahora 12 e incorpor\u00f3 a las operaciones realizadas a trav\u00e9s de tarjetas de cr\u00e9dito emitidas por&hellip;\" \/>\n<meta property=\"og:url\" content=\"https:\/\/diariotextual.com\/inicio\/index.php\/2020\/07\/01\/estimular-consumo-prorrogaron-programa-ahora-12\/\" \/>\n<meta property=\"og:site_name\" content=\"Diario Textual\" \/>\n<meta property=\"article:publisher\" content=\"https:\/\/www.facebook.com\/eltextual\" \/>\n<meta property=\"article:published_time\" content=\"2020-07-01T13:12:53+00:00\" \/>\n<meta property=\"article:modified_time\" content=\"2020-07-01T17:15:57+00:00\" \/>\n<meta property=\"og:image\" content=\"https:\/\/diariotextual.com\/inicio\/wp-content\/uploads\/2019\/05\/ahora12-999.jpg\" \/>\n\t<meta property=\"og:image:width\" content=\"1170\" \/>\n\t<meta property=\"og:image:height\" content=\"704\" \/>\n\t<meta property=\"og:image:type\" content=\"image\/jpeg\" \/>\n<meta name=\"author\" content=\"diario5\" \/>\n<meta name=\"twitter:card\" content=\"summary_large_image\" \/>\n<meta name=\"twitter:creator\" content=\"@eltextual\" \/>\n<meta name=\"twitter:site\" content=\"@eltextual\" \/>\n<meta name=\"twitter:label1\" content=\"Escrito por\" \/>\n\t<meta name=\"twitter:data1\" content=\"diario5\" \/>\n\t<meta name=\"twitter:label2\" content=\"Tiempo de lectura\" \/>\n\t<meta name=\"twitter:data2\" content=\"2 minutos\" \/>\n<script type=\"application\/ld+json\" class=\"yoast-schema-graph\">{\"@context\":\"https:\\\/\\\/schema.org\",\"@graph\":[{\"@type\":\"Article\",\"@id\":\"https:\\\/\\\/diariotextual.com\\\/inicio\\\/index.php\\\/2020\\\/07\\\/01\\\/estimular-consumo-prorrogaron-programa-ahora-12\\\/#article\",\"isPartOf\":{\"@id\":\"https:\\\/\\\/diariotextual.com\\\/inicio\\\/index.php\\\/2020\\\/07\\\/01\\\/estimular-consumo-prorrogaron-programa-ahora-12\\\/\"},\"author\":{\"name\":\"diario5\",\"@id\":\"https:\\\/\\\/diariotextual.com\\\/inicio\\\/#\\\/schema\\\/person\\\/c7834961ad8b29b1d9cdbf4571299067\"},\"headline\":\"Para estimular el consumo, prorrogaron hasta fin de a\u00f1o el programa Ahora 12\",\"datePublished\":\"2020-07-01T13:12:53+00:00\",\"dateModified\":\"2020-07-01T17:15:57+00:00\",\"mainEntityOfPage\":{\"@id\":\"https:\\\/\\\/diariotextual.com\\\/inicio\\\/index.php\\\/2020\\\/07\\\/01\\\/estimular-consumo-prorrogaron-programa-ahora-12\\\/\"},\"wordCount\":488,\"publisher\":{\"@id\":\"https:\\\/\\\/diariotextual.com\\\/inicio\\\/#organization\"},\"image\":{\"@id\":\"https:\\\/\\\/diariotextual.com\\\/inicio\\\/index.php\\\/2020\\\/07\\\/01\\\/estimular-consumo-prorrogaron-programa-ahora-12\\\/#primaryimage\"},\"thumbnailUrl\":\"https:\\\/\\\/diariotextual.com\\\/inicio\\\/wp-content\\\/uploads\\\/2019\\\/05\\\/ahora12-999.jpg\",\"keywords\":[\"Ahora 12\"],\"articleSection\":[\"A - QUE PASA (al costado)\",\"ECONOMIA\"],\"inLanguage\":\"es\"},{\"@type\":\"WebPage\",\"@id\":\"https:\\\/\\\/diariotextual.com\\\/inicio\\\/index.php\\\/2020\\\/07\\\/01\\\/estimular-consumo-prorrogaron-programa-ahora-12\\\/\",\"url\":\"https:\\\/\\\/diariotextual.com\\\/inicio\\\/index.php\\\/2020\\\/07\\\/01\\\/estimular-consumo-prorrogaron-programa-ahora-12\\\/\",\"name\":\"Para estimular el consumo, prorrogaron hasta fin de a\u00f1o el programa Ahora 12 - Diario Textual\",\"isPartOf\":{\"@id\":\"https:\\\/\\\/diariotextual.com\\\/inicio\\\/#website\"},\"primaryImageOfPage\":{\"@id\":\"https:\\\/\\\/diariotextual.com\\\/inicio\\\/index.php\\\/2020\\\/07\\\/01\\\/estimular-consumo-prorrogaron-programa-ahora-12\\\/#primaryimage\"},\"image\":{\"@id\":\"https:\\\/\\\/diariotextual.com\\\/inicio\\\/index.php\\\/2020\\\/07\\\/01\\\/estimular-consumo-prorrogaron-programa-ahora-12\\\/#primaryimage\"},\"thumbnailUrl\":\"https:\\\/\\\/diariotextual.com\\\/inicio\\\/wp-content\\\/uploads\\\/2019\\\/05\\\/ahora12-999.jpg\",\"datePublished\":\"2020-07-01T13:12:53+00:00\",\"dateModified\":\"2020-07-01T17:15:57+00:00\",\"breadcrumb\":{\"@id\":\"https:\\\/\\\/diariotextual.com\\\/inicio\\\/index.php\\\/2020\\\/07\\\/01\\\/estimular-consumo-prorrogaron-programa-ahora-12\\\/#breadcrumb\"},\"inLanguage\":\"es\",\"potentialAction\":[{\"@type\":\"ReadAction\",\"target\":[\"https:\\\/\\\/diariotextual.com\\\/inicio\\\/index.php\\\/2020\\\/07\\\/01\\\/estimular-consumo-prorrogaron-programa-ahora-12\\\/\"]}]},{\"@type\":\"ImageObject\",\"inLanguage\":\"es\",\"@id\":\"https:\\\/\\\/diariotextual.com\\\/inicio\\\/index.php\\\/2020\\\/07\\\/01\\\/estimular-consumo-prorrogaron-programa-ahora-12\\\/#primaryimage\",\"url\":\"https:\\\/\\\/diariotextual.com\\\/inicio\\\/wp-content\\\/uploads\\\/2019\\\/05\\\/ahora12-999.jpg\",\"contentUrl\":\"https:\\\/\\\/diariotextual.com\\\/inicio\\\/wp-content\\\/uploads\\\/2019\\\/05\\\/ahora12-999.jpg\",\"width\":1170,\"height\":704},{\"@type\":\"BreadcrumbList\",\"@id\":\"https:\\\/\\\/diariotextual.com\\\/inicio\\\/index.php\\\/2020\\\/07\\\/01\\\/estimular-consumo-prorrogaron-programa-ahora-12\\\/#breadcrumb\",\"itemListElement\":[{\"@type\":\"ListItem\",\"position\":1,\"name\":\"Portada\",\"item\":\"https:\\\/\\\/diariotextual.com\\\/inicio\\\/\"},{\"@type\":\"ListItem\",\"position\":2,\"name\":\"Para estimular el consumo, prorrogaron hasta fin de a\u00f1o el programa Ahora 12\"}]},{\"@type\":\"WebSite\",\"@id\":\"https:\\\/\\\/diariotextual.com\\\/inicio\\\/#website\",\"url\":\"https:\\\/\\\/diariotextual.com\\\/inicio\\\/\",\"name\":\"Diario Textual\",\"description\":\"\",\"publisher\":{\"@id\":\"https:\\\/\\\/diariotextual.com\\\/inicio\\\/#organization\"},\"potentialAction\":[{\"@type\":\"SearchAction\",\"target\":{\"@type\":\"EntryPoint\",\"urlTemplate\":\"https:\\\/\\\/diariotextual.com\\\/inicio\\\/?s={search_term_string}\"},\"query-input\":{\"@type\":\"PropertyValueSpecification\",\"valueRequired\":true,\"valueName\":\"search_term_string\"}}],\"inLanguage\":\"es\"},{\"@type\":\"Organization\",\"@id\":\"https:\\\/\\\/diariotextual.com\\\/inicio\\\/#organization\",\"name\":\"Diario Textual\",\"url\":\"https:\\\/\\\/diariotextual.com\\\/inicio\\\/\",\"logo\":{\"@type\":\"ImageObject\",\"inLanguage\":\"es\",\"@id\":\"https:\\\/\\\/diariotextual.com\\\/inicio\\\/#\\\/schema\\\/logo\\\/image\\\/\",\"url\":\"https:\\\/\\\/diariotextual.com\\\/inicio\\\/wp-content\\\/uploads\\\/2023\\\/05\\\/logotextual1.jpg\",\"contentUrl\":\"https:\\\/\\\/diariotextual.com\\\/inicio\\\/wp-content\\\/uploads\\\/2023\\\/05\\\/logotextual1.jpg\",\"width\":516,\"height\":76,\"caption\":\"Diario Textual\"},\"image\":{\"@id\":\"https:\\\/\\\/diariotextual.com\\\/inicio\\\/#\\\/schema\\\/logo\\\/image\\\/\"},\"sameAs\":[\"https:\\\/\\\/www.facebook.com\\\/eltextual\",\"https:\\\/\\\/x.com\\\/eltextual\",\"http:\\\/\\\/www.instagram.com\\\/eltextual\"]},{\"@type\":\"Person\",\"@id\":\"https:\\\/\\\/diariotextual.com\\\/inicio\\\/#\\\/schema\\\/person\\\/c7834961ad8b29b1d9cdbf4571299067\",\"name\":\"diario5\",\"image\":{\"@type\":\"ImageObject\",\"inLanguage\":\"es\",\"@id\":\"https:\\\/\\\/secure.gravatar.com\\\/avatar\\\/948c893b847ca6df68216ead81b63f363408ec9b0f600fefc0641ce78613b111?s=96&d=mm&r=g\",\"url\":\"https:\\\/\\\/secure.gravatar.com\\\/avatar\\\/948c893b847ca6df68216ead81b63f363408ec9b0f600fefc0641ce78613b111?s=96&d=mm&r=g\",\"contentUrl\":\"https:\\\/\\\/secure.gravatar.com\\\/avatar\\\/948c893b847ca6df68216ead81b63f363408ec9b0f600fefc0641ce78613b111?s=96&d=mm&r=g\",\"caption\":\"diario5\"},\"url\":\"https:\\\/\\\/diariotextual.com\\\/inicio\\\/index.php\\\/author\\\/diario5\\\/\"}]}<\/script>\n<!-- \/ Yoast SEO plugin. -->","yoast_head_json":{"title":"Para estimular el consumo, prorrogaron hasta fin de a\u00f1o el programa Ahora 12 - Diario Textual","robots":{"index":"index","follow":"follow","max-snippet":"max-snippet:-1","max-image-preview":"max-image-preview:large","max-video-preview":"max-video-preview:-1"},"canonical":"https:\/\/diariotextual.com\/inicio\/index.php\/2020\/07\/01\/estimular-consumo-prorrogaron-programa-ahora-12\/","og_locale":"es_ES","og_type":"article","og_title":"Para estimular el consumo, prorrogaron hasta fin de a\u00f1o el programa Ahora 12 - Diario Textual","og_description":"El Gobierno nacional extendi\u00f3 hasta el 31 de diciembre pr\u00f3ximo la vigencia del programa Ahora 12 e incorpor\u00f3 a las operaciones realizadas a trav\u00e9s de tarjetas de cr\u00e9dito emitidas por&hellip;","og_url":"https:\/\/diariotextual.com\/inicio\/index.php\/2020\/07\/01\/estimular-consumo-prorrogaron-programa-ahora-12\/","og_site_name":"Diario Textual","article_publisher":"https:\/\/www.facebook.com\/eltextual","article_published_time":"2020-07-01T13:12:53+00:00","article_modified_time":"2020-07-01T17:15:57+00:00","og_image":[{"width":1170,"height":704,"url":"https:\/\/diariotextual.com\/inicio\/wp-content\/uploads\/2019\/05\/ahora12-999.jpg","type":"image\/jpeg"}],"author":"diario5","twitter_card":"summary_large_image","twitter_creator":"@eltextual","twitter_site":"@eltextual","twitter_misc":{"Escrito por":"diario5","Tiempo de lectura":"2 minutos"},"schema":{"@context":"https:\/\/schema.org","@graph":[{"@type":"Article","@id":"https:\/\/diariotextual.com\/inicio\/index.php\/2020\/07\/01\/estimular-consumo-prorrogaron-programa-ahora-12\/#article","isPartOf":{"@id":"https:\/\/diariotextual.com\/inicio\/index.php\/2020\/07\/01\/estimular-consumo-prorrogaron-programa-ahora-12\/"},"author":{"name":"diario5","@id":"https:\/\/diariotextual.com\/inicio\/#\/schema\/person\/c7834961ad8b29b1d9cdbf4571299067"},"headline":"Para estimular el consumo, prorrogaron hasta fin de a\u00f1o el programa Ahora 12","datePublished":"2020-07-01T13:12:53+00:00","dateModified":"2020-07-01T17:15:57+00:00","mainEntityOfPage":{"@id":"https:\/\/diariotextual.com\/inicio\/index.php\/2020\/07\/01\/estimular-consumo-prorrogaron-programa-ahora-12\/"},"wordCount":488,"publisher":{"@id":"https:\/\/diariotextual.com\/inicio\/#organization"},"image":{"@id":"https:\/\/diariotextual.com\/inicio\/index.php\/2020\/07\/01\/estimular-consumo-prorrogaron-programa-ahora-12\/#primaryimage"},"thumbnailUrl":"https:\/\/diariotextual.com\/inicio\/wp-content\/uploads\/2019\/05\/ahora12-999.jpg","keywords":["Ahora 12"],"articleSection":["A - QUE PASA (al costado)","ECONOMIA"],"inLanguage":"es"},{"@type":"WebPage","@id":"https:\/\/diariotextual.com\/inicio\/index.php\/2020\/07\/01\/estimular-consumo-prorrogaron-programa-ahora-12\/","url":"https:\/\/diariotextual.com\/inicio\/index.php\/2020\/07\/01\/estimular-consumo-prorrogaron-programa-ahora-12\/","name":"Para estimular el consumo, prorrogaron hasta fin de a\u00f1o el programa Ahora 12 - Diario Textual","isPartOf":{"@id":"https:\/\/diariotextual.com\/inicio\/#website"},"primaryImageOfPage":{"@id":"https:\/\/diariotextual.com\/inicio\/index.php\/2020\/07\/01\/estimular-consumo-prorrogaron-programa-ahora-12\/#primaryimage"},"image":{"@id":"https:\/\/diariotextual.com\/inicio\/index.php\/2020\/07\/01\/estimular-consumo-prorrogaron-programa-ahora-12\/#primaryimage"},"thumbnailUrl":"https:\/\/diariotextual.com\/inicio\/wp-content\/uploads\/2019\/05\/ahora12-999.jpg","datePublished":"2020-07-01T13:12:53+00:00","dateModified":"2020-07-01T17:15:57+00:00","breadcrumb":{"@id":"https:\/\/diariotextual.com\/inicio\/index.php\/2020\/07\/01\/estimular-consumo-prorrogaron-programa-ahora-12\/#breadcrumb"},"inLanguage":"es","potentialAction":[{"@type":"ReadAction","target":["https:\/\/diariotextual.com\/inicio\/index.php\/2020\/07\/01\/estimular-consumo-prorrogaron-programa-ahora-12\/"]}]},{"@type":"ImageObject","inLanguage":"es","@id":"https:\/\/diariotextual.com\/inicio\/index.php\/2020\/07\/01\/estimular-consumo-prorrogaron-programa-ahora-12\/#primaryimage","url":"https:\/\/diariotextual.com\/inicio\/wp-content\/uploads\/2019\/05\/ahora12-999.jpg","contentUrl":"https:\/\/diariotextual.com\/inicio\/wp-content\/uploads\/2019\/05\/ahora12-999.jpg","width":1170,"height":704},{"@type":"BreadcrumbList","@id":"https:\/\/diariotextual.com\/inicio\/index.php\/2020\/07\/01\/estimular-consumo-prorrogaron-programa-ahora-12\/#breadcrumb","itemListElement":[{"@type":"ListItem","position":1,"name":"Portada","item":"https:\/\/diariotextual.com\/inicio\/"},{"@type":"ListItem","position":2,"name":"Para estimular el consumo, prorrogaron hasta fin de a\u00f1o el programa Ahora 12"}]},{"@type":"WebSite","@id":"https:\/\/diariotextual.com\/inicio\/#website","url":"https:\/\/diariotextual.com\/inicio\/","name":"Diario Textual","description":"","publisher":{"@id":"https:\/\/diariotextual.com\/inicio\/#organization"},"potentialAction":[{"@type":"SearchAction","target":{"@type":"EntryPoint","urlTemplate":"https:\/\/diariotextual.com\/inicio\/?s={search_term_string}"},"query-input":{"@type":"PropertyValueSpecification","valueRequired":true,"valueName":"search_term_string"}}],"inLanguage":"es"},{"@type":"Organization","@id":"https:\/\/diariotextual.com\/inicio\/#organization","name":"Diario Textual","url":"https:\/\/diariotextual.com\/inicio\/","logo":{"@type":"ImageObject","inLanguage":"es","@id":"https:\/\/diariotextual.com\/inicio\/#\/schema\/logo\/image\/","url":"https:\/\/diariotextual.com\/inicio\/wp-content\/uploads\/2023\/05\/logotextual1.jpg","contentUrl":"https:\/\/diariotextual.com\/inicio\/wp-content\/uploads\/2023\/05\/logotextual1.jpg","width":516,"height":76,"caption":"Diario Textual"},"image":{"@id":"https:\/\/diariotextual.com\/inicio\/#\/schema\/logo\/image\/"},"sameAs":["https:\/\/www.facebook.com\/eltextual","https:\/\/x.com\/eltextual","http:\/\/www.instagram.com\/eltextual"]},{"@type":"Person","@id":"https:\/\/diariotextual.com\/inicio\/#\/schema\/person\/c7834961ad8b29b1d9cdbf4571299067","name":"diario5","image":{"@type":"ImageObject","inLanguage":"es","@id":"https:\/\/secure.gravatar.com\/avatar\/948c893b847ca6df68216ead81b63f363408ec9b0f600fefc0641ce78613b111?s=96&d=mm&r=g","url":"https:\/\/secure.gravatar.com\/avatar\/948c893b847ca6df68216ead81b63f363408ec9b0f600fefc0641ce78613b111?s=96&d=mm&r=g","contentUrl":"https:\/\/secure.gravatar.com\/avatar\/948c893b847ca6df68216ead81b63f363408ec9b0f600fefc0641ce78613b111?s=96&d=mm&r=g","caption":"diario5"},"url":"https:\/\/diariotextual.com\/inicio\/index.php\/author\/diario5\/"}]}},"_links":{"self":[{"href":"https:\/\/diariotextual.com\/inicio\/index.php\/wp-json\/wp\/v2\/posts\/99724","targetHints":{"allow":["GET"]}}],"collection":[{"href":"https:\/\/diariotextual.com\/inicio\/index.php\/wp-json\/wp\/v2\/posts"}],"about":[{"href":"https:\/\/diariotextual.com\/inicio\/index.php\/wp-json\/wp\/v2\/types\/post"}],"author":[{"embeddable":true,"href":"https:\/\/diariotextual.com\/inicio\/index.php\/wp-json\/wp\/v2\/users\/7"}],"replies":[{"embeddable":true,"href":"https:\/\/diariotextual.com\/inicio\/index.php\/wp-json\/wp\/v2\/comments?post=99724"}],"version-history":[{"count":4,"href":"https:\/\/diariotextual.com\/inicio\/index.php\/wp-json\/wp\/v2\/posts\/99724\/revisions"}],"predecessor-version":[{"id":99730,"href":"https:\/\/diariotextual.com\/inicio\/index.php\/wp-json\/wp\/v2\/posts\/99724\/revisions\/99730"}],"wp:featuredmedia":[{"embeddable":true,"href":"https:\/\/diariotextual.com\/inicio\/index.php\/wp-json\/wp\/v2\/media\/50567"}],"wp:attachment":[{"href":"https:\/\/diariotextual.com\/inicio\/index.php\/wp-json\/wp\/v2\/media?parent=99724"}],"wp:term":[{"taxonomy":"category","embeddable":true,"href":"https:\/\/diariotextual.com\/inicio\/index.php\/wp-json\/wp\/v2\/categories?post=99724"},{"taxonomy":"post_tag","embeddable":true,"href":"https:\/\/diariotextual.com\/inicio\/index.php\/wp-json\/wp\/v2\/tags?post=99724"}],"curies":[{"name":"wp","href":"https:\/\/api.w.org\/{rel}","templated":true}]}}