{"id":99852,"date":"2020-07-02T09:21:54","date_gmt":"2020-07-02T12:21:54","guid":{"rendered":"http:\/\/diariotextual.com\/inicio\/?p=99852"},"modified":"2020-07-02T18:59:24","modified_gmt":"2020-07-02T21:59:24","slug":"hoteleros-reclaman-ley-emergencia-creditos-beneficios-impositivos","status":"publish","type":"post","link":"https:\/\/diariotextual.com\/inicio\/index.php\/2020\/07\/02\/hoteleros-reclaman-ley-emergencia-creditos-beneficios-impositivos\/","title":{"rendered":"Hoteleros reclaman Ley de Emergencia, cr\u00e9ditos y beneficios impositivos"},"content":{"rendered":"<article class=\"article-body first\">\n<div class=\"article-content selectionShareable\">\n<div class=\"cuerpo\" data-twitter-link=\"\">\n<p>Empresarios del <strong>sector hotelero y gastron\u00f3mico<\/strong> de todo el pa\u00eds se autoconvocaron para reclamar un\u00a0<strong>mayor apoyo<\/strong>\u00a0del\u00a0Estado Nacional\u00a0y la urgente sanci\u00f3n de una<strong>\u00a0Ley de Emergencia<\/strong>, que incluya beneficios impositivos y crediticios.<\/p>\n<blockquote class=\"wp-embedded-content\" data-secret=\"Hs5oKk4IXE\"><p><a href=\"http:\/\/diariotextual.com\/inicio\/index.php\/2020\/07\/02\/gobierno-difiere-pago-la-energia-electrica-los-hoteles-2021\/\">El Gobierno difiere el pago de la energ\u00eda el\u00e9ctrica de los hoteles para 2021<\/a><\/p><\/blockquote>\n<p><iframe class=\"wp-embedded-content\" sandbox=\"allow-scripts\" security=\"restricted\" style=\"position: absolute; clip: rect(1px, 1px, 1px, 1px);\" src=\"http:\/\/diariotextual.com\/inicio\/index.php\/2020\/07\/02\/gobierno-difiere-pago-la-energia-electrica-los-hoteles-2021\/embed\/#?secret=Hs5oKk4IXE\" data-secret=\"Hs5oKk4IXE\" width=\"600\" height=\"338\" title=\"&#171;El Gobierno difiere el pago de la energ\u00eda el\u00e9ctrica de los hoteles para 2021&#187; &#8212; Diario Textual\" frameborder=\"0\" marginwidth=\"0\" marginheight=\"0\" scrolling=\"no\"><\/iframe><\/p>\n<\/div>\n<p>&nbsp;<\/p>\n<\/div>\n<\/article>\n<article class=\"article-body\">\n<div class=\"article-content selectionShareable\">\n<div class=\"cuerpo\" data-twitter-link=\"\">\n<p>El reclamo, seg\u00fan las empresas, es para que la actividad pueda hacer frente a\u00a0\u00abla profunda\u00a0crisis\u00a0que atraviesa, a causa de la pandemia y el consecuente aislamiento social\u00bb.<\/p>\n<p>La presidente de la\u00a0Federaci\u00f3n Empresaria Hotelera Gastron\u00f3mica de la Rep\u00fablica Argentina\u00a0(FEHGRA),\u00a0Graciela Fresno,\u00a0asegur\u00f3 que\u00a0\u00abel sector est\u00e1 en emergencia. Nuestras empresas dependen en su mayor parte de una actividad que hoy est\u00e1 legalmente prohibida, el turismo, y que no se recuperar\u00e1 r\u00e1pidamente\u00bb.<\/p>\n<p>\u00abNuestros hoteles est\u00e1n cerrados y los establecimientos\u00a0gastron\u00f3micos\u00a0tambi\u00e9n desde hace m\u00e1s de 100 d\u00edas y sin poder avizorar por cu\u00e1nto tiempo m\u00e1s, previendo que la actividad tur\u00edstica no se reactivar\u00e1 este a\u00f1o. Son estas particularidades las que nos hacen pedir al Poder Legislativo que sancione una ley acorde a nuestro panorama cr\u00edtico\u00bb, alert\u00f3 la dirigente.<\/p>\n<\/div>\n<\/div>\n<\/article>\n","protected":false},"excerpt":{"rendered":"<p>Empresarios del sector hotelero y gastron\u00f3mico de todo el pa\u00eds se autoconvocaron para reclamar un\u00a0mayor apoyo\u00a0del\u00a0Estado Nacional\u00a0y la urgente sanci\u00f3n de una\u00a0Ley de Emergencia, que incluya beneficios impositivos y crediticios.&hellip;<\/p>\n","protected":false},"author":7,"featured_media":84151,"comment_status":"closed","ping_status":"open","sticky":false,"template":"","format":"standard","meta":{"_acf_changed":false,"footnotes":""},"categories":[319,5],"tags":[1441,2861],"class_list":["post-99852","post","type-post","status-publish","format-standard","has-post-thumbnail","hentry","category-a-temporales","category-economia","tag-hoteles","tag-pandemia"],"acf":[],"yoast_head":"<!-- This site is optimized with the Yoast SEO plugin v27.4 - https:\/\/yoast.com\/product\/yoast-seo-wordpress\/ -->\n<title>Hoteleros reclaman Ley de Emergencia, cr\u00e9ditos y beneficios impositivos - Diario Textual<\/title>\n<meta name=\"robots\" content=\"index, follow, max-snippet:-1, max-image-preview:large, max-video-preview:-1\" \/>\n<link rel=\"canonical\" href=\"https:\/\/diariotextual.com\/inicio\/index.php\/2020\/07\/02\/hoteleros-reclaman-ley-emergencia-creditos-beneficios-impositivos\/\" \/>\n<meta property=\"og:locale\" content=\"es_ES\" \/>\n<meta property=\"og:type\" content=\"article\" \/>\n<meta property=\"og:title\" content=\"Hoteleros reclaman Ley de Emergencia, cr\u00e9ditos y beneficios impositivos - Diario Textual\" \/>\n<meta property=\"og:description\" content=\"Empresarios del sector hotelero y gastron\u00f3mico de todo el pa\u00eds se autoconvocaron para reclamar un\u00a0mayor apoyo\u00a0del\u00a0Estado Nacional\u00a0y la urgente sanci\u00f3n de una\u00a0Ley de Emergencia, que incluya beneficios impositivos y crediticios.&hellip;\" \/>\n<meta property=\"og:url\" content=\"https:\/\/diariotextual.com\/inicio\/index.php\/2020\/07\/02\/hoteleros-reclaman-ley-emergencia-creditos-beneficios-impositivos\/\" \/>\n<meta property=\"og:site_name\" content=\"Diario Textual\" \/>\n<meta property=\"article:publisher\" content=\"https:\/\/www.facebook.com\/eltextual\" \/>\n<meta property=\"article:published_time\" content=\"2020-07-02T12:21:54+00:00\" \/>\n<meta property=\"article:modified_time\" content=\"2020-07-02T21:59:24+00:00\" \/>\n<meta property=\"og:image\" content=\"https:\/\/diariotextual.com\/inicio\/wp-content\/uploads\/2020\/03\/hotelpasillo.jpg\" \/>\n\t<meta property=\"og:image:width\" content=\"700\" \/>\n\t<meta property=\"og:image:height\" content=\"474\" \/>\n\t<meta property=\"og:image:type\" content=\"image\/jpeg\" \/>\n<meta name=\"author\" content=\"diario5\" \/>\n<meta name=\"twitter:card\" content=\"summary_large_image\" \/>\n<meta name=\"twitter:creator\" content=\"@eltextual\" \/>\n<meta name=\"twitter:site\" content=\"@eltextual\" \/>\n<meta name=\"twitter:label1\" content=\"Escrito por\" \/>\n\t<meta name=\"twitter:data1\" content=\"diario5\" \/>\n\t<meta name=\"twitter:label2\" content=\"Tiempo de lectura\" \/>\n\t<meta name=\"twitter:data2\" content=\"1 minuto\" \/>\n<script type=\"application\/ld+json\" class=\"yoast-schema-graph\">{\"@context\":\"https:\\\/\\\/schema.org\",\"@graph\":[{\"@type\":\"Article\",\"@id\":\"https:\\\/\\\/diariotextual.com\\\/inicio\\\/index.php\\\/2020\\\/07\\\/02\\\/hoteleros-reclaman-ley-emergencia-creditos-beneficios-impositivos\\\/#article\",\"isPartOf\":{\"@id\":\"https:\\\/\\\/diariotextual.com\\\/inicio\\\/index.php\\\/2020\\\/07\\\/02\\\/hoteleros-reclaman-ley-emergencia-creditos-beneficios-impositivos\\\/\"},\"author\":{\"name\":\"diario5\",\"@id\":\"https:\\\/\\\/diariotextual.com\\\/inicio\\\/#\\\/schema\\\/person\\\/c7834961ad8b29b1d9cdbf4571299067\"},\"headline\":\"Hoteleros reclaman Ley de Emergencia, cr\u00e9ditos y beneficios impositivos\",\"datePublished\":\"2020-07-02T12:21:54+00:00\",\"dateModified\":\"2020-07-02T21:59:24+00:00\",\"mainEntityOfPage\":{\"@id\":\"https:\\\/\\\/diariotextual.com\\\/inicio\\\/index.php\\\/2020\\\/07\\\/02\\\/hoteleros-reclaman-ley-emergencia-creditos-beneficios-impositivos\\\/\"},\"wordCount\":200,\"publisher\":{\"@id\":\"https:\\\/\\\/diariotextual.com\\\/inicio\\\/#organization\"},\"image\":{\"@id\":\"https:\\\/\\\/diariotextual.com\\\/inicio\\\/index.php\\\/2020\\\/07\\\/02\\\/hoteleros-reclaman-ley-emergencia-creditos-beneficios-impositivos\\\/#primaryimage\"},\"thumbnailUrl\":\"https:\\\/\\\/diariotextual.com\\\/inicio\\\/wp-content\\\/uploads\\\/2020\\\/03\\\/hotelpasillo.jpg\",\"keywords\":[\"hoteles\",\"pandemia\"],\"articleSection\":[\"A - TEMPORALES\",\"ECONOMIA\"],\"inLanguage\":\"es\"},{\"@type\":\"WebPage\",\"@id\":\"https:\\\/\\\/diariotextual.com\\\/inicio\\\/index.php\\\/2020\\\/07\\\/02\\\/hoteleros-reclaman-ley-emergencia-creditos-beneficios-impositivos\\\/\",\"url\":\"https:\\\/\\\/diariotextual.com\\\/inicio\\\/index.php\\\/2020\\\/07\\\/02\\\/hoteleros-reclaman-ley-emergencia-creditos-beneficios-impositivos\\\/\",\"name\":\"Hoteleros reclaman Ley de Emergencia, cr\u00e9ditos y beneficios impositivos - Diario Textual\",\"isPartOf\":{\"@id\":\"https:\\\/\\\/diariotextual.com\\\/inicio\\\/#website\"},\"primaryImageOfPage\":{\"@id\":\"https:\\\/\\\/diariotextual.com\\\/inicio\\\/index.php\\\/2020\\\/07\\\/02\\\/hoteleros-reclaman-ley-emergencia-creditos-beneficios-impositivos\\\/#primaryimage\"},\"image\":{\"@id\":\"https:\\\/\\\/diariotextual.com\\\/inicio\\\/index.php\\\/2020\\\/07\\\/02\\\/hoteleros-reclaman-ley-emergencia-creditos-beneficios-impositivos\\\/#primaryimage\"},\"thumbnailUrl\":\"https:\\\/\\\/diariotextual.com\\\/inicio\\\/wp-content\\\/uploads\\\/2020\\\/03\\\/hotelpasillo.jpg\",\"datePublished\":\"2020-07-02T12:21:54+00:00\",\"dateModified\":\"2020-07-02T21:59:24+00:00\",\"breadcrumb\":{\"@id\":\"https:\\\/\\\/diariotextual.com\\\/inicio\\\/index.php\\\/2020\\\/07\\\/02\\\/hoteleros-reclaman-ley-emergencia-creditos-beneficios-impositivos\\\/#breadcrumb\"},\"inLanguage\":\"es\",\"potentialAction\":[{\"@type\":\"ReadAction\",\"target\":[\"https:\\\/\\\/diariotextual.com\\\/inicio\\\/index.php\\\/2020\\\/07\\\/02\\\/hoteleros-reclaman-ley-emergencia-creditos-beneficios-impositivos\\\/\"]}]},{\"@type\":\"ImageObject\",\"inLanguage\":\"es\",\"@id\":\"https:\\\/\\\/diariotextual.com\\\/inicio\\\/index.php\\\/2020\\\/07\\\/02\\\/hoteleros-reclaman-ley-emergencia-creditos-beneficios-impositivos\\\/#primaryimage\",\"url\":\"https:\\\/\\\/diariotextual.com\\\/inicio\\\/wp-content\\\/uploads\\\/2020\\\/03\\\/hotelpasillo.jpg\",\"contentUrl\":\"https:\\\/\\\/diariotextual.com\\\/inicio\\\/wp-content\\\/uploads\\\/2020\\\/03\\\/hotelpasillo.jpg\",\"width\":700,\"height\":474},{\"@type\":\"BreadcrumbList\",\"@id\":\"https:\\\/\\\/diariotextual.com\\\/inicio\\\/index.php\\\/2020\\\/07\\\/02\\\/hoteleros-reclaman-ley-emergencia-creditos-beneficios-impositivos\\\/#breadcrumb\",\"itemListElement\":[{\"@type\":\"ListItem\",\"position\":1,\"name\":\"Portada\",\"item\":\"https:\\\/\\\/diariotextual.com\\\/inicio\\\/\"},{\"@type\":\"ListItem\",\"position\":2,\"name\":\"Hoteleros reclaman Ley de Emergencia, cr\u00e9ditos y beneficios impositivos\"}]},{\"@type\":\"WebSite\",\"@id\":\"https:\\\/\\\/diariotextual.com\\\/inicio\\\/#website\",\"url\":\"https:\\\/\\\/diariotextual.com\\\/inicio\\\/\",\"name\":\"Diario Textual\",\"description\":\"\",\"publisher\":{\"@id\":\"https:\\\/\\\/diariotextual.com\\\/inicio\\\/#organization\"},\"potentialAction\":[{\"@type\":\"SearchAction\",\"target\":{\"@type\":\"EntryPoint\",\"urlTemplate\":\"https:\\\/\\\/diariotextual.com\\\/inicio\\\/?s={search_term_string}\"},\"query-input\":{\"@type\":\"PropertyValueSpecification\",\"valueRequired\":true,\"valueName\":\"search_term_string\"}}],\"inLanguage\":\"es\"},{\"@type\":\"Organization\",\"@id\":\"https:\\\/\\\/diariotextual.com\\\/inicio\\\/#organization\",\"name\":\"Diario Textual\",\"url\":\"https:\\\/\\\/diariotextual.com\\\/inicio\\\/\",\"logo\":{\"@type\":\"ImageObject\",\"inLanguage\":\"es\",\"@id\":\"https:\\\/\\\/diariotextual.com\\\/inicio\\\/#\\\/schema\\\/logo\\\/image\\\/\",\"url\":\"https:\\\/\\\/diariotextual.com\\\/inicio\\\/wp-content\\\/uploads\\\/2023\\\/05\\\/logotextual1.jpg\",\"contentUrl\":\"https:\\\/\\\/diariotextual.com\\\/inicio\\\/wp-content\\\/uploads\\\/2023\\\/05\\\/logotextual1.jpg\",\"width\":516,\"height\":76,\"caption\":\"Diario Textual\"},\"image\":{\"@id\":\"https:\\\/\\\/diariotextual.com\\\/inicio\\\/#\\\/schema\\\/logo\\\/image\\\/\"},\"sameAs\":[\"https:\\\/\\\/www.facebook.com\\\/eltextual\",\"https:\\\/\\\/x.com\\\/eltextual\",\"http:\\\/\\\/www.instagram.com\\\/eltextual\"]},{\"@type\":\"Person\",\"@id\":\"https:\\\/\\\/diariotextual.com\\\/inicio\\\/#\\\/schema\\\/person\\\/c7834961ad8b29b1d9cdbf4571299067\",\"name\":\"diario5\",\"image\":{\"@type\":\"ImageObject\",\"inLanguage\":\"es\",\"@id\":\"https:\\\/\\\/secure.gravatar.com\\\/avatar\\\/948c893b847ca6df68216ead81b63f363408ec9b0f600fefc0641ce78613b111?s=96&d=mm&r=g\",\"url\":\"https:\\\/\\\/secure.gravatar.com\\\/avatar\\\/948c893b847ca6df68216ead81b63f363408ec9b0f600fefc0641ce78613b111?s=96&d=mm&r=g\",\"contentUrl\":\"https:\\\/\\\/secure.gravatar.com\\\/avatar\\\/948c893b847ca6df68216ead81b63f363408ec9b0f600fefc0641ce78613b111?s=96&d=mm&r=g\",\"caption\":\"diario5\"},\"url\":\"https:\\\/\\\/diariotextual.com\\\/inicio\\\/index.php\\\/author\\\/diario5\\\/\"}]}<\/script>\n<!-- \/ Yoast SEO plugin. -->","yoast_head_json":{"title":"Hoteleros reclaman Ley de Emergencia, cr\u00e9ditos y beneficios impositivos - Diario Textual","robots":{"index":"index","follow":"follow","max-snippet":"max-snippet:-1","max-image-preview":"max-image-preview:large","max-video-preview":"max-video-preview:-1"},"canonical":"https:\/\/diariotextual.com\/inicio\/index.php\/2020\/07\/02\/hoteleros-reclaman-ley-emergencia-creditos-beneficios-impositivos\/","og_locale":"es_ES","og_type":"article","og_title":"Hoteleros reclaman Ley de Emergencia, cr\u00e9ditos y beneficios impositivos - Diario Textual","og_description":"Empresarios del sector hotelero y gastron\u00f3mico de todo el pa\u00eds se autoconvocaron para reclamar un\u00a0mayor apoyo\u00a0del\u00a0Estado Nacional\u00a0y la urgente sanci\u00f3n de una\u00a0Ley de Emergencia, que incluya beneficios impositivos y crediticios.&hellip;","og_url":"https:\/\/diariotextual.com\/inicio\/index.php\/2020\/07\/02\/hoteleros-reclaman-ley-emergencia-creditos-beneficios-impositivos\/","og_site_name":"Diario Textual","article_publisher":"https:\/\/www.facebook.com\/eltextual","article_published_time":"2020-07-02T12:21:54+00:00","article_modified_time":"2020-07-02T21:59:24+00:00","og_image":[{"width":700,"height":474,"url":"https:\/\/diariotextual.com\/inicio\/wp-content\/uploads\/2020\/03\/hotelpasillo.jpg","type":"image\/jpeg"}],"author":"diario5","twitter_card":"summary_large_image","twitter_creator":"@eltextual","twitter_site":"@eltextual","twitter_misc":{"Escrito por":"diario5","Tiempo de lectura":"1 minuto"},"schema":{"@context":"https:\/\/schema.org","@graph":[{"@type":"Article","@id":"https:\/\/diariotextual.com\/inicio\/index.php\/2020\/07\/02\/hoteleros-reclaman-ley-emergencia-creditos-beneficios-impositivos\/#article","isPartOf":{"@id":"https:\/\/diariotextual.com\/inicio\/index.php\/2020\/07\/02\/hoteleros-reclaman-ley-emergencia-creditos-beneficios-impositivos\/"},"author":{"name":"diario5","@id":"https:\/\/diariotextual.com\/inicio\/#\/schema\/person\/c7834961ad8b29b1d9cdbf4571299067"},"headline":"Hoteleros reclaman Ley de Emergencia, cr\u00e9ditos y beneficios impositivos","datePublished":"2020-07-02T12:21:54+00:00","dateModified":"2020-07-02T21:59:24+00:00","mainEntityOfPage":{"@id":"https:\/\/diariotextual.com\/inicio\/index.php\/2020\/07\/02\/hoteleros-reclaman-ley-emergencia-creditos-beneficios-impositivos\/"},"wordCount":200,"publisher":{"@id":"https:\/\/diariotextual.com\/inicio\/#organization"},"image":{"@id":"https:\/\/diariotextual.com\/inicio\/index.php\/2020\/07\/02\/hoteleros-reclaman-ley-emergencia-creditos-beneficios-impositivos\/#primaryimage"},"thumbnailUrl":"https:\/\/diariotextual.com\/inicio\/wp-content\/uploads\/2020\/03\/hotelpasillo.jpg","keywords":["hoteles","pandemia"],"articleSection":["A - TEMPORALES","ECONOMIA"],"inLanguage":"es"},{"@type":"WebPage","@id":"https:\/\/diariotextual.com\/inicio\/index.php\/2020\/07\/02\/hoteleros-reclaman-ley-emergencia-creditos-beneficios-impositivos\/","url":"https:\/\/diariotextual.com\/inicio\/index.php\/2020\/07\/02\/hoteleros-reclaman-ley-emergencia-creditos-beneficios-impositivos\/","name":"Hoteleros reclaman Ley de Emergencia, cr\u00e9ditos y beneficios impositivos - Diario Textual","isPartOf":{"@id":"https:\/\/diariotextual.com\/inicio\/#website"},"primaryImageOfPage":{"@id":"https:\/\/diariotextual.com\/inicio\/index.php\/2020\/07\/02\/hoteleros-reclaman-ley-emergencia-creditos-beneficios-impositivos\/#primaryimage"},"image":{"@id":"https:\/\/diariotextual.com\/inicio\/index.php\/2020\/07\/02\/hoteleros-reclaman-ley-emergencia-creditos-beneficios-impositivos\/#primaryimage"},"thumbnailUrl":"https:\/\/diariotextual.com\/inicio\/wp-content\/uploads\/2020\/03\/hotelpasillo.jpg","datePublished":"2020-07-02T12:21:54+00:00","dateModified":"2020-07-02T21:59:24+00:00","breadcrumb":{"@id":"https:\/\/diariotextual.com\/inicio\/index.php\/2020\/07\/02\/hoteleros-reclaman-ley-emergencia-creditos-beneficios-impositivos\/#breadcrumb"},"inLanguage":"es","potentialAction":[{"@type":"ReadAction","target":["https:\/\/diariotextual.com\/inicio\/index.php\/2020\/07\/02\/hoteleros-reclaman-ley-emergencia-creditos-beneficios-impositivos\/"]}]},{"@type":"ImageObject","inLanguage":"es","@id":"https:\/\/diariotextual.com\/inicio\/index.php\/2020\/07\/02\/hoteleros-reclaman-ley-emergencia-creditos-beneficios-impositivos\/#primaryimage","url":"https:\/\/diariotextual.com\/inicio\/wp-content\/uploads\/2020\/03\/hotelpasillo.jpg","contentUrl":"https:\/\/diariotextual.com\/inicio\/wp-content\/uploads\/2020\/03\/hotelpasillo.jpg","width":700,"height":474},{"@type":"BreadcrumbList","@id":"https:\/\/diariotextual.com\/inicio\/index.php\/2020\/07\/02\/hoteleros-reclaman-ley-emergencia-creditos-beneficios-impositivos\/#breadcrumb","itemListElement":[{"@type":"ListItem","position":1,"name":"Portada","item":"https:\/\/diariotextual.com\/inicio\/"},{"@type":"ListItem","position":2,"name":"Hoteleros reclaman Ley de Emergencia, cr\u00e9ditos y beneficios impositivos"}]},{"@type":"WebSite","@id":"https:\/\/diariotextual.com\/inicio\/#website","url":"https:\/\/diariotextual.com\/inicio\/","name":"Diario Textual","description":"","publisher":{"@id":"https:\/\/diariotextual.com\/inicio\/#organization"},"potentialAction":[{"@type":"SearchAction","target":{"@type":"EntryPoint","urlTemplate":"https:\/\/diariotextual.com\/inicio\/?s={search_term_string}"},"query-input":{"@type":"PropertyValueSpecification","valueRequired":true,"valueName":"search_term_string"}}],"inLanguage":"es"},{"@type":"Organization","@id":"https:\/\/diariotextual.com\/inicio\/#organization","name":"Diario Textual","url":"https:\/\/diariotextual.com\/inicio\/","logo":{"@type":"ImageObject","inLanguage":"es","@id":"https:\/\/diariotextual.com\/inicio\/#\/schema\/logo\/image\/","url":"https:\/\/diariotextual.com\/inicio\/wp-content\/uploads\/2023\/05\/logotextual1.jpg","contentUrl":"https:\/\/diariotextual.com\/inicio\/wp-content\/uploads\/2023\/05\/logotextual1.jpg","width":516,"height":76,"caption":"Diario Textual"},"image":{"@id":"https:\/\/diariotextual.com\/inicio\/#\/schema\/logo\/image\/"},"sameAs":["https:\/\/www.facebook.com\/eltextual","https:\/\/x.com\/eltextual","http:\/\/www.instagram.com\/eltextual"]},{"@type":"Person","@id":"https:\/\/diariotextual.com\/inicio\/#\/schema\/person\/c7834961ad8b29b1d9cdbf4571299067","name":"diario5","image":{"@type":"ImageObject","inLanguage":"es","@id":"https:\/\/secure.gravatar.com\/avatar\/948c893b847ca6df68216ead81b63f363408ec9b0f600fefc0641ce78613b111?s=96&d=mm&r=g","url":"https:\/\/secure.gravatar.com\/avatar\/948c893b847ca6df68216ead81b63f363408ec9b0f600fefc0641ce78613b111?s=96&d=mm&r=g","contentUrl":"https:\/\/secure.gravatar.com\/avatar\/948c893b847ca6df68216ead81b63f363408ec9b0f600fefc0641ce78613b111?s=96&d=mm&r=g","caption":"diario5"},"url":"https:\/\/diariotextual.com\/inicio\/index.php\/author\/diario5\/"}]}},"_links":{"self":[{"href":"https:\/\/diariotextual.com\/inicio\/index.php\/wp-json\/wp\/v2\/posts\/99852","targetHints":{"allow":["GET"]}}],"collection":[{"href":"https:\/\/diariotextual.com\/inicio\/index.php\/wp-json\/wp\/v2\/posts"}],"about":[{"href":"https:\/\/diariotextual.com\/inicio\/index.php\/wp-json\/wp\/v2\/types\/post"}],"author":[{"embeddable":true,"href":"https:\/\/diariotextual.com\/inicio\/index.php\/wp-json\/wp\/v2\/users\/7"}],"replies":[{"embeddable":true,"href":"https:\/\/diariotextual.com\/inicio\/index.php\/wp-json\/wp\/v2\/comments?post=99852"}],"version-history":[{"count":2,"href":"https:\/\/diariotextual.com\/inicio\/index.php\/wp-json\/wp\/v2\/posts\/99852\/revisions"}],"predecessor-version":[{"id":99930,"href":"https:\/\/diariotextual.com\/inicio\/index.php\/wp-json\/wp\/v2\/posts\/99852\/revisions\/99930"}],"wp:featuredmedia":[{"embeddable":true,"href":"https:\/\/diariotextual.com\/inicio\/index.php\/wp-json\/wp\/v2\/media\/84151"}],"wp:attachment":[{"href":"https:\/\/diariotextual.com\/inicio\/index.php\/wp-json\/wp\/v2\/media?parent=99852"}],"wp:term":[{"taxonomy":"category","embeddable":true,"href":"https:\/\/diariotextual.com\/inicio\/index.php\/wp-json\/wp\/v2\/categories?post=99852"},{"taxonomy":"post_tag","embeddable":true,"href":"https:\/\/diariotextual.com\/inicio\/index.php\/wp-json\/wp\/v2\/tags?post=99852"}],"curies":[{"name":"wp","href":"https:\/\/api.w.org\/{rel}","templated":true}]}}