{"id":99955,"date":"2020-07-03T08:05:30","date_gmt":"2020-07-03T11:05:30","guid":{"rendered":"http:\/\/diariotextual.com\/inicio\/?p=99955"},"modified":"2020-07-03T09:23:30","modified_gmt":"2020-07-03T12:23:30","slug":"acreedores-externos-sospechan-vaciamiento-exijen-vicentin-presente-documentos","status":"publish","type":"post","link":"https:\/\/diariotextual.com\/inicio\/index.php\/2020\/07\/03\/acreedores-externos-sospechan-vaciamiento-exijen-vicentin-presente-documentos\/","title":{"rendered":"Acreedores externos sospechan vaciamiento y exijen a Vicentin que presente documentos"},"content":{"rendered":"<p>Acreedores financieros internacionales de Vicentin pidieron a un tribunal de Nueva York que exija a la empresa agroexportadora que presente documentos que incluyen transferencias electr\u00f3nicas realizadas en los \u00faltimos meses por la compa\u00f1\u00eda y sus filiales en distintos puntos del mundo, como as\u00ed tambi\u00e9n con las transacciones realizadas por sus ejecutivos. La sospecha de ellos es que la firma hizo un <strong>vaciamiento<\/strong>.<\/p>\n<p><strong>La presentaci\u00f3n fue realizada por los bancos internacionales Rabobank, Credit Agricole, ING y la divisi\u00f3n de pr\u00e9stamos privados del Banco Mundial, International Finance Corp<\/strong>, que iniciaron un proceso en los tribunales neoyorquinos tras el proceso de quiebra iniciado por la empresa santafesina.<\/p>\n<p>Los acreedores internacionales de la compa\u00f1\u00eda agroexportadora \u00abdesean acceder a documentos que incluyen copias de transferencias bancarias de Vicentin y de varias filiales\u00bb, inform\u00f3 la agencia de noticias Bloomberg.<\/p>\n<p>En la misma l\u00ednea, tambi\u00e9n solicitaron transacciones por parte de ejecutivos, entre ellos miembros de las familias fundadoras de la compa\u00f1\u00eda.<\/p>\n<p>Seg\u00fan este conjunto de entidades financieras, que apenas se conoci\u00f3 el colapso de la cerealera en los primeros d\u00edas de diciembre formaron el Comit\u00e9 Ad hoc de Acreedores Privados Internacionales de la firma, la deuda que Vicentin mantiene con ellas asciende a los US$ 500 millones, de los US$ 1.350 millones que debe en total a todos sus acreedores.<\/p>\n<p>As\u00ed, el comit\u00e9 directivo quiere que \u00abse revelen documentos para su uso en un procedimiento que est\u00e1 pendiente ante un tribunal argentino y otros procedimientos que se espera que comiencen en un futuro pr\u00f3ximo ante tribunales de Argentina\u00bb, dijeron los abogados que representan a los bancos en la solicitud.<\/p>\n<p>\u00abLos miembros del comit\u00e9 directivo, como mayor grupo de acreedores de Vicentin, son partes interesadas en esos procedimientos, con plenos derechos de participaci\u00f3n\u00bb, a\u00f1adieron.<\/p>\n<p>La solicitud de documentos abarca datos desde principios de 2017 hasta la fecha actual, seg\u00fan el expediente del 29 de junio, y concierne a Vicentin y sus filiales, entre ellas negocios en Paraguay y Europa, as\u00ed como Renova SA, una empresa conjunta que la compa\u00f1\u00eda tiene con el negocio agr\u00edcola de Glencore Plc, el mayor comerciante de materias primas del mundo.<\/p>\n<p>Los bancos, que incluyen Natixis y el banco de desarrollo holand\u00e9s FMO, tambi\u00e9n solicitaron informaci\u00f3n de gerentes y miembros de las familias fundadoras, entre ellos Sergio Roberto Vicentin, Pedro Germ\u00e1n Vicentin y Roberto Oscar Vicentin.<\/p>\n<p>La solicitud se realiz\u00f3 tras un requerimiento anterior en febrero, mientras que un portavoz de Vicentin dijo \u00abque no estaba al tanto de una segunda ronda de solicitudes, pero enfatiz\u00f3 que la empresa ha cumplido completamente con el proceso de descubrimiento hasta el momento\u00bb, indic\u00f3 la agencia.<\/p>\n<p>&nbsp;<\/p>\n","protected":false},"excerpt":{"rendered":"<p>Acreedores financieros internacionales de Vicentin pidieron a un tribunal de Nueva York que exija a la empresa agroexportadora que presente documentos que incluyen transferencias electr\u00f3nicas realizadas en los \u00faltimos meses&hellip;<\/p>\n","protected":false},"author":3,"featured_media":98974,"comment_status":"closed","ping_status":"open","sticky":false,"template":"","format":"standard","meta":{"_acf_changed":false,"footnotes":""},"categories":[11,5],"tags":[2723],"class_list":["post-99955","post","type-post","status-publish","format-standard","has-post-thumbnail","hentry","category-que-pasa","category-economia","tag-vicentin"],"acf":[],"yoast_head":"<!-- This site is optimized with the Yoast SEO plugin v27.4 - https:\/\/yoast.com\/product\/yoast-seo-wordpress\/ -->\n<title>Acreedores externos sospechan vaciamiento y exijen a Vicentin que presente documentos - Diario Textual<\/title>\n<meta name=\"robots\" content=\"index, follow, max-snippet:-1, max-image-preview:large, max-video-preview:-1\" \/>\n<link rel=\"canonical\" href=\"https:\/\/diariotextual.com\/inicio\/index.php\/2020\/07\/03\/acreedores-externos-sospechan-vaciamiento-exijen-vicentin-presente-documentos\/\" \/>\n<meta property=\"og:locale\" content=\"es_ES\" \/>\n<meta property=\"og:type\" content=\"article\" \/>\n<meta property=\"og:title\" content=\"Acreedores externos sospechan vaciamiento y exijen a Vicentin que presente documentos - Diario Textual\" \/>\n<meta property=\"og:description\" content=\"Acreedores financieros internacionales de Vicentin pidieron a un tribunal de Nueva York que exija a la empresa agroexportadora que presente documentos que incluyen transferencias electr\u00f3nicas realizadas en los \u00faltimos meses&hellip;\" \/>\n<meta property=\"og:url\" content=\"https:\/\/diariotextual.com\/inicio\/index.php\/2020\/07\/03\/acreedores-externos-sospechan-vaciamiento-exijen-vicentin-presente-documentos\/\" \/>\n<meta property=\"og:site_name\" content=\"Diario Textual\" \/>\n<meta property=\"article:publisher\" content=\"https:\/\/www.facebook.com\/eltextual\" \/>\n<meta property=\"article:published_time\" content=\"2020-07-03T11:05:30+00:00\" \/>\n<meta property=\"article:modified_time\" content=\"2020-07-03T12:23:30+00:00\" \/>\n<meta property=\"og:image\" content=\"https:\/\/diariotextual.com\/inicio\/wp-content\/uploads\/2020\/06\/vicentintelam2020-10.jpg\" \/>\n\t<meta property=\"og:image:width\" content=\"1045\" \/>\n\t<meta property=\"og:image:height\" content=\"768\" \/>\n\t<meta property=\"og:image:type\" content=\"image\/jpeg\" \/>\n<meta name=\"author\" content=\"Diario1 Diario1\" \/>\n<meta name=\"twitter:card\" content=\"summary_large_image\" \/>\n<meta name=\"twitter:creator\" content=\"@eltextual\" \/>\n<meta name=\"twitter:site\" content=\"@eltextual\" \/>\n<meta name=\"twitter:label1\" content=\"Escrito por\" \/>\n\t<meta name=\"twitter:data1\" content=\"Diario1 Diario1\" \/>\n\t<meta name=\"twitter:label2\" content=\"Tiempo de lectura\" \/>\n\t<meta name=\"twitter:data2\" content=\"2 minutos\" \/>\n<script type=\"application\/ld+json\" class=\"yoast-schema-graph\">{\"@context\":\"https:\\\/\\\/schema.org\",\"@graph\":[{\"@type\":\"Article\",\"@id\":\"https:\\\/\\\/diariotextual.com\\\/inicio\\\/index.php\\\/2020\\\/07\\\/03\\\/acreedores-externos-sospechan-vaciamiento-exijen-vicentin-presente-documentos\\\/#article\",\"isPartOf\":{\"@id\":\"https:\\\/\\\/diariotextual.com\\\/inicio\\\/index.php\\\/2020\\\/07\\\/03\\\/acreedores-externos-sospechan-vaciamiento-exijen-vicentin-presente-documentos\\\/\"},\"author\":{\"name\":\"Diario1 Diario1\",\"@id\":\"https:\\\/\\\/diariotextual.com\\\/inicio\\\/#\\\/schema\\\/person\\\/418fc4093c33e86ed41562db3508f958\"},\"headline\":\"Acreedores externos sospechan vaciamiento y exijen a Vicentin que presente documentos\",\"datePublished\":\"2020-07-03T11:05:30+00:00\",\"dateModified\":\"2020-07-03T12:23:30+00:00\",\"mainEntityOfPage\":{\"@id\":\"https:\\\/\\\/diariotextual.com\\\/inicio\\\/index.php\\\/2020\\\/07\\\/03\\\/acreedores-externos-sospechan-vaciamiento-exijen-vicentin-presente-documentos\\\/\"},\"wordCount\":459,\"publisher\":{\"@id\":\"https:\\\/\\\/diariotextual.com\\\/inicio\\\/#organization\"},\"image\":{\"@id\":\"https:\\\/\\\/diariotextual.com\\\/inicio\\\/index.php\\\/2020\\\/07\\\/03\\\/acreedores-externos-sospechan-vaciamiento-exijen-vicentin-presente-documentos\\\/#primaryimage\"},\"thumbnailUrl\":\"https:\\\/\\\/diariotextual.com\\\/inicio\\\/wp-content\\\/uploads\\\/2020\\\/06\\\/vicentintelam2020-10.jpg\",\"keywords\":[\"vicentin\"],\"articleSection\":[\"A - QUE PASA (al costado)\",\"ECONOMIA\"],\"inLanguage\":\"es\"},{\"@type\":\"WebPage\",\"@id\":\"https:\\\/\\\/diariotextual.com\\\/inicio\\\/index.php\\\/2020\\\/07\\\/03\\\/acreedores-externos-sospechan-vaciamiento-exijen-vicentin-presente-documentos\\\/\",\"url\":\"https:\\\/\\\/diariotextual.com\\\/inicio\\\/index.php\\\/2020\\\/07\\\/03\\\/acreedores-externos-sospechan-vaciamiento-exijen-vicentin-presente-documentos\\\/\",\"name\":\"Acreedores externos sospechan vaciamiento y exijen a Vicentin que presente documentos - Diario Textual\",\"isPartOf\":{\"@id\":\"https:\\\/\\\/diariotextual.com\\\/inicio\\\/#website\"},\"primaryImageOfPage\":{\"@id\":\"https:\\\/\\\/diariotextual.com\\\/inicio\\\/index.php\\\/2020\\\/07\\\/03\\\/acreedores-externos-sospechan-vaciamiento-exijen-vicentin-presente-documentos\\\/#primaryimage\"},\"image\":{\"@id\":\"https:\\\/\\\/diariotextual.com\\\/inicio\\\/index.php\\\/2020\\\/07\\\/03\\\/acreedores-externos-sospechan-vaciamiento-exijen-vicentin-presente-documentos\\\/#primaryimage\"},\"thumbnailUrl\":\"https:\\\/\\\/diariotextual.com\\\/inicio\\\/wp-content\\\/uploads\\\/2020\\\/06\\\/vicentintelam2020-10.jpg\",\"datePublished\":\"2020-07-03T11:05:30+00:00\",\"dateModified\":\"2020-07-03T12:23:30+00:00\",\"breadcrumb\":{\"@id\":\"https:\\\/\\\/diariotextual.com\\\/inicio\\\/index.php\\\/2020\\\/07\\\/03\\\/acreedores-externos-sospechan-vaciamiento-exijen-vicentin-presente-documentos\\\/#breadcrumb\"},\"inLanguage\":\"es\",\"potentialAction\":[{\"@type\":\"ReadAction\",\"target\":[\"https:\\\/\\\/diariotextual.com\\\/inicio\\\/index.php\\\/2020\\\/07\\\/03\\\/acreedores-externos-sospechan-vaciamiento-exijen-vicentin-presente-documentos\\\/\"]}]},{\"@type\":\"ImageObject\",\"inLanguage\":\"es\",\"@id\":\"https:\\\/\\\/diariotextual.com\\\/inicio\\\/index.php\\\/2020\\\/07\\\/03\\\/acreedores-externos-sospechan-vaciamiento-exijen-vicentin-presente-documentos\\\/#primaryimage\",\"url\":\"https:\\\/\\\/diariotextual.com\\\/inicio\\\/wp-content\\\/uploads\\\/2020\\\/06\\\/vicentintelam2020-10.jpg\",\"contentUrl\":\"https:\\\/\\\/diariotextual.com\\\/inicio\\\/wp-content\\\/uploads\\\/2020\\\/06\\\/vicentintelam2020-10.jpg\",\"width\":1045,\"height\":768,\"caption\":\"Buenos Aires:Organizaciones sociales, sindicales y trabajadores del Frigor\u00edfico Penta, llevan a cabo una jornada de lucha y difusi\u00f3n, en la rotonda de Pasco, partido de Quilmes, en favor de la expropiaci\u00f3n e intervenci\u00f3n de Vicentin. Foto: Carlos Brigo\\\/T\u00e9lam\\\/cbri 24062020\"},{\"@type\":\"BreadcrumbList\",\"@id\":\"https:\\\/\\\/diariotextual.com\\\/inicio\\\/index.php\\\/2020\\\/07\\\/03\\\/acreedores-externos-sospechan-vaciamiento-exijen-vicentin-presente-documentos\\\/#breadcrumb\",\"itemListElement\":[{\"@type\":\"ListItem\",\"position\":1,\"name\":\"Portada\",\"item\":\"https:\\\/\\\/diariotextual.com\\\/inicio\\\/\"},{\"@type\":\"ListItem\",\"position\":2,\"name\":\"Acreedores externos sospechan vaciamiento y exijen a Vicentin que presente documentos\"}]},{\"@type\":\"WebSite\",\"@id\":\"https:\\\/\\\/diariotextual.com\\\/inicio\\\/#website\",\"url\":\"https:\\\/\\\/diariotextual.com\\\/inicio\\\/\",\"name\":\"Diario Textual\",\"description\":\"\",\"publisher\":{\"@id\":\"https:\\\/\\\/diariotextual.com\\\/inicio\\\/#organization\"},\"potentialAction\":[{\"@type\":\"SearchAction\",\"target\":{\"@type\":\"EntryPoint\",\"urlTemplate\":\"https:\\\/\\\/diariotextual.com\\\/inicio\\\/?s={search_term_string}\"},\"query-input\":{\"@type\":\"PropertyValueSpecification\",\"valueRequired\":true,\"valueName\":\"search_term_string\"}}],\"inLanguage\":\"es\"},{\"@type\":\"Organization\",\"@id\":\"https:\\\/\\\/diariotextual.com\\\/inicio\\\/#organization\",\"name\":\"Diario Textual\",\"url\":\"https:\\\/\\\/diariotextual.com\\\/inicio\\\/\",\"logo\":{\"@type\":\"ImageObject\",\"inLanguage\":\"es\",\"@id\":\"https:\\\/\\\/diariotextual.com\\\/inicio\\\/#\\\/schema\\\/logo\\\/image\\\/\",\"url\":\"https:\\\/\\\/diariotextual.com\\\/inicio\\\/wp-content\\\/uploads\\\/2023\\\/05\\\/logotextual1.jpg\",\"contentUrl\":\"https:\\\/\\\/diariotextual.com\\\/inicio\\\/wp-content\\\/uploads\\\/2023\\\/05\\\/logotextual1.jpg\",\"width\":516,\"height\":76,\"caption\":\"Diario Textual\"},\"image\":{\"@id\":\"https:\\\/\\\/diariotextual.com\\\/inicio\\\/#\\\/schema\\\/logo\\\/image\\\/\"},\"sameAs\":[\"https:\\\/\\\/www.facebook.com\\\/eltextual\",\"https:\\\/\\\/x.com\\\/eltextual\",\"http:\\\/\\\/www.instagram.com\\\/eltextual\"]},{\"@type\":\"Person\",\"@id\":\"https:\\\/\\\/diariotextual.com\\\/inicio\\\/#\\\/schema\\\/person\\\/418fc4093c33e86ed41562db3508f958\",\"name\":\"Diario1 Diario1\",\"image\":{\"@type\":\"ImageObject\",\"inLanguage\":\"es\",\"@id\":\"https:\\\/\\\/secure.gravatar.com\\\/avatar\\\/9167d280179c85bc18be67aa7eda765854300033af4896dd779b608640f2ef7a?s=96&d=mm&r=g\",\"url\":\"https:\\\/\\\/secure.gravatar.com\\\/avatar\\\/9167d280179c85bc18be67aa7eda765854300033af4896dd779b608640f2ef7a?s=96&d=mm&r=g\",\"contentUrl\":\"https:\\\/\\\/secure.gravatar.com\\\/avatar\\\/9167d280179c85bc18be67aa7eda765854300033af4896dd779b608640f2ef7a?s=96&d=mm&r=g\",\"caption\":\"Diario1 Diario1\"},\"url\":\"https:\\\/\\\/diariotextual.com\\\/inicio\\\/index.php\\\/author\\\/diario1\\\/\"}]}<\/script>\n<!-- \/ Yoast SEO plugin. -->","yoast_head_json":{"title":"Acreedores externos sospechan vaciamiento y exijen a Vicentin que presente documentos - Diario Textual","robots":{"index":"index","follow":"follow","max-snippet":"max-snippet:-1","max-image-preview":"max-image-preview:large","max-video-preview":"max-video-preview:-1"},"canonical":"https:\/\/diariotextual.com\/inicio\/index.php\/2020\/07\/03\/acreedores-externos-sospechan-vaciamiento-exijen-vicentin-presente-documentos\/","og_locale":"es_ES","og_type":"article","og_title":"Acreedores externos sospechan vaciamiento y exijen a Vicentin que presente documentos - Diario Textual","og_description":"Acreedores financieros internacionales de Vicentin pidieron a un tribunal de Nueva York que exija a la empresa agroexportadora que presente documentos que incluyen transferencias electr\u00f3nicas realizadas en los \u00faltimos meses&hellip;","og_url":"https:\/\/diariotextual.com\/inicio\/index.php\/2020\/07\/03\/acreedores-externos-sospechan-vaciamiento-exijen-vicentin-presente-documentos\/","og_site_name":"Diario Textual","article_publisher":"https:\/\/www.facebook.com\/eltextual","article_published_time":"2020-07-03T11:05:30+00:00","article_modified_time":"2020-07-03T12:23:30+00:00","og_image":[{"width":1045,"height":768,"url":"https:\/\/diariotextual.com\/inicio\/wp-content\/uploads\/2020\/06\/vicentintelam2020-10.jpg","type":"image\/jpeg"}],"author":"Diario1 Diario1","twitter_card":"summary_large_image","twitter_creator":"@eltextual","twitter_site":"@eltextual","twitter_misc":{"Escrito por":"Diario1 Diario1","Tiempo de lectura":"2 minutos"},"schema":{"@context":"https:\/\/schema.org","@graph":[{"@type":"Article","@id":"https:\/\/diariotextual.com\/inicio\/index.php\/2020\/07\/03\/acreedores-externos-sospechan-vaciamiento-exijen-vicentin-presente-documentos\/#article","isPartOf":{"@id":"https:\/\/diariotextual.com\/inicio\/index.php\/2020\/07\/03\/acreedores-externos-sospechan-vaciamiento-exijen-vicentin-presente-documentos\/"},"author":{"name":"Diario1 Diario1","@id":"https:\/\/diariotextual.com\/inicio\/#\/schema\/person\/418fc4093c33e86ed41562db3508f958"},"headline":"Acreedores externos sospechan vaciamiento y exijen a Vicentin que presente documentos","datePublished":"2020-07-03T11:05:30+00:00","dateModified":"2020-07-03T12:23:30+00:00","mainEntityOfPage":{"@id":"https:\/\/diariotextual.com\/inicio\/index.php\/2020\/07\/03\/acreedores-externos-sospechan-vaciamiento-exijen-vicentin-presente-documentos\/"},"wordCount":459,"publisher":{"@id":"https:\/\/diariotextual.com\/inicio\/#organization"},"image":{"@id":"https:\/\/diariotextual.com\/inicio\/index.php\/2020\/07\/03\/acreedores-externos-sospechan-vaciamiento-exijen-vicentin-presente-documentos\/#primaryimage"},"thumbnailUrl":"https:\/\/diariotextual.com\/inicio\/wp-content\/uploads\/2020\/06\/vicentintelam2020-10.jpg","keywords":["vicentin"],"articleSection":["A - QUE PASA (al costado)","ECONOMIA"],"inLanguage":"es"},{"@type":"WebPage","@id":"https:\/\/diariotextual.com\/inicio\/index.php\/2020\/07\/03\/acreedores-externos-sospechan-vaciamiento-exijen-vicentin-presente-documentos\/","url":"https:\/\/diariotextual.com\/inicio\/index.php\/2020\/07\/03\/acreedores-externos-sospechan-vaciamiento-exijen-vicentin-presente-documentos\/","name":"Acreedores externos sospechan vaciamiento y exijen a Vicentin que presente documentos - Diario Textual","isPartOf":{"@id":"https:\/\/diariotextual.com\/inicio\/#website"},"primaryImageOfPage":{"@id":"https:\/\/diariotextual.com\/inicio\/index.php\/2020\/07\/03\/acreedores-externos-sospechan-vaciamiento-exijen-vicentin-presente-documentos\/#primaryimage"},"image":{"@id":"https:\/\/diariotextual.com\/inicio\/index.php\/2020\/07\/03\/acreedores-externos-sospechan-vaciamiento-exijen-vicentin-presente-documentos\/#primaryimage"},"thumbnailUrl":"https:\/\/diariotextual.com\/inicio\/wp-content\/uploads\/2020\/06\/vicentintelam2020-10.jpg","datePublished":"2020-07-03T11:05:30+00:00","dateModified":"2020-07-03T12:23:30+00:00","breadcrumb":{"@id":"https:\/\/diariotextual.com\/inicio\/index.php\/2020\/07\/03\/acreedores-externos-sospechan-vaciamiento-exijen-vicentin-presente-documentos\/#breadcrumb"},"inLanguage":"es","potentialAction":[{"@type":"ReadAction","target":["https:\/\/diariotextual.com\/inicio\/index.php\/2020\/07\/03\/acreedores-externos-sospechan-vaciamiento-exijen-vicentin-presente-documentos\/"]}]},{"@type":"ImageObject","inLanguage":"es","@id":"https:\/\/diariotextual.com\/inicio\/index.php\/2020\/07\/03\/acreedores-externos-sospechan-vaciamiento-exijen-vicentin-presente-documentos\/#primaryimage","url":"https:\/\/diariotextual.com\/inicio\/wp-content\/uploads\/2020\/06\/vicentintelam2020-10.jpg","contentUrl":"https:\/\/diariotextual.com\/inicio\/wp-content\/uploads\/2020\/06\/vicentintelam2020-10.jpg","width":1045,"height":768,"caption":"Buenos Aires:Organizaciones sociales, sindicales y trabajadores del Frigor\u00edfico Penta, llevan a cabo una jornada de lucha y difusi\u00f3n, en la rotonda de Pasco, partido de Quilmes, en favor de la expropiaci\u00f3n e intervenci\u00f3n de Vicentin. Foto: Carlos Brigo\/T\u00e9lam\/cbri 24062020"},{"@type":"BreadcrumbList","@id":"https:\/\/diariotextual.com\/inicio\/index.php\/2020\/07\/03\/acreedores-externos-sospechan-vaciamiento-exijen-vicentin-presente-documentos\/#breadcrumb","itemListElement":[{"@type":"ListItem","position":1,"name":"Portada","item":"https:\/\/diariotextual.com\/inicio\/"},{"@type":"ListItem","position":2,"name":"Acreedores externos sospechan vaciamiento y exijen a Vicentin que presente documentos"}]},{"@type":"WebSite","@id":"https:\/\/diariotextual.com\/inicio\/#website","url":"https:\/\/diariotextual.com\/inicio\/","name":"Diario Textual","description":"","publisher":{"@id":"https:\/\/diariotextual.com\/inicio\/#organization"},"potentialAction":[{"@type":"SearchAction","target":{"@type":"EntryPoint","urlTemplate":"https:\/\/diariotextual.com\/inicio\/?s={search_term_string}"},"query-input":{"@type":"PropertyValueSpecification","valueRequired":true,"valueName":"search_term_string"}}],"inLanguage":"es"},{"@type":"Organization","@id":"https:\/\/diariotextual.com\/inicio\/#organization","name":"Diario Textual","url":"https:\/\/diariotextual.com\/inicio\/","logo":{"@type":"ImageObject","inLanguage":"es","@id":"https:\/\/diariotextual.com\/inicio\/#\/schema\/logo\/image\/","url":"https:\/\/diariotextual.com\/inicio\/wp-content\/uploads\/2023\/05\/logotextual1.jpg","contentUrl":"https:\/\/diariotextual.com\/inicio\/wp-content\/uploads\/2023\/05\/logotextual1.jpg","width":516,"height":76,"caption":"Diario Textual"},"image":{"@id":"https:\/\/diariotextual.com\/inicio\/#\/schema\/logo\/image\/"},"sameAs":["https:\/\/www.facebook.com\/eltextual","https:\/\/x.com\/eltextual","http:\/\/www.instagram.com\/eltextual"]},{"@type":"Person","@id":"https:\/\/diariotextual.com\/inicio\/#\/schema\/person\/418fc4093c33e86ed41562db3508f958","name":"Diario1 Diario1","image":{"@type":"ImageObject","inLanguage":"es","@id":"https:\/\/secure.gravatar.com\/avatar\/9167d280179c85bc18be67aa7eda765854300033af4896dd779b608640f2ef7a?s=96&d=mm&r=g","url":"https:\/\/secure.gravatar.com\/avatar\/9167d280179c85bc18be67aa7eda765854300033af4896dd779b608640f2ef7a?s=96&d=mm&r=g","contentUrl":"https:\/\/secure.gravatar.com\/avatar\/9167d280179c85bc18be67aa7eda765854300033af4896dd779b608640f2ef7a?s=96&d=mm&r=g","caption":"Diario1 Diario1"},"url":"https:\/\/diariotextual.com\/inicio\/index.php\/author\/diario1\/"}]}},"_links":{"self":[{"href":"https:\/\/diariotextual.com\/inicio\/index.php\/wp-json\/wp\/v2\/posts\/99955","targetHints":{"allow":["GET"]}}],"collection":[{"href":"https:\/\/diariotextual.com\/inicio\/index.php\/wp-json\/wp\/v2\/posts"}],"about":[{"href":"https:\/\/diariotextual.com\/inicio\/index.php\/wp-json\/wp\/v2\/types\/post"}],"author":[{"embeddable":true,"href":"https:\/\/diariotextual.com\/inicio\/index.php\/wp-json\/wp\/v2\/users\/3"}],"replies":[{"embeddable":true,"href":"https:\/\/diariotextual.com\/inicio\/index.php\/wp-json\/wp\/v2\/comments?post=99955"}],"version-history":[{"count":1,"href":"https:\/\/diariotextual.com\/inicio\/index.php\/wp-json\/wp\/v2\/posts\/99955\/revisions"}],"predecessor-version":[{"id":99956,"href":"https:\/\/diariotextual.com\/inicio\/index.php\/wp-json\/wp\/v2\/posts\/99955\/revisions\/99956"}],"wp:featuredmedia":[{"embeddable":true,"href":"https:\/\/diariotextual.com\/inicio\/index.php\/wp-json\/wp\/v2\/media\/98974"}],"wp:attachment":[{"href":"https:\/\/diariotextual.com\/inicio\/index.php\/wp-json\/wp\/v2\/media?parent=99955"}],"wp:term":[{"taxonomy":"category","embeddable":true,"href":"https:\/\/diariotextual.com\/inicio\/index.php\/wp-json\/wp\/v2\/categories?post=99955"},{"taxonomy":"post_tag","embeddable":true,"href":"https:\/\/diariotextual.com\/inicio\/index.php\/wp-json\/wp\/v2\/tags?post=99955"}],"curies":[{"name":"wp","href":"https:\/\/api.w.org\/{rel}","templated":true}]}}